{"id":101275,"date":"2025-11-27T08:04:09","date_gmt":"2025-11-27T08:04:09","guid":{"rendered":"https:\/\/www.europesays.com\/fi\/101275\/"},"modified":"2025-11-27T08:04:09","modified_gmt":"2025-11-27T08:04:09","slug":"veden-aarella-eletaan-onnellisemmin-ja-pidempaan-tutkimus-sanoo","status":"publish","type":"post","link":"https:\/\/www.europesays.com\/fi\/101275\/","title":{"rendered":"Veden \u00e4\u00e4rell\u00e4 elet\u00e4\u00e4n onnellisemmin ja pidemp\u00e4\u00e4n, tutkimus sanoo"},"content":{"rendered":"<p>\n  Tutkimustulokset ovat osoittaneet, ett\u00e4 stressi, ahdistus ja sairauksien riskitekij\u00e4t v\u00e4henev\u00e4t veden \u00e4\u00e4rell\u00e4.<\/p>\n<p>Vuonna 2013 Sussexin yliopiston tutkijat pyysiv\u00e4t 20\u2009000 ihmist\u00e4 rekister\u00f6im\u00e4\u00e4n tunnetilansa satunnaisiin aikoihin. Tutkijat saivat yli miljoona vastausta, ja niiden analysointi osoitti, ett\u00e4 ihmiset olivat onnellisimmillaan silloin, kun he olivat veden \u00e4\u00e4rell\u00e4.<\/p>\n<p>Sittemmin monet tutkimukset ovat vahvistaneet, ett\u00e4 ihmisten stressi, ahdistus ja monet sairauksien riskitekij\u00e4t laskevat vesist\u00f6jen l\u00e4hell\u00e4. <\/p>\n<p>Nyt tuore tutkimus \u00adOhion osavaltioyliopistosta osoittaa, ett\u00e4 vesist\u00f6ill\u00e4 on eroja, ainakin, mit\u00e4 tulee elinajanodotteeseen. V\u00e4est\u00f6tason tutkimuksessa verrattiin ihmisten elinajanodotetta siihen, miten l\u00e4hell\u00e4 he eliv\u00e4t jotakin vesist\u00f6\u00e4. <\/p>\n<p>Pitk\u00e4 el\u00e4m\u00e4 veden \u00e4\u00e4rell\u00e4<\/p>\n<p>Tulokset osoittivat, ett\u00e4 jos haluaa el\u00e4\u00e4 pitk\u00e4n el\u00e4m\u00e4n, paras paikka siihen on v\u00e4hint\u00e4\u00e4n 50 kilometri\u00e4 merenrannasta. L\u00e4hell\u00e4 merta ihmisten elinajan\u00adodote oli noin 78 vuotta. Sen \u00adsijaan sis\u00e4maassa l\u00e4hell\u00e4 vesist\u00f6\u00e4kin el\u00e4vien elinajan\u00adodote oli vuoden v\u00e4hemm\u00e4n.<\/p>\n<p>Mik\u00e4 selitt\u00e4\u00e4 eron? Tutkijoiden mukaan moni tekij\u00e4 vaikuttaa vastaukseen, mutta merenrannalla asumisella on kaksi etua sis\u00e4maahan n\u00e4hden. Merell\u00e4 tuulee l\u00e4hes aina, joten ilma on puhtaampaa ja meren rannalla on v\u00e4hemm\u00e4n hellep\u00e4ivi\u00e4 kuin \u00adsis\u00e4maassa.<\/p>\n<p>Tutkijat eiv\u00e4t osanneet odottaa n\u00e4in selv\u00e4\u00e4 eroa meren ja sis\u00e4\u00admaan vesist\u00f6jen v\u00e4lill\u00e4. \u00adTulos ei kuitenkaan \u00adtarkoita, \u00adetteik\u00f6 sis\u00e4maan vesist\u00f6ill\u00e4 olisi suotuisia terveysvaikutuksia, mutta merell\u00e4 on \u00adniit\u00e4 enemm\u00e4n.<\/p>\n<p><a href=\"https:\/\/seura.fi\/terveys\/hyvinvointi\/jarjesta-kokous-kesalla-ulkona-luonnossa-oleilu-parantaa-keskittymiskykya-ja-torjuu-stressia\/\" rel=\"nofollow noopener\" target=\"_blank\">Lue my\u00f6s: Jos haluat voida paremmin, keskeyt\u00e4 ty\u00f6p\u00e4iv\u00e4si happihyppelyll\u00e4 \u2013 Luonnossa keskittymiskyky paranee ja stressi v\u00e4henee<\/a><\/p>\n","protected":false},"excerpt":{"rendered":"Tutkimustulokset ovat osoittaneet, ett\u00e4 stressi, ahdistus ja sairauksien riskitekij\u00e4t v\u00e4henev\u00e4t veden \u00e4\u00e4rell\u00e4. Vuonna 2013 Sussexin yliopiston tutkijat pyysiv\u00e4t&hellip;\n","protected":false},"author":2,"featured_media":101276,"comment_status":"","ping_status":"","sticky":false,"template":"","format":"standard","meta":{"footnotes":""},"categories":[117],"tags":[428,9807,33,31,30,72,476,5771,118,1458,32,119,872,477],"class_list":{"0":"post-101275","1":"post","2":"type-post","3":"status-publish","4":"format-standard","5":"has-post-thumbnail","7":"category-luonto","8":"tag-ahdistus","9":"tag-elinika","10":"tag-fi","11":"tag-finland","12":"tag-finnish","13":"tag-luonto","14":"tag-nature","15":"tag-onnellisuus","16":"tag-science","17":"tag-stressi","18":"tag-suomi","19":"tag-tiede","20":"tag-vesistot","21":"tag-wildlife"},"share_on_mastodon":{"url":"https:\/\/pubeurope.com\/@fi\/115620627338881395","error":""},"_links":{"self":[{"href":"https:\/\/www.europesays.com\/fi\/wp-json\/wp\/v2\/posts\/101275","targetHints":{"allow":["GET"]}}],"collection":[{"href":"https:\/\/www.europesays.com\/fi\/wp-json\/wp\/v2\/posts"}],"about":[{"href":"https:\/\/www.europesays.com\/fi\/wp-json\/wp\/v2\/types\/post"}],"author":[{"embeddable":true,"href":"https:\/\/www.europesays.com\/fi\/wp-json\/wp\/v2\/users\/2"}],"replies":[{"embeddable":true,"href":"https:\/\/www.europesays.com\/fi\/wp-json\/wp\/v2\/comments?post=101275"}],"version-history":[{"count":0,"href":"https:\/\/www.europesays.com\/fi\/wp-json\/wp\/v2\/posts\/101275\/revisions"}],"wp:featuredmedia":[{"embeddable":true,"href":"https:\/\/www.europesays.com\/fi\/wp-json\/wp\/v2\/media\/101276"}],"wp:attachment":[{"href":"https:\/\/www.europesays.com\/fi\/wp-json\/wp\/v2\/media?parent=101275"}],"wp:term":[{"taxonomy":"category","embeddable":true,"href":"https:\/\/www.europesays.com\/fi\/wp-json\/wp\/v2\/categories?post=101275"},{"taxonomy":"post_tag","embeddable":true,"href":"https:\/\/www.europesays.com\/fi\/wp-json\/wp\/v2\/tags?post=101275"}],"curies":[{"name":"wp","href":"https:\/\/api.w.org\/{rel}","templated":true}]}}