{"id":101297,"date":"2025-11-27T08:29:08","date_gmt":"2025-11-27T08:29:08","guid":{"rendered":"https:\/\/www.europesays.com\/fi\/101297\/"},"modified":"2025-11-27T08:29:08","modified_gmt":"2025-11-27T08:29:08","slug":"stranger-thingsin-viides-ja-viimeinen-kausi-kaatoi-netflixin","status":"publish","type":"post","link":"https:\/\/www.europesays.com\/fi\/101297\/","title":{"rendered":"Stranger Thingsin viides ja viimeinen kausi kaatoi Netflixin"},"content":{"rendered":"<p>Televisio|Suosikkisarjan vihoviimeinen jakso on luvassa uudenvuodeny\u00f6n\u00e4.<\/p>\n<p>Lue tiivistelm\u00e4<\/p>\n<p>Tiivistelm\u00e4 on teko\u00e4lyn tekem\u00e4 ja ihmisen tarkistama.<\/p>\n<p class=\"article-body mb-nof-24 px-nof-16 sndp-summary-bullet-point-font\">Suositun Stranger Things -sarjan viimeinen kausi k\u00e4ynnistyi keskiviikkona ja kaatoi Netflixin hetkeksi valtavan katsojam\u00e4\u00e4r\u00e4n vuoksi.<\/p>\n<p class=\"article-body mb-nof-24 px-nof-16 sndp-summary-bullet-point-font\">Suoratoistopalvelu saatiin toimimaan kolmen minuutin kuluttua, mutta joillakin k\u00e4ytt\u00e4jill\u00e4 on ollut h\u00e4iri\u00f6it\u00e4 edelleen.<\/p>\n<p class=\"article-body mb-nof-24 px-nof-16 sndp-summary-bullet-point-font\">Sarjan viides ja viimeinen kausi julkaistaan osissa, ja kaksituntinen p\u00e4\u00e4t\u00f6sjakso on n\u00e4ht\u00e4viss\u00e4 uudenvuodeny\u00f6n\u00e4.<\/p>\n<p class=\"article-body mb-nof-24 px-nof-16\">Netflixin kaikkien aikojen suosituimpiin sarjoihin kuuluvan Stranger Thingsin viides ja viimeinen kausi k\u00e4ynnistyi keskiviikkona aamuy\u00f6st\u00e4 Suomen aikaa.<\/p>\n<p class=\"article-body mb-nof-24 px-nof-16\">Katsojam\u00e4\u00e4r\u00e4t kasvoivat heti niin suuriksi, ett\u00e4 Netflix kaatui tilap\u00e4isesti, kertoo <a class=\"article-genericlink\" href=\"https:\/\/variety.com\/2025\/tv\/news\/netflix-crashes-stranger-things-5-1236593464\/\" rel=\"nofollow noopener\" target=\"_blank\">Variety<\/a>. Palvelu saatiin toimimaan kolmen minuutin j\u00e4lkeen, mutta joillakin k\u00e4ytt\u00e4jill\u00e4 on ollut h\u00e4iri\u00f6it\u00e4 viel\u00e4 sen j\u00e4lkeen.<\/p>\n<p class=\"article-body mb-nof-24 px-nof-16\">Netflixin toiminta jumiutui tilap\u00e4isesti my\u00f6s kes\u00e4ll\u00e4 2022 sarjan nelj\u00e4nnen kauden viimeisten jaksojen julkaisun aikaan.<\/p>\n<p class=\"article-body mb-nof-24 px-nof-16\">Scifi-kauhusarjassa 1980-luvun amerikkalaisen pikkukaupungin asukkaat joutuvat yliluonnollisten voimien kohteeksi. Stranger Things on ollut sek\u00e4 yleis\u00f6- ja arvostelumenestys. Se on saanut kiitosta muun muassa taitavasta ajankuvasta ja nuorten n\u00e4yttelij\u00f6iden suorituksesta. Ensimm\u00e4isen kauden aikaan he olivat viel\u00e4 kouluik\u00e4isi\u00e4, nyt yli 20-vuotiaita.<\/p>\n<p class=\"article-body mb-nof-24 px-nof-16\">Rooleissa on my\u00f6s menneiden vuosikymmenten t\u00e4hti\u00e4, kuten ensimm\u00e4isest\u00e4 kaudesta asti mukana ollut <a class=\"article-personlink\" href=\"https:\/\/www.hs.fi\/haku\/?query=Winona%20Ryder\" rel=\"nofollow noopener\" target=\"_blank\">Winona Ryder<\/a>, sek\u00e4 nyt alkaneella viidennell\u00e4 kaudella mukaan tuleva <a class=\"article-personlink\" href=\"https:\/\/www.hs.fi\/haku\/?query=Linda%20Hamilton\" rel=\"nofollow noopener\" target=\"_blank\">Linda Hamilton<\/a>, joka muistetaan parhaiten kahden ensimm\u00e4isen Terminator-elokuvan naisp\u00e4\u00e4osasta. Hamilton n\u00e4ytteli my\u00f6s kuudennessa Terminatorissa.<\/p>\n<p class=\"article-body mb-nof-24 px-nof-16\">Sarjan ensimm\u00e4inen kausi sai ensi-iltansa Netflixiss\u00e4 kes\u00e4ll\u00e4 2016. Vuonna 2022 sarjan tekij\u00e4t ilmoittivat, ett\u00e4 viides kausi j\u00e4\u00e4 viimeiseksi.<\/p>\n<p class=\"article-body mb-nof-24 px-nof-16\">P\u00e4\u00e4t\u00f6skaudesta on nyt n\u00e4ht\u00e4viss\u00e4 nelj\u00e4 ensimm\u00e4ist\u00e4 jaksoa. Kolme seuraavaa ilmestyy joulup\u00e4iv\u00e4n ja tapaninp\u00e4iv\u00e4n v\u00e4lisen\u00e4 y\u00f6n\u00e4 Suomen aikaa ja kaksituntinen p\u00e4\u00e4t\u00f6sjakso uudenvuodeny\u00f6n\u00e4.<\/p>\n","protected":false},"excerpt":{"rendered":"Televisio|Suosikkisarjan vihoviimeinen jakso on luvassa uudenvuodeny\u00f6n\u00e4. Lue tiivistelm\u00e4 Tiivistelm\u00e4 on teko\u00e4lyn tekem\u00e4 ja ihmisen tarkistama. Suositun Stranger Things&hellip;\n","protected":false},"author":2,"featured_media":101298,"comment_status":"","ping_status":"","sticky":false,"template":"","format":"standard","meta":{"footnotes":""},"categories":[5],"tags":[22,23,26,27,33,31,30,17,46,24,25,28,29,15,18,21,32,19,20,16],"class_list":{"0":"post-101297","1":"post","2":"type-post","3":"status-publish","4":"format-standard","5":"has-post-thumbnail","7":"category-otsikot","8":"tag-breaking-news","9":"tag-breakingnews","10":"tag-featured-news","11":"tag-featurednews","12":"tag-fi","13":"tag-finland","14":"tag-finnish","15":"tag-headlines","16":"tag-helsingin-sanomat","17":"tag-latest-news","18":"tag-latestnews","19":"tag-main-news","20":"tag-mainnews","21":"tag-news","22":"tag-otsikot","23":"tag-paauutiset","24":"tag-suomi","25":"tag-top-stories","26":"tag-topstories","27":"tag-uutiset"},"share_on_mastodon":{"url":"https:\/\/pubeurope.com\/@fi\/115620725604163396","error":""},"_links":{"self":[{"href":"https:\/\/www.europesays.com\/fi\/wp-json\/wp\/v2\/posts\/101297","targetHints":{"allow":["GET"]}}],"collection":[{"href":"https:\/\/www.europesays.com\/fi\/wp-json\/wp\/v2\/posts"}],"about":[{"href":"https:\/\/www.europesays.com\/fi\/wp-json\/wp\/v2\/types\/post"}],"author":[{"embeddable":true,"href":"https:\/\/www.europesays.com\/fi\/wp-json\/wp\/v2\/users\/2"}],"replies":[{"embeddable":true,"href":"https:\/\/www.europesays.com\/fi\/wp-json\/wp\/v2\/comments?post=101297"}],"version-history":[{"count":0,"href":"https:\/\/www.europesays.com\/fi\/wp-json\/wp\/v2\/posts\/101297\/revisions"}],"wp:featuredmedia":[{"embeddable":true,"href":"https:\/\/www.europesays.com\/fi\/wp-json\/wp\/v2\/media\/101298"}],"wp:attachment":[{"href":"https:\/\/www.europesays.com\/fi\/wp-json\/wp\/v2\/media?parent=101297"}],"wp:term":[{"taxonomy":"category","embeddable":true,"href":"https:\/\/www.europesays.com\/fi\/wp-json\/wp\/v2\/categories?post=101297"},{"taxonomy":"post_tag","embeddable":true,"href":"https:\/\/www.europesays.com\/fi\/wp-json\/wp\/v2\/tags?post=101297"}],"curies":[{"name":"wp","href":"https:\/\/api.w.org\/{rel}","templated":true}]}}