{"id":101316,"date":"2025-11-27T08:54:10","date_gmt":"2025-11-27T08:54:10","guid":{"rendered":"https:\/\/www.europesays.com\/fi\/101316\/"},"modified":"2025-11-27T08:54:10","modified_gmt":"2025-11-27T08:54:10","slug":"linnan-juhlien-menu-julki-poydassa-todellinen-perinneherkku","status":"publish","type":"post","link":"https:\/\/www.europesays.com\/fi\/101316\/","title":{"rendered":"Linnan juhlien menu julki \u2013 P\u00f6yd\u00e4ss\u00e4 todellinen perinneherkku"},"content":{"rendered":"<p>Linnan juhlien ruokap\u00f6yd\u00e4ss\u00e4 n\u00e4hd\u00e4\u00e4n it\u00e4suomalaisia herkkuja.<\/p>\n<p><img decoding=\"async\" class=\"image image-show image-preview\" src=\"https:\/\/www.europesays.com\/fi\/wp-content\/uploads\/2025\/11\/c531d646755d053bc5e56e509ac0e824462904e055bd8e04080d30f5f46299f4.jpg\" alt=\"\"\/><img decoding=\"async\" class=\"image image-show\" src=\"https:\/\/www.europesays.com\/fi\/wp-content\/uploads\/2025\/11\/1764233650_258_c531d646755d053bc5e56e509ac0e824462904e055bd8e04080d30f5f46299f4.jpg\" alt=\"\"\/><\/p>\n<p>Linnan juhlissa herkutellaan t\u00e4n\u00e4kin vuonna. Inka Soveri<\/p>\n<p class=\"paragraph\">Linnan juhlien tarjoilujen teema on t\u00e4n\u00e4 vuonna It\u00e4-Suomi.<\/p>\n<p class=\"paragraph\">Tasavallan presidentin kanslian keitti\u00f6mestari <strong>Jyrki J\u00e4\u00e4skel\u00e4inen<\/strong> esitteli lyhyesti menun itsen\u00e4isyysp\u00e4iv\u00e4n tiedotustilaisuudessa torstaina.<\/p>\n<p class=\"paragraph\">Juhlap\u00f6yd\u00e4ss\u00e4 korostuvat keitti\u00f6mestarin mukaan luonnonmukaisuus ja pientuottajien osaaminen.<\/p>\n<p class=\"paragraph\">\u2013 Raaka-aineet ovat p\u00e4\u00e4osin kotimaisia: marjat, kala ja kasvikset.<\/p>\n<p class=\"paragraph\">Vieraat p\u00e4\u00e4sev\u00e4t maistamaan muun muassa liha- ja omenal\u00f6rtsyj\u00e4, lanttu- ja muikkukukkoa sek\u00e4 karjalanpiirakoita.<\/p>\n<p class=\"paragraph\">Erikoisuutena p\u00f6yd\u00e4st\u00e4 l\u00f6ytyy Lemin s\u00e4r\u00e4\u00e4, joka on etel\u00e4karjalainen perinneruoka. Annos koostuu lampaasta ja perunasta, jotka paistetaan s\u00e4r\u00e4ss\u00e4 eli puukaukalossa leivinuunissa.<\/p>\n<p class=\"paragraph\">Tarjolla on my\u00f6s kermakakkua, jonka koristeluun k\u00e4ytet\u00e4\u00e4n Kultarannan puutarhan marjoja.<\/p>\n","protected":false},"excerpt":{"rendered":"Linnan juhlien ruokap\u00f6yd\u00e4ss\u00e4 n\u00e4hd\u00e4\u00e4n it\u00e4suomalaisia herkkuja. Linnan juhlissa herkutellaan t\u00e4n\u00e4kin vuonna. Inka Soveri Linnan juhlien tarjoilujen teema on&hellip;\n","protected":false},"author":2,"featured_media":101317,"comment_status":"","ping_status":"","sticky":false,"template":"","format":"standard","meta":{"footnotes":""},"categories":[12],"tags":[35,22,23,26,27,33,31,30,17,3674,24,25,8437,28,29,15,18,21,4997,900,2331,32,19,20,16],"class_list":{"0":"post-101316","1":"post","2":"type-post","3":"status-publish","4":"format-standard","5":"has-post-thumbnail","7":"category-suomi","8":"tag-24h","9":"tag-breaking-news","10":"tag-breakingnews","11":"tag-featured-news","12":"tag-featurednews","13":"tag-fi","14":"tag-finland","15":"tag-finnish","16":"tag-headlines","17":"tag-juhla-ja-vapaapaivat","18":"tag-latest-news","19":"tag-latestnews","20":"tag-leipominen","21":"tag-main-news","22":"tag-mainnews","23":"tag-news","24":"tag-otsikot","25":"tag-paauutiset","26":"tag-ruoanlaitto","27":"tag-ruoka","28":"tag-ruoka-ja-juoma","29":"tag-suomi","30":"tag-top-stories","31":"tag-topstories","32":"tag-uutiset"},"share_on_mastodon":{"url":"https:\/\/pubeurope.com\/@fi\/115620824251910972","error":""},"_links":{"self":[{"href":"https:\/\/www.europesays.com\/fi\/wp-json\/wp\/v2\/posts\/101316","targetHints":{"allow":["GET"]}}],"collection":[{"href":"https:\/\/www.europesays.com\/fi\/wp-json\/wp\/v2\/posts"}],"about":[{"href":"https:\/\/www.europesays.com\/fi\/wp-json\/wp\/v2\/types\/post"}],"author":[{"embeddable":true,"href":"https:\/\/www.europesays.com\/fi\/wp-json\/wp\/v2\/users\/2"}],"replies":[{"embeddable":true,"href":"https:\/\/www.europesays.com\/fi\/wp-json\/wp\/v2\/comments?post=101316"}],"version-history":[{"count":0,"href":"https:\/\/www.europesays.com\/fi\/wp-json\/wp\/v2\/posts\/101316\/revisions"}],"wp:featuredmedia":[{"embeddable":true,"href":"https:\/\/www.europesays.com\/fi\/wp-json\/wp\/v2\/media\/101317"}],"wp:attachment":[{"href":"https:\/\/www.europesays.com\/fi\/wp-json\/wp\/v2\/media?parent=101316"}],"wp:term":[{"taxonomy":"category","embeddable":true,"href":"https:\/\/www.europesays.com\/fi\/wp-json\/wp\/v2\/categories?post=101316"},{"taxonomy":"post_tag","embeddable":true,"href":"https:\/\/www.europesays.com\/fi\/wp-json\/wp\/v2\/tags?post=101316"}],"curies":[{"name":"wp","href":"https:\/\/api.w.org\/{rel}","templated":true}]}}