{"id":101324,"date":"2025-11-27T09:14:10","date_gmt":"2025-11-27T09:14:10","guid":{"rendered":"https:\/\/www.europesays.com\/fi\/101324\/"},"modified":"2025-11-27T09:14:10","modified_gmt":"2025-11-27T09:14:10","slug":"mick-schumacher-siirtyy-indycar-sarjaan-ralf-sedalta-vakava-varoitus","status":"publish","type":"post","link":"https:\/\/www.europesays.com\/fi\/101324\/","title":{"rendered":"Mick Schumacher siirtyy IndyCar-sarjaan \u2013 Ralf-sed\u00e4lt\u00e4 vakava varoitus"},"content":{"rendered":"<p>Ralf Schumacher kantaa huolta veljenpojastaan.<\/p>\n<p class=\"article-body mb-nof-24 px-nof-16\">Entinen F1-kuljettaja <a class=\"article-personlink\" href=\"https:\/\/www.is.fi\/haku\/?query=Mick%20Schumacher\" rel=\"nofollow noopener\" target=\"_blank\">Mick Schumacher<\/a> ilmoitti viime viikolla kilpailevansa kaudella 2026 IndyCar-sarjassa. Haasilla F1-uransa luonut Schumacher kisaa ensi kaudella Letterman Lanigan Racing -tallissa.<\/p>\n<p class=\"article-body mb-nof-24 px-nof-16\">Osa IndyCar-sarjan osakilpailuista ajetaan hurjavauhtisilla ovaaliradoilla, kuuluisimpana Indianapolisissa toukokuussa ajettava Indy 500 -kilpailu. Ovaaliradoilla IndyCar-autot ylt\u00e4v\u00e4t l\u00e4hes 400 kilometrin tuntinopeuksiin.<\/p>\n<p class=\"article-body mb-nof-24 px-nof-16\">Mickin set\u00e4, entinen F1-kuljettaja <a class=\"article-personlink\" href=\"https:\/\/www.is.fi\/haku\/?query=Ralf%20Schumacher\" rel=\"nofollow noopener\" target=\"_blank\">Ralf Schumacher<\/a> ei ole veljenpoikansa siirrosta innoissaan. Planet F1 -sivuston <a class=\"article-genericlink\" href=\"https:\/\/www.planetf1.com\/news\/ralf-schumacher-dangerous-warning-mick-schumacher-indycar-test\" rel=\"nofollow noopener\" target=\"_blank\">mukaan<\/a> Ralf ei haluaisi n\u00e4hd\u00e4 omaa poikaansa <a class=\"article-personlink\" href=\"https:\/\/www.is.fi\/haku\/?query=David%20Schumacheria\" rel=\"nofollow noopener\" target=\"_blank\">David Schumacheria<\/a> IndyCar-sarjassa.<\/p>\n<p class=\"article-body mb-nof-24 px-nof-16\">\u2013 Ymm\u00e4rr\u00e4n kiusauksen, mutta jos olisin David, rehellisesti sanottuna kielt\u00e4ytyisin tarjouksesta, koska sarja on yksinkertaisesti liian vaarallinen.<\/p>\n<p class=\"article-body mb-nof-24 px-nof-16\">Ovaaliratoja reunustivat entisaikoihin karut betonimuurit. Nyky\u00e4\u00e4n ratojen vaarallisimmat kohdat on vuorattu niin kutsutuilla SAFER-pehmusteilla, mutta F1-sarjasta tuttuja turva-alueita ovaaliradoilla ei ole.<\/p>\n<p><img decoding=\"async\" src=\"https:\/\/www.europesays.com\/fi\/wp-content\/uploads\/2025\/11\/1764234850_734_468.jpg\" alt=\"IndyCar-sarjassa n\u00e4hd\u00e4\u00e4n toisinaan kovavauhtisia onnettomuuksia.\" class=\"_Img_1rerz_1\" style=\"aspect-ratio:1.408657373440939\" loading=\"eager\"\/><\/p>\n<p class=\"article-picture-caption\">IndyCar-sarjassa n\u00e4hd\u00e4\u00e4n toisinaan kovavauhtisia onnettomuuksia. Kuva:\u00a0Zoonar GmbH \/ Alamy Stock Photo<\/p>\n<p class=\"article-body mb-nof-24 px-nof-16\">Mickin siirron my\u00f6t\u00e4 my\u00f6s h\u00e4nen is\u00e4ns\u00e4 <a class=\"article-personlink\" href=\"https:\/\/www.is.fi\/haku\/?query=Michael%20Schumacherin\" rel=\"nofollow noopener\" target=\"_blank\">Michael Schumacherin<\/a> vanhat <a class=\"article-genericlink\" href=\"https:\/\/www.planetf1.com\/news\/michael-shumacher-too-dangerous-indycar-worry-mick-schumacher-ovals-response\" rel=\"nofollow noopener\" target=\"_blank\">kommentit<\/a> ovat nousseet pintaan. Seitsenkertainen F1-maailmanmestari totesi IndyCar-sarjan vuonna 2002 liian vaaralliseksi.<\/p>\n<p class=\"article-body mb-nof-24 px-nof-16\">\u2013 Ensinn\u00e4kin se on askel alasp\u00e4in F1-sarjasta ja toisekseen se on liian vaarallista. Ne vauhdit niin l\u00e4hell\u00e4 seini\u00e4 \u2013 jos siell\u00e4 joutuu onnettomuuteen, auton runko ei mill\u00e4\u00e4n selvi\u00e4 tietynlaisesta t\u00f6rm\u00e4yksest\u00e4.<\/p>\n<p class=\"article-body mb-nof-24 px-nof-16\">On huomionarvoista, ett\u00e4 Michael Schumacherin kommentit ovat varsin vanhoja. IndyCar on viime vuosikymmenin\u00e4 ottanut F1-sarjan tavoin suuria harppauksia autojen turvallisuudessa.<\/p>\n<p class=\"article-body mb-nof-24 px-nof-16\">Sarjan edellisest\u00e4 kuolemantapauksesta on jo yli kymmenen vuotta. Brittikuljettaja <a class=\"article-personlink\" href=\"https:\/\/www.is.fi\/haku\/?query=Justin%20Wilson\" rel=\"nofollow noopener\" target=\"_blank\">Justin Wilson<\/a> menehtyi elokuussa 2015, kun h\u00e4nen edell\u00e4\u00e4n kolaroineesta autosta irronnut etusiiven osa osui h\u00e4nt\u00e4 p\u00e4\u00e4h\u00e4n.<\/p>\n","protected":false},"excerpt":{"rendered":"Ralf Schumacher kantaa huolta veljenpojastaan. Entinen F1-kuljettaja Mick Schumacher ilmoitti viime viikolla kilpailevansa kaudella 2026 IndyCar-sarjassa. Haasilla F1-uransa&hellip;\n","protected":false},"author":2,"featured_media":101325,"comment_status":"","ping_status":"","sticky":false,"template":"","format":"standard","meta":{"footnotes":""},"categories":[158],"tags":[33,31,30,34,159,32,160],"class_list":{"0":"post-101324","1":"post","2":"type-post","3":"status-publish","4":"format-standard","5":"has-post-thumbnail","7":"category-urheilu","8":"tag-fi","9":"tag-finland","10":"tag-finnish","11":"tag-ilta-sanomat","12":"tag-sports","13":"tag-suomi","14":"tag-urheilu"},"share_on_mastodon":{"url":"https:\/\/pubeurope.com\/@fi\/115620902934680383","error":""},"_links":{"self":[{"href":"https:\/\/www.europesays.com\/fi\/wp-json\/wp\/v2\/posts\/101324","targetHints":{"allow":["GET"]}}],"collection":[{"href":"https:\/\/www.europesays.com\/fi\/wp-json\/wp\/v2\/posts"}],"about":[{"href":"https:\/\/www.europesays.com\/fi\/wp-json\/wp\/v2\/types\/post"}],"author":[{"embeddable":true,"href":"https:\/\/www.europesays.com\/fi\/wp-json\/wp\/v2\/users\/2"}],"replies":[{"embeddable":true,"href":"https:\/\/www.europesays.com\/fi\/wp-json\/wp\/v2\/comments?post=101324"}],"version-history":[{"count":0,"href":"https:\/\/www.europesays.com\/fi\/wp-json\/wp\/v2\/posts\/101324\/revisions"}],"wp:featuredmedia":[{"embeddable":true,"href":"https:\/\/www.europesays.com\/fi\/wp-json\/wp\/v2\/media\/101325"}],"wp:attachment":[{"href":"https:\/\/www.europesays.com\/fi\/wp-json\/wp\/v2\/media?parent=101324"}],"wp:term":[{"taxonomy":"category","embeddable":true,"href":"https:\/\/www.europesays.com\/fi\/wp-json\/wp\/v2\/categories?post=101324"},{"taxonomy":"post_tag","embeddable":true,"href":"https:\/\/www.europesays.com\/fi\/wp-json\/wp\/v2\/tags?post=101324"}],"curies":[{"name":"wp","href":"https:\/\/api.w.org\/{rel}","templated":true}]}}