{"id":101333,"date":"2025-11-27T09:21:13","date_gmt":"2025-11-27T09:21:13","guid":{"rendered":"https:\/\/www.europesays.com\/fi\/101333\/"},"modified":"2025-11-27T09:21:13","modified_gmt":"2025-11-27T09:21:13","slug":"lasse-lehtonen-joutui-kuulemiseen-tassa-tulos","status":"publish","type":"post","link":"https:\/\/www.europesays.com\/fi\/101333\/","title":{"rendered":"Lasse Lehtonen joutui kuulemiseen \u2013 T\u00e4ss\u00e4 tulos"},"content":{"rendered":"<p>Kelan valtuutetut kokoontuivat torstaiaamuna ylim\u00e4\u00e4r\u00e4iseen kokoukseen kuulemaan kohun keskell\u00e4 ollutta p\u00e4\u00e4johtaja Lasse Lehtosta.<\/p>\n<p><img decoding=\"async\" class=\"image image-show image-preview\" src=\"https:\/\/www.europesays.com\/fi\/wp-content\/uploads\/2025\/11\/1764235273_152_cb4b15ff1159dd9bb36da02aa3ce089ad5caefe03857039711e2f2369955b54a.jpg\" alt=\"\"\/><img decoding=\"async\" class=\"image image-show\" src=\"https:\/\/www.europesays.com\/fi\/wp-content\/uploads\/2025\/11\/1764235273_379_cb4b15ff1159dd9bb36da02aa3ce089ad5caefe03857039711e2f2369955b54a.jpg\" alt=\"\"\/><\/p>\n<p>Kelan p\u00e4\u00e4johtaja Lasse Lehtonen oli t\u00e4n\u00e4\u00e4n Kelan valtuutettujen kuultavana. Antti Mannermaa<\/p>\n<p class=\"paragraph\">Kokouksen j\u00e4lkeen valtuutettujen puheenjohtaja, kansanedustaja <a href=\"https:\/\/www.iltalehti.fi\/henkilot\/Mira Nieminen\" class=\"article-link-person-page\" rel=\"nofollow noopener\" target=\"_blank\">Mira Nieminen<\/a> (ps) piti tiedotustilaisuuden, jossa h\u00e4n kertoi, ett\u00e4 kokouksessa oli puitu pinnalla olevia Kelan et\u00e4ty\u00f6linjauksia, <strong>Lasse Lehtosen<\/strong> henkil\u00f6st\u00f6n johtamista ja ylip\u00e4\u00e4ns\u00e4 Kelan toimintaa sek\u00e4 sit\u00e4, miten luottamusta Kelan henkil\u00f6st\u00f6\u00f6n palautetaan.<\/p>\n<p class=\"paragraph\">\u2013 Yleiskeskustelun tarve oli ihan ilmeinen, Nieminen lausui toimittajille.<\/p>\n<p class=\"paragraph\">Valtuutetuilla oli h\u00e4nen mukaansa tarve saada tilannekuvaa. K\u00e4yty\u00e4 keskustelua Nieminen kuvasi hyv\u00e4ksi. Tilaisuudessa puhui my\u00f6s Kelan hallituksen puheenjohtaja <strong>Vertti Kiukas<\/strong>.<\/p>\n<p class=\"paragraph\">Jo aiemmin on kerrottu, ett\u00e4 Kelan hallitus on p\u00e4\u00e4tt\u00e4nyt hankkia laitoksen johtamista koskevan ulkopuolisen selvityksen, joka valmistuu ensi kuussa.<\/p>\n<p class=\"paragraph\">Selvitys kiinnostaa Niemisen mukaan my\u00f6s Kelan valtuutettuja heid\u00e4n toimintaa valvovan roolinsa kannalta.<\/p>\n<p class=\"paragraph\">Kelan hallintoa ja toimintaa valvoo 12 eduskunnan valitsemaa\u00a0valtuutettua.<\/p>\n<p>\u201dEi ole tapana hutkia huuto\u00e4\u00e4nestyksell\u00e4\u201d<\/p>\n<p class=\"paragraph\">Nieminen sanoi, ett\u00e4 Kelan mediajulkisuus on viime aikoina ollut harmittavaa ja siin\u00e4 on moni asia sekoittunut toisiinsa.<\/p>\n<p class=\"paragraph\">H\u00e4n sanoi, ett\u00e4 nyt asioita ty\u00f6stet\u00e4\u00e4n aihe kerrallaan.<\/p>\n<p class=\"paragraph\">\u2013 Meill\u00e4 ei ole tapana hutkia huuto\u00e4\u00e4nestyksell\u00e4, vaan kyll\u00e4 t\u00e4ss\u00e4 luottamus s\u00e4ilyy. Tehd\u00e4\u00e4n toimenpiteit\u00e4 sen mukaan kuin tarpeen tulee ja katsotaan sitten kokonaisuutta my\u00f6hemmin, h\u00e4n vastasi kysymykseen muun muassa Lehtosen luottamuksesta.<\/p>\n<p class=\"paragraph\">\u2013 Organisaatioissa tulee v\u00e4lill\u00e4 eteen helpompia asioita ja v\u00e4lill\u00e4 todella vaikeita asioita ja n\u00e4it\u00e4 vain sitten hoidetaan, h\u00e4n jatkoi.<\/p>\n<p class=\"paragraph\">Kysytt\u00e4ess\u00e4 viel\u00e4 tarkemmin, onko Lehtosella kaikkien Kelan valtuutettujen luottamus, h\u00e4n antoi selke\u00e4n vastauksen ja totesi, ettei keskustelussa noussut esiin mit\u00e4\u00e4n sellaista, ett\u00e4 olisi noussut t\u00e4ss\u00e4 vaiheessa ep\u00e4luottamusta.<\/p>\n<p class=\"paragraph\">\u2013 Mutta kuten sanoin, Kelan valtuutetut seuraavat tilannetta ja nyt tosiaan selvitys on tulossa ja katsotaan mihin suuntaan sitten ollaan menossa. Min\u00e4 korostan korjaavia toimenpiteit\u00e4.<\/p>\n<p>Erilainen muutosjohtaja<\/p>\n<p class=\"paragraph\">Nieminen painotti, ett\u00e4 Kelassa tarvitaan muutosjohtamista. Niemisen mukaan Lehtonen on erilainen muutosjohtaja kuin Kelassa on aiemmin ollut.<\/p>\n<p class=\"paragraph\">Nieminen kehui Lehtosta johtajana.<\/p>\n<p class=\"paragraph\">\u2013 Meill\u00e4 on nyt hyv\u00e4 p\u00e4\u00e4johtaja, jolla on ihan selkeit\u00e4 n\u00e4kemyksi\u00e4, ajatuksia ja uusia ideoita vied\u00e4 Kelaa eteenp\u00e4in. Me tarvitsemme sellaista muutosjohtajaa, joka pystyy tekem\u00e4\u00e4n tiukkoja p\u00e4\u00e4t\u00f6ksi\u00e4 my\u00f6skin, Nieminen jatkoi ja viittasi muun muassa Kelaan kohdistuviin s\u00e4\u00e4st\u00f6tavoitteisiin.<\/p>\n<p>Kelan valtuutettujen puheenjohtaja Mira Nieminen. Eduskunta<\/p>\n<p class=\"paragraph\">Nieminen toivoo Kelaan ty\u00f6rauhaa ja sit\u00e4, ett\u00e4 mediakohu rauhoittuu.<\/p>\n<p class=\"paragraph\">Lehtosen h\u00e4n kertoo ottaneen hyvin vastaan muun muassa Kelan keskustelukulttuurista valtuutettujen kanssa k\u00e4yty\u00e4 keskustelua.<\/p>\n<p class=\"paragraph\">Nieminen paalutti Kelan henkil\u00f6st\u00f6\u00e4 voimavarana ja toivoi Kelan johtamiseen avoimuutta ja luottamuksellista ilmapiiri\u00e4.<\/p>\n","protected":false},"excerpt":{"rendered":"Kelan valtuutetut kokoontuivat torstaiaamuna ylim\u00e4\u00e4r\u00e4iseen kokoukseen kuulemaan kohun keskell\u00e4 ollutta p\u00e4\u00e4johtaja Lasse Lehtosta. Kelan p\u00e4\u00e4johtaja Lasse Lehtonen oli&hellip;\n","protected":false},"author":2,"featured_media":101334,"comment_status":"","ping_status":"","sticky":false,"template":"","format":"standard","meta":{"footnotes":""},"categories":[5],"tags":[35,22,23,26,27,33,31,30,863,17,24,25,28,29,15,18,21,637,32,19,20,860,16,7249,5311],"class_list":{"0":"post-101333","1":"post","2":"type-post","3":"status-publish","4":"format-standard","5":"has-post-thumbnail","7":"category-otsikot","8":"tag-24h","9":"tag-breaking-news","10":"tag-breakingnews","11":"tag-featured-news","12":"tag-featurednews","13":"tag-fi","14":"tag-finland","15":"tag-finnish","16":"tag-hallitus","17":"tag-headlines","18":"tag-latest-news","19":"tag-latestnews","20":"tag-main-news","21":"tag-mainnews","22":"tag-news","23":"tag-otsikot","24":"tag-paauutiset","25":"tag-politiikka","26":"tag-suomi","27":"tag-top-stories","28":"tag-topstories","29":"tag-tyoelama","30":"tag-uutiset","31":"tag-yrityksen-johtaminen","32":"tag-yritysjohtajat"},"share_on_mastodon":{"url":"https:\/\/pubeurope.com\/@fi\/115620930261913352","error":""},"_links":{"self":[{"href":"https:\/\/www.europesays.com\/fi\/wp-json\/wp\/v2\/posts\/101333","targetHints":{"allow":["GET"]}}],"collection":[{"href":"https:\/\/www.europesays.com\/fi\/wp-json\/wp\/v2\/posts"}],"about":[{"href":"https:\/\/www.europesays.com\/fi\/wp-json\/wp\/v2\/types\/post"}],"author":[{"embeddable":true,"href":"https:\/\/www.europesays.com\/fi\/wp-json\/wp\/v2\/users\/2"}],"replies":[{"embeddable":true,"href":"https:\/\/www.europesays.com\/fi\/wp-json\/wp\/v2\/comments?post=101333"}],"version-history":[{"count":0,"href":"https:\/\/www.europesays.com\/fi\/wp-json\/wp\/v2\/posts\/101333\/revisions"}],"wp:featuredmedia":[{"embeddable":true,"href":"https:\/\/www.europesays.com\/fi\/wp-json\/wp\/v2\/media\/101334"}],"wp:attachment":[{"href":"https:\/\/www.europesays.com\/fi\/wp-json\/wp\/v2\/media?parent=101333"}],"wp:term":[{"taxonomy":"category","embeddable":true,"href":"https:\/\/www.europesays.com\/fi\/wp-json\/wp\/v2\/categories?post=101333"},{"taxonomy":"post_tag","embeddable":true,"href":"https:\/\/www.europesays.com\/fi\/wp-json\/wp\/v2\/tags?post=101333"}],"curies":[{"name":"wp","href":"https:\/\/api.w.org\/{rel}","templated":true}]}}