{"id":101355,"date":"2025-11-27T09:59:07","date_gmt":"2025-11-27T09:59:07","guid":{"rendered":"https:\/\/www.europesays.com\/fi\/101355\/"},"modified":"2025-11-27T09:59:07","modified_gmt":"2025-11-27T09:59:07","slug":"sointu-borg-pelkaa-puolisonsa-menettamista","status":"publish","type":"post","link":"https:\/\/www.europesays.com\/fi\/101355\/","title":{"rendered":"Sointu Borg: Pelk\u00e4\u00e4 puolisonsa menett\u00e4mist\u00e4"},"content":{"rendered":"<p>\n            20250826, Helsinki. Pirunpeli tv-ohjelman pressi. Kuvassa Sointu Borg.<br \/>\n            Timo Korhonen\n        <\/p>\n<p class=\"subtitle \">Soinnun joka-aamuinen teko saa Jannin h\u00e4tk\u00e4ht\u00e4m\u00e4\u00e4n.<\/p>\n<p class=\"article-content article-content-width !bg-background\">Mediapersoona  ja kartturi  luotsaavat yhteist\u00e4 Sana on vapaa &#8211;<a href=\"https:\/\/podimo.com\/fi\/shows\/sana-on-vapaa?episode=6448acfc-a6a3-4424-b9ed-149c63a667ae&amp;utm_shared=true\" target=\"_blank\" rel=\"nofollow noopener\">podcastia<\/a>.<\/p>\n<p class=\"font-weight-bold m-font-weight-bold article-content article-content-width !bg-background\">Katso video \u2013 Sointu puhuu avoimesti h\u00e4\u00e4budjetistaan:<\/p>\n<p>Pohtivat vanhemmuutta<\/p>\n<p class=\"article-content article-content-width !bg-background\">Tuoreessa jaksossa kaksikko k\u00e4y l\u00e4pi kuulijoiden kertomuksia tilanteista, joissa harkitaan v\u00e4lien katkaisemista vanhempiin. Lapsettomat Sointu ja Janni pohtivat samalla my\u00f6s mahdollista tulevaa vanhemmuuttaan.<\/p>\n<p>        <a itemprop=\"url\" href=\"https:\/\/www.seiska.fi\/kotimaa\/topi-borg-ilouutinen\/1994393\" rel=\"nofollow noopener\" target=\"_blank\"><\/p>\n<p>\nTopi Borg:\n<\/p>\n<p class=\"section-date\">\n        <strong class=\"article-section\" data-section=\"kotimaa\"><br \/>\n            kotimaa<br \/>\n        <\/strong><br \/>\n        16.11. 16:30\n    <\/p>\n<p>Topi Borg &#8211; ilouutinen!\n    <\/p>\n<p itemprop=\"description\" class=\"subtitle \">\n    Kirjolla -sarjasta tuttu Topi Borg kertoi todellisen ilouutisen Sointu-siskonsa somessa.\n<\/p>\n<p>        <\/a><\/p>\n<p class=\"article-content article-content-width !bg-background\">Sointu kihlautui pitk\u00e4aikaisen kumppaninsa, r\u00e4pp\u00e4ri , kanssa huhtikuussa.<br \/>\nPoliitikko  kes\u00e4ll\u00e4 eronnut Janni on tiett\u00e4v\u00e4sti j\u00e4lleen sinkkumarkkinoilla.<\/p>\n<p class=\"article-content article-content-width !bg-background\">Sointu on kertonut julkisesti k\u00e4rsiv\u00e4ns\u00e4 ahdistuksesta.<\/p>\n<p>        <a itemprop=\"url\" href=\"https:\/\/www.seiska.fi\/katso\/topi-ja-sointu-borg-oma-realitysarja\/1995906\" rel=\"nofollow noopener\" target=\"_blank\"><\/p>\n<p>\nTopi ja Sointu Borg:\n<\/p>\n<p class=\"section-date\">\n        <strong class=\"article-section\" data-section=\"katso\"><br \/>\n            katso<br \/>\n        <\/strong><br \/>\n        18.11. 10:40\n    <\/p>\n<p>Topi ja Sointu Borg: Oma realitysarja\n    <\/p>\n<p itemprop=\"description\" class=\"subtitle \">\n    Topi ja Sointu Borg saavat oman tosi-tv-sarjansa. Topi alkaa luotsaamaan my\u00f6s toista tv-sarjaa Ylell\u00e4.\n<\/p>\n<p>        <\/a><\/p>\n<p>Pelk\u00e4\u00e4 l\u00e4heistens\u00e4 puolesta<\/p>\n<p class=\"article-content article-content-width !bg-background\">Sointu kertoo rakastavansa lapsia, mutta h\u00e4n ei ole aina ihan varma, ett\u00e4 haluaako h\u00e4n \u00e4idiksi.\u00a0V\u00e4lill\u00e4 h\u00e4n haluaa, v\u00e4lill\u00e4 ei, mutta juuri t\u00e4ll\u00e4 hetkell\u00e4 h\u00e4n ei halua olla \u00e4iti.<\/p>\n<p class=\"article-content article-content-width !bg-background\">\u2013 M\u00e4 itse joudun olemaan extra tarkka siin\u00e4, kun mulla on t\u00e4t\u00e4 ahdistusta, ett\u00e4 m\u00e4 en tartuta sit\u00e4 mun lapsiin, Sointu toteaa.<\/p>\n<p class=\"article-content article-content-width !bg-background\">Sointu jatkaa, ett\u00e4 h\u00e4nell\u00e4 on paljon katastrofiajattelua.<\/p>\n<p class=\"article-content article-content-width !bg-background\">\u2013 Kun mulle perhe soittaa, ni m\u00e4 ajattelen aina, et joku on kuollut, Sointu kertoo ajatuksistaan.<\/p>\n<p class=\"article-content article-content-width !bg-background\">\u2013 Joka aamu kun m\u00e4 her\u00e4\u00e4n Tomin vierest\u00e4 m\u00e4 katson ekana, et Tomi hengitt\u00e4\u00e4.<\/p>\n<p class=\"article-content article-content-width !bg-background\">\u2013 Oikeesti, voii, Janni vastaa empaattisena.<\/p>\n<p>        <a itemprop=\"url\" href=\"https:\/\/www.seiska.fi\/kotimaa\/sointu-borg-haluaa-piristaa-marraskuuta-upeat-kuvat\/1991644\" rel=\"nofollow noopener\" target=\"_blank\"><\/p>\n<p>\nUpeat kuvat\n<\/p>\n<p class=\"section-date\">\n        <strong class=\"article-section\" data-section=\"kotimaa\"><br \/>\n            kotimaa<br \/>\n        <\/strong><br \/>\n        12.11. 19:45\n    <\/p>\n<p>Sointu Borg haluaa pirist\u00e4\u00e4 marraskuuta \u2013 upeat kuvat\n    <\/p>\n<p>        <\/a><\/p>\n<p class=\"article-content article-content-width !bg-background\">Joskus Sointu pel\u00e4styy, jos Tomi ei reagoi esimerkiksi pelatessaan, ja h\u00e4n saattaa pel\u00e4t\u00e4 t\u00e4m\u00e4n tukehtuneen tai saaneen sairauskohtauksen.<\/p>\n<p class=\"article-content article-content-width !bg-background\">\u2013 N\u00e4\u00e4 liittyy ahdistukseen, m\u00e4 oon tottunut t\u00e4h\u00e4n. Mut jos mulla tulee n\u00e4it\u00e4 lasten kanssa, ni mun t\u00e4ytyy olla tosi varovainen, ett\u00e4 m\u00e4 en n\u00e4yt\u00e4 sit\u00e4 ahdistusta lapselle.<\/p>\n<p class=\"article-content article-content-width !bg-background\">\u2013 Monesti kontrolloivan \u00e4idin takana on ahdistus, Sointu jatkaa.<\/p>\n","protected":false},"excerpt":{"rendered":"20250826, Helsinki. Pirunpeli tv-ohjelman pressi. Kuvassa Sointu Borg. Timo Korhonen Soinnun joka-aamuinen teko saa Jannin h\u00e4tk\u00e4ht\u00e4m\u00e4\u00e4n. Mediapersoona ja&hellip;\n","protected":false},"author":2,"featured_media":101356,"comment_status":"","ping_status":"","sticky":false,"template":"","format":"standard","meta":{"footnotes":""},"categories":[136],"tags":[428,407,137,33,31,30,2597,3520,408,98,2923,19411,2680,32,19410,109],"class_list":{"0":"post-101355","1":"post","2":"type-post","3":"status-publish","4":"format-standard","5":"has-post-thumbnail","7":"category-julkkikset","8":"tag-ahdistus","9":"tag-celebrities","10":"tag-entertainment","11":"tag-fi","12":"tag-finland","13":"tag-finnish","14":"tag-janni-hussi","15":"tag-joel-harkimo","16":"tag-julkkikset","17":"tag-perhe","18":"tag-podcast","19":"tag-sana-on-vapaa","20":"tag-sointu-borg","21":"tag-suomi","22":"tag-tomi-solonen","23":"tag-viihde"},"share_on_mastodon":{"url":"https:\/\/pubeurope.com\/@fi\/115621079508479493","error":""},"_links":{"self":[{"href":"https:\/\/www.europesays.com\/fi\/wp-json\/wp\/v2\/posts\/101355","targetHints":{"allow":["GET"]}}],"collection":[{"href":"https:\/\/www.europesays.com\/fi\/wp-json\/wp\/v2\/posts"}],"about":[{"href":"https:\/\/www.europesays.com\/fi\/wp-json\/wp\/v2\/types\/post"}],"author":[{"embeddable":true,"href":"https:\/\/www.europesays.com\/fi\/wp-json\/wp\/v2\/users\/2"}],"replies":[{"embeddable":true,"href":"https:\/\/www.europesays.com\/fi\/wp-json\/wp\/v2\/comments?post=101355"}],"version-history":[{"count":0,"href":"https:\/\/www.europesays.com\/fi\/wp-json\/wp\/v2\/posts\/101355\/revisions"}],"wp:featuredmedia":[{"embeddable":true,"href":"https:\/\/www.europesays.com\/fi\/wp-json\/wp\/v2\/media\/101356"}],"wp:attachment":[{"href":"https:\/\/www.europesays.com\/fi\/wp-json\/wp\/v2\/media?parent=101355"}],"wp:term":[{"taxonomy":"category","embeddable":true,"href":"https:\/\/www.europesays.com\/fi\/wp-json\/wp\/v2\/categories?post=101355"},{"taxonomy":"post_tag","embeddable":true,"href":"https:\/\/www.europesays.com\/fi\/wp-json\/wp\/v2\/tags?post=101355"}],"curies":[{"name":"wp","href":"https:\/\/api.w.org\/{rel}","templated":true}]}}