{"id":101357,"date":"2025-11-27T10:02:09","date_gmt":"2025-11-27T10:02:09","guid":{"rendered":"https:\/\/www.europesays.com\/fi\/101357\/"},"modified":"2025-11-27T10:02:09","modified_gmt":"2025-11-27T10:02:09","slug":"timo-jutilalla-ja-hanen-vaimollaan-on-erilliset-jaakaapit","status":"publish","type":"post","link":"https:\/\/www.europesays.com\/fi\/101357\/","title":{"rendered":"Timo Jutilalla ja h\u00e4nen vaimollaan on erilliset j\u00e4\u00e4kaapit"},"content":{"rendered":"<p><strong class=\"typography-bold\">L\u00e4\u00e4k\u00e4ri Pippa Laukka pettyy pahemman kerran, kun Timo Jutilalla onkin eri j\u00e4\u00e4kaappi vaimonsa kanssa.\u00a0<\/strong><\/p>\n<p>J\u00e4\u00e4kiekkolegenda<a class=\"underline\" data-testid=\"external-link\" href=\"https:\/\/www.mtvuutiset.fi\/aihe\/timo-jutila\/2874798\" rel=\"noopener noreferrer nofollow\" data-sentry-component=\"ExternalLink\" data-sentry-source-file=\"ExternalLink.tsx\" target=\"_blank\"> <strong class=\"typography-bold\">Timo Jutila<\/strong><\/a> on mukana <a class=\"underline\" data-testid=\"external-link\" href=\"https:\/\/www.mtvuutiset.fi\/aihe\/olet-mita-syot\/7187842\" rel=\"noopener noreferrer nofollow\" data-sentry-component=\"ExternalLink\" data-sentry-source-file=\"ExternalLink.tsx\" target=\"_blank\">Olet mit\u00e4 sy\u00f6t<\/a> -ohjelman uudella kaudella. Ensimm\u00e4inen jakso n\u00e4hd\u00e4\u00e4n torstaina 27. marraskuuta kello 20 MTV3-kanavalla ja <a class=\"underline\" data-testid=\"external-link\" href=\"https:\/\/www.mtv.fi\/ohjelma\/86a3e3eb5d3e8da369e9\/olet-mita-syot\" rel=\"noopener noreferrer nofollow\" data-sentry-component=\"ExternalLink\" data-sentry-source-file=\"ExternalLink.tsx\" target=\"_blank\">MTV Katsomossa<\/a>.\u00a0<\/p>\n<p>Jaksossa <a class=\"underline\" data-testid=\"external-link\" href=\"https:\/\/www.mtvuutiset.fi\/aihe\/pippa-laukka\/7128858\" rel=\"noopener noreferrer nofollow\" data-sentry-component=\"ExternalLink\" data-sentry-source-file=\"ExternalLink.tsx\" target=\"_blank\"><strong class=\"typography-bold\">Pippa Laukka<\/strong><\/a> suorittaa perinteisen j\u00e4\u00e4kappiratsian. Timo Jutila tekee Laukalle pienen jekun ja esitteleekin t\u00e4lle vaimonsa <strong class=\"typography-bold\">Satu Jutilan<\/strong> j\u00e4\u00e4kaapin, joka on pullollaan terveellisi\u00e4 ruokia, kuten chiavanukkaita, kasviksia ja marjoja.\u00a0<\/p>\n<p>\u2013 T\u00e4m\u00e4h\u00e4n n\u00e4ytt\u00e4\u00e4 ihan mahtavalta, Pippa Laukka iloitsee, kunnes Timo Jutila kertoo totuuden.\u00a0<\/p>\n<p>\u2013 T\u00e4m\u00e4 on v\u00e4\u00e4r\u00e4 kappi, t\u00e4m\u00e4 on vaimon kaappi, Jutila keskeytt\u00e4\u00e4 Laukan hehkutuksen.\u00a0<\/p>\n","protected":false},"excerpt":{"rendered":"L\u00e4\u00e4k\u00e4ri Pippa Laukka pettyy pahemman kerran, kun Timo Jutilalla onkin eri j\u00e4\u00e4kaappi vaimonsa kanssa.\u00a0 J\u00e4\u00e4kiekkolegenda Timo Jutila on&hellip;\n","protected":false},"author":2,"featured_media":101358,"comment_status":"","ping_status":"","sticky":false,"template":"","format":"standard","meta":{"footnotes":""},"categories":[133],"tags":[137,33,31,30,32,206,156,109],"class_list":{"0":"post-101357","1":"post","2":"type-post","3":"status-publish","4":"format-standard","5":"has-post-thumbnail","7":"category-televisiot","8":"tag-entertainment","9":"tag-fi","10":"tag-finland","11":"tag-finnish","12":"tag-suomi","13":"tag-televisiot","14":"tag-tv","15":"tag-viihde"},"share_on_mastodon":{"url":"https:\/\/pubeurope.com\/@fi\/115621091380549578","error":""},"_links":{"self":[{"href":"https:\/\/www.europesays.com\/fi\/wp-json\/wp\/v2\/posts\/101357","targetHints":{"allow":["GET"]}}],"collection":[{"href":"https:\/\/www.europesays.com\/fi\/wp-json\/wp\/v2\/posts"}],"about":[{"href":"https:\/\/www.europesays.com\/fi\/wp-json\/wp\/v2\/types\/post"}],"author":[{"embeddable":true,"href":"https:\/\/www.europesays.com\/fi\/wp-json\/wp\/v2\/users\/2"}],"replies":[{"embeddable":true,"href":"https:\/\/www.europesays.com\/fi\/wp-json\/wp\/v2\/comments?post=101357"}],"version-history":[{"count":0,"href":"https:\/\/www.europesays.com\/fi\/wp-json\/wp\/v2\/posts\/101357\/revisions"}],"wp:featuredmedia":[{"embeddable":true,"href":"https:\/\/www.europesays.com\/fi\/wp-json\/wp\/v2\/media\/101358"}],"wp:attachment":[{"href":"https:\/\/www.europesays.com\/fi\/wp-json\/wp\/v2\/media?parent=101357"}],"wp:term":[{"taxonomy":"category","embeddable":true,"href":"https:\/\/www.europesays.com\/fi\/wp-json\/wp\/v2\/categories?post=101357"},{"taxonomy":"post_tag","embeddable":true,"href":"https:\/\/www.europesays.com\/fi\/wp-json\/wp\/v2\/tags?post=101357"}],"curies":[{"name":"wp","href":"https:\/\/api.w.org\/{rel}","templated":true}]}}