{"id":101363,"date":"2025-11-27T10:07:06","date_gmt":"2025-11-27T10:07:06","guid":{"rendered":"https:\/\/www.europesays.com\/fi\/101363\/"},"modified":"2025-11-27T10:07:06","modified_gmt":"2025-11-27T10:07:06","slug":"nuremberg-tekee-natsismin-jarjestelmallisyydesta-ja-holokaustin-kauhuista-yksiloiden-puisevaa-oikeussalidraamaa-kulttuuritoimitus","status":"publish","type":"post","link":"https:\/\/www.europesays.com\/fi\/101363\/","title":{"rendered":"Nuremberg tekee natsismin j\u00e4rjestelm\u00e4llisyydest\u00e4 ja holokaustin kauhuista yksil\u00f6iden puisevaa oikeussalidraamaa &#8211; Kulttuuritoimitus"},"content":{"rendered":"<ol>\n<li><a href=\"https:\/\/news.google.com\/rss\/articles\/CBMi_gFBVV95cUxNWUg0TFVIQ3I3bHlhNTdnR2JDMHhYM183YTJtalBMWnNoUF9VWGJhTkNKdHdEY0k1UDlhMUlGSWZBbHBUaHhIRlFFS2RIN2FSalMzZFdVX0U0ellsaktNR182OVhDSzFxR0Y0aDQ3UXZrbXRQYWJMN2ZNek9XekRmWWRkekgzamZFQ3F2TnB1aHVhZE52TUNGSXQtM3VsRFZDTDhOTFJ0eklTNHlBSTcwcjJFeWlQUW9BdDhwSXNWNTBtZWJXVHBlbUpVOGZTclZoallfdmxjd3NhbWFsUkZESDBWX2xuQkxsd3JoWjJ6RndjVG1JbnluQUxPSXZsUQ?oc=5\" target=\"_blank\" rel=\"nofollow noopener\">Nuremberg tekee natsismin j\u00e4rjestelm\u00e4llisyydest\u00e4 ja holokaustin kauhuista yksil\u00f6iden puisevaa oikeussalidraamaa<\/a>&nbsp;&nbsp;Kulttuuritoimitus<\/li>\n<li><a href=\"https:\/\/news.google.com\/rss\/articles\/CBMiWkFVX3lxTE9pTnFHeThDV292WFVlSGx5V1dROXQyUTV1T2daVUVoZjJ5MDFZNEU2YmZETWtvU1dlNGlvY2NqblU1UUxHM2JRZ0NFVkswUWNTLVlYdW4tSlcwdw?oc=5\" target=\"_blank\" rel=\"nofollow noopener\">Elokuva-arvio | Kovan luokan historiadraama natsioikeudenk\u00e4ynnist\u00e4 kosiskelee Oscar-palkintoraatia<\/a>&nbsp;&nbsp;HS.fi<\/li>\n<li><a href=\"https:\/\/news.google.com\/rss\/articles\/CBMiZkFVX3lxTE9yUzllY0g3aTVfNGtZdVBYVnZfbnR5VzdGclcyNzB5bzR6QU5DZ0RIZ1VibFE5VGFKcTdVdXd5TjJjNWNDSXRvM2hPblEyNmJaMVhobkxTbzc3ZDVrTFAtY0VlWmp3dw?oc=5\" target=\"_blank\" rel=\"nofollow noopener\">Uusi Hollywood-elokuva sai Suomessa erikoisen nimen \u2013 p\u00e4\u00e4t\u00f6ksen tekij\u00e4 tuli itsekin katumap\u00e4\u00e4lle<\/a>&nbsp;&nbsp;Ilta-Sanomat<\/li>\n<li><a href=\"https:\/\/news.google.com\/rss\/articles\/CBMi3AFBVV95cUxQczhBWmlfdlBPT0N2R0FGR2ZWRXlyWFh6R1M1NDhjU3NUWUFkU2NmS3MySjZ2QUR3WkpCMWZ0NmRaNFNsMEp6azNDS1FUSWpjZ3ZoQzZQWjBnOXZpMnduX0ZJSklJaWt5V19EckZVUF9kclp2WUJjLU8tVXhSc2t5cFdxdExXTUpHNjJEZWV3MnZ2R2NYNjJ1dmtsZm02cGpzVjQtY1J0Q1RpWUZtV3RDT0l2Uk5JUkZLa3BtN3BOLWFWMjFoQXhnVEtXRTdNamptdHRLQk9rZUZwYW45?oc=5\" target=\"_blank\" rel=\"nofollow noopener\">Arvio: Vuoden suuri natsielokuva vie syylliset tuomiolle, mutta puiseva luento on tehty historiaa lukemattomille amerikkalaisille<\/a>&nbsp;&nbsp;Demokraatti.fi<\/li>\n<li><a href=\"https:\/\/news.google.com\/rss\/articles\/CBMiwgFBVV95cUxNVzRtY0NYVFQweEk0bFlUQTRtLUg0SkNYVlVOMHVTMlozNVhiOUhCRnVNS1MzNmtPMTdCMjk5UjltN25BVXdtS085OXpzbE5wanBucUdNcE5XYzJ5eWdiSnFXQXBWck03ZGVxaDBOQ2drQW45dENWOWtCZGlhLTBDWVFRcVdqNzZSVG11SzVxdW92RGttaUNtbG9KRFhNWW1oT2xUMUFBZ2Yzc1AwNWhmMm5PbHRoMVdrSzB3YUVwcHQzdw?oc=5\" target=\"_blank\" rel=\"nofollow noopener\">Nuremberg-elokuva osoittaa miten natsien rikokset eiv\u00e4t ole vain erillisluku ihmiskunnan historiassa<\/a>&nbsp;&nbsp;voima.fi<\/li>\n<\/ol>\n","protected":false},"excerpt":{"rendered":"Nuremberg tekee natsismin j\u00e4rjestelm\u00e4llisyydest\u00e4 ja holokaustin kauhuista yksil\u00f6iden puisevaa oikeussalidraamaa&nbsp;&nbsp;Kulttuuritoimitus Elokuva-arvio | Kovan luokan historiadraama natsioikeudenk\u00e4ynnist\u00e4 kosiskelee Oscar-palkintoraatia&nbsp;&nbsp;HS.fi&hellip;\n","protected":false},"author":2,"featured_media":194,"comment_status":"","ping_status":"","sticky":false,"template":"","format":"standard","meta":{"footnotes":""},"categories":[130],"tags":[137,33,31,30,32,109],"class_list":{"0":"post-101363","1":"post","2":"type-post","3":"status-publish","4":"format-standard","5":"has-post-thumbnail","7":"category-viihde","8":"tag-entertainment","9":"tag-fi","10":"tag-finland","11":"tag-finnish","12":"tag-suomi","13":"tag-viihde"},"share_on_mastodon":{"url":"https:\/\/pubeurope.com\/@fi\/115621110971971103","error":""},"_links":{"self":[{"href":"https:\/\/www.europesays.com\/fi\/wp-json\/wp\/v2\/posts\/101363","targetHints":{"allow":["GET"]}}],"collection":[{"href":"https:\/\/www.europesays.com\/fi\/wp-json\/wp\/v2\/posts"}],"about":[{"href":"https:\/\/www.europesays.com\/fi\/wp-json\/wp\/v2\/types\/post"}],"author":[{"embeddable":true,"href":"https:\/\/www.europesays.com\/fi\/wp-json\/wp\/v2\/users\/2"}],"replies":[{"embeddable":true,"href":"https:\/\/www.europesays.com\/fi\/wp-json\/wp\/v2\/comments?post=101363"}],"version-history":[{"count":0,"href":"https:\/\/www.europesays.com\/fi\/wp-json\/wp\/v2\/posts\/101363\/revisions"}],"wp:featuredmedia":[{"embeddable":true,"href":"https:\/\/www.europesays.com\/fi\/wp-json\/wp\/v2\/media\/194"}],"wp:attachment":[{"href":"https:\/\/www.europesays.com\/fi\/wp-json\/wp\/v2\/media?parent=101363"}],"wp:term":[{"taxonomy":"category","embeddable":true,"href":"https:\/\/www.europesays.com\/fi\/wp-json\/wp\/v2\/categories?post=101363"},{"taxonomy":"post_tag","embeddable":true,"href":"https:\/\/www.europesays.com\/fi\/wp-json\/wp\/v2\/tags?post=101363"}],"curies":[{"name":"wp","href":"https:\/\/api.w.org\/{rel}","templated":true}]}}