{"id":101364,"date":"2025-11-27T10:08:09","date_gmt":"2025-11-27T10:08:09","guid":{"rendered":"https:\/\/www.europesays.com\/fi\/101364\/"},"modified":"2025-11-27T10:08:09","modified_gmt":"2025-11-27T10:08:09","slug":"kazakstanista-laukaistiin-alus-kohti-kansainvalista-avaruusasemaa-uutisia-lyhyesti","status":"publish","type":"post","link":"https:\/\/www.europesays.com\/fi\/101364\/","title":{"rendered":"Kazakstanista laukaistiin alus kohti kansainv\u00e4list\u00e4 avaruusasemaa | Uutisia lyhyesti"},"content":{"rendered":"<p class=\"aw-1gybjub aw-5vja16 kEtdKx kmuxyA yle__article__paragraph\">Mukana aluksella on yhdysvaltalainen astronautti ja kaksi ven\u00e4l\u00e4ist\u00e4 kosmonauttia. <\/p>\n<p><img decoding=\"async\" alt=\"Astronautit nousemassa avaruusalukseen.\" src=\"https:\/\/www.europesays.com\/fi\/wp-content\/uploads\/2025\/11\/39-1560452692818b1ea9e6.jpeg\" class=\"aw-1l9m598 hKVVvP\"\/><\/p>\n<p>Avaa kuvien katselu<\/p>\n<p>NASAn astronautti Chris Williams (keskell\u00e4), Roscosmoksen kosmonautit Sergei Kud-Sverchkov (alhaalla) ja Sergei Mikaev (ylh\u00e4\u00e4ll\u00e4) nousivat Soyuz MS-28 -alukseen t\u00e4n\u00e4\u00e4n. Kuva: Maxim Shipenkov \/ EPA<\/p>\n<p>11:20\u2022P\u00e4ivitetty 11:32<\/p>\n<p class=\"aw-1gybjub aw-1p7kakr kEtdKx cEmitX yle__article__paragraph\">NASA:n astronautti <strong class=\"aw-ak79eh KyCXm yle__article__strong\">Chris Williams<\/strong> ja kaksi Roskosmosin kosmonauttia, <strong class=\"aw-ak79eh KyCXm yle__article__strong\">Sergey Kud-Sverchkov<\/strong> ja <strong class=\"aw-ak79eh KyCXm yle__article__strong\">Sergei Mikaev<\/strong>, laukaistiin t\u00e4n\u00e4\u00e4n avaruuteen Soyuz MS-28 -aluksella kohti kansainv\u00e4list\u00e4 avaruusasemaa (ISS).<\/p>\n<p class=\"aw-1gybjub aw-1p7kakr kEtdKx cEmitX yle__article__paragraph\">Siell\u00e4 he liittyv\u00e4t Expedition 73 -miehist\u00f6\u00f6n edist\u00e4m\u00e4\u00e4n tieteellist\u00e4 tutkimusta.<\/p>\n<p class=\"aw-1gybjub aw-1p7kakr kEtdKx cEmitX yle__article__paragraph\">L\u00e4hde: Reuters<\/p>\n","protected":false},"excerpt":{"rendered":"Mukana aluksella on yhdysvaltalainen astronautti ja kaksi ven\u00e4l\u00e4ist\u00e4 kosmonauttia. Avaa kuvien katselu NASAn astronautti Chris Williams (keskell\u00e4), Roscosmoksen&hellip;\n","protected":false},"author":2,"featured_media":101365,"comment_status":"","ping_status":"","sticky":false,"template":"","format":"standard","meta":{"footnotes":""},"categories":[112],"tags":[453,33,31,30,1327,16034,118,32,119,56],"class_list":{"0":"post-101364","1":"post","2":"type-post","3":"status-publish","4":"format-standard","5":"has-post-thumbnail","7":"category-tiede","8":"tag-avaruus","9":"tag-fi","10":"tag-finland","11":"tag-finnish","12":"tag-kansainvalinen-avaruusasema","13":"tag-kazakstan","14":"tag-science","15":"tag-suomi","16":"tag-tiede","17":"tag-ulkomaat"},"share_on_mastodon":{"url":"https:\/\/pubeurope.com\/@fi\/115621115032766628","error":""},"_links":{"self":[{"href":"https:\/\/www.europesays.com\/fi\/wp-json\/wp\/v2\/posts\/101364","targetHints":{"allow":["GET"]}}],"collection":[{"href":"https:\/\/www.europesays.com\/fi\/wp-json\/wp\/v2\/posts"}],"about":[{"href":"https:\/\/www.europesays.com\/fi\/wp-json\/wp\/v2\/types\/post"}],"author":[{"embeddable":true,"href":"https:\/\/www.europesays.com\/fi\/wp-json\/wp\/v2\/users\/2"}],"replies":[{"embeddable":true,"href":"https:\/\/www.europesays.com\/fi\/wp-json\/wp\/v2\/comments?post=101364"}],"version-history":[{"count":0,"href":"https:\/\/www.europesays.com\/fi\/wp-json\/wp\/v2\/posts\/101364\/revisions"}],"wp:featuredmedia":[{"embeddable":true,"href":"https:\/\/www.europesays.com\/fi\/wp-json\/wp\/v2\/media\/101365"}],"wp:attachment":[{"href":"https:\/\/www.europesays.com\/fi\/wp-json\/wp\/v2\/media?parent=101364"}],"wp:term":[{"taxonomy":"category","embeddable":true,"href":"https:\/\/www.europesays.com\/fi\/wp-json\/wp\/v2\/categories?post=101364"},{"taxonomy":"post_tag","embeddable":true,"href":"https:\/\/www.europesays.com\/fi\/wp-json\/wp\/v2\/tags?post=101364"}],"curies":[{"name":"wp","href":"https:\/\/api.w.org\/{rel}","templated":true}]}}