{"id":101380,"date":"2025-11-27T10:28:07","date_gmt":"2025-11-27T10:28:07","guid":{"rendered":"https:\/\/www.europesays.com\/fi\/101380\/"},"modified":"2025-11-27T10:28:07","modified_gmt":"2025-11-27T10:28:07","slug":"cheryl-hines-ei-ole-puhunut-larry-davidille-curb-your-enthusiasmin-loppumisen-jalkeen","status":"publish","type":"post","link":"https:\/\/www.europesays.com\/fi\/101380\/","title":{"rendered":"Cheryl Hines ei ole puhunut Larry Davidille Curb Your Enthusiasmin loppumisen j\u00e4lkeen \u2013\u00a0"},"content":{"rendered":"<p><a href=\"https:\/\/deadline.com\/2025\/11\/cheryl-hines-larry-david-havent-talked-curb-your-enthusiasm-1236604671\/\" rel=\"nofollow noopener\" target=\"_blank\">Deadline<\/a> uutisoi, ettei n\u00e4yttelij\u00e4 <strong>Cheryl Hines <\/strong>ole jutellut Curb Your Enthusiasm -luojan<strong> Larry Davidin<\/strong> kanssa kuvausten j\u00e4lkeen ollenkaan. Kaksikko n\u00e4ytteli sarjassa pitk\u00e4\u00e4n avioparia.<\/p>\n<p>\u201dEn ole puhunut h\u00e4nen kanssaan hetkeen. Rakastan Larrya ja uskon, ett\u00e4 Larry rakastaa minua. Minusta se on vain politiikkaa ja se her\u00e4tt\u00e4\u00e4 keskustelua\u201d, Hines kertoo.<\/p>\n<p>David on kritisoinut kovasanaisesti <strong>Donald Trumpia<\/strong> ja Hinesin puolisoa, terveysministeri <strong>Robert F. Kennedy Jr.:\u00e4\u00e4<\/strong>. H\u00e4n kirjoitti my\u00f6s esseen \u201dIllalliseni Hitlerin kanssa\u201d, jossa kritisoi talk show -is\u00e4nt\u00e4<strong> Bill Maherin<\/strong> mielistely\u00e4 Trumpia kohtaan.<\/p>\n<p>\u201dOli hullua, miten h\u00e4n k\u00e4vi kimppuusi sill\u00e4 tavalla\u201d, Hines sanoi Maherille haastattelussa.<\/p>\n<p><a href=\"https:\/\/www.episodi.fi\/uutiset\/robert-f-kennedy-jrlla-suhde-40-vuotta-nuorempaan-toimittaja-olivia-nuzziin-kennedyn-puoliso-on-tunnettu-nayttelija\/\" rel=\"nofollow noopener\" target=\"_blank\">Lue my\u00f6s: Robert F. Kennedy Jr:ll\u00e4 suhde 40 vuotta nuorempaan toimittaja Olivia Nuzziin \u2013\u00a0Kennedyn puoliso on tunnettu n\u00e4yttelij\u00e4<\/a><\/p>\n<p>Lue my\u00f6s: <a href=\"https:\/\/www.episodi.fi\/uutiskirje\/?uutiskirjemainos=tekstilinkkimainos\" title=\"Tilaa Episodin uutiskirje ja voit voittaa leffalippuja! Nappaa tv-vinkit suoraan s\u00e4hk\u00f6postiin t\u00e4st\u00e4.\" class=\"underline-custom !font-montserrat !font-bold !underline-offset-4 !decoration-4 !decoration-episodi-blue !text-md\" rel=\"nofollow noopener\" target=\"_blank\">Tilaa Episodin uutiskirje ja voit voittaa leffalippuja! Nappaa katseluvinkit suoraan s\u00e4hk\u00f6postiin t\u00e4st\u00e4.<\/a><\/p>\n","protected":false},"excerpt":{"rendered":"Deadline uutisoi, ettei n\u00e4yttelij\u00e4 Cheryl Hines ole jutellut Curb Your Enthusiasm -luojan Larry Davidin kanssa kuvausten j\u00e4lkeen ollenkaan.&hellip;\n","protected":false},"author":2,"featured_media":101381,"comment_status":"","ping_status":"","sticky":false,"template":"","format":"standard","meta":{"footnotes":""},"categories":[133],"tags":[19412,585,137,33,31,30,6302,248,32,206,156,109],"class_list":{"0":"post-101380","1":"post","2":"type-post","3":"status-publish","4":"format-standard","5":"has-post-thumbnail","7":"category-televisiot","8":"tag-curb-your-enthusiasm","9":"tag-donald-trump","10":"tag-entertainment","11":"tag-fi","12":"tag-finland","13":"tag-finnish","14":"tag-ignostot","15":"tag-larry-david","16":"tag-suomi","17":"tag-televisiot","18":"tag-tv","19":"tag-viihde"},"share_on_mastodon":{"url":"https:\/\/pubeurope.com\/@fi\/115621193554465875","error":""},"_links":{"self":[{"href":"https:\/\/www.europesays.com\/fi\/wp-json\/wp\/v2\/posts\/101380","targetHints":{"allow":["GET"]}}],"collection":[{"href":"https:\/\/www.europesays.com\/fi\/wp-json\/wp\/v2\/posts"}],"about":[{"href":"https:\/\/www.europesays.com\/fi\/wp-json\/wp\/v2\/types\/post"}],"author":[{"embeddable":true,"href":"https:\/\/www.europesays.com\/fi\/wp-json\/wp\/v2\/users\/2"}],"replies":[{"embeddable":true,"href":"https:\/\/www.europesays.com\/fi\/wp-json\/wp\/v2\/comments?post=101380"}],"version-history":[{"count":0,"href":"https:\/\/www.europesays.com\/fi\/wp-json\/wp\/v2\/posts\/101380\/revisions"}],"wp:featuredmedia":[{"embeddable":true,"href":"https:\/\/www.europesays.com\/fi\/wp-json\/wp\/v2\/media\/101381"}],"wp:attachment":[{"href":"https:\/\/www.europesays.com\/fi\/wp-json\/wp\/v2\/media?parent=101380"}],"wp:term":[{"taxonomy":"category","embeddable":true,"href":"https:\/\/www.europesays.com\/fi\/wp-json\/wp\/v2\/categories?post=101380"},{"taxonomy":"post_tag","embeddable":true,"href":"https:\/\/www.europesays.com\/fi\/wp-json\/wp\/v2\/tags?post=101380"}],"curies":[{"name":"wp","href":"https:\/\/api.w.org\/{rel}","templated":true}]}}