{"id":101389,"date":"2025-11-27T10:38:09","date_gmt":"2025-11-27T10:38:09","guid":{"rendered":"https:\/\/www.europesays.com\/fi\/101389\/"},"modified":"2025-11-27T10:38:09","modified_gmt":"2025-11-27T10:38:09","slug":"joku-tuli-venajalta-rajan-yli-ja-katosi-etsinnat-kaynnissa","status":"publish","type":"post","link":"https:\/\/www.europesays.com\/fi\/101389\/","title":{"rendered":"Joku tuli Ven\u00e4j\u00e4lt\u00e4 rajan yli ja katosi \u2013 etsinn\u00e4t k\u00e4ynniss\u00e4"},"content":{"rendered":"<p>Alueella liikkuu Rajavartiolaitoksen ajoneuvoja.<\/p>\n<p class=\"article-body mb-nof-24 px-nof-16\">Kaakkois-Suomen rajavartiosto havaitsi yhden henkil\u00f6n ylitt\u00e4neen laittomasti rajan Ven\u00e4j\u00e4lt\u00e4 Suomeen Imatralla torstaina aamup\u00e4iv\u00e4ll\u00e4.<\/p>\n<p class=\"article-body mb-nof-24 px-nof-16\">Etsinn\u00e4t ovat k\u00e4ynniss\u00e4 Imatran alueella. Alueella liikkuu Rajavartiolaitoksen ajoneuvoja sek\u00e4 helikopteri.<\/p>\n<p class=\"article-body mb-nof-24 px-nof-16\">Poikkeavista havainnoista pyydet\u00e4\u00e4n ilmoittamaan Kaakkois-Suomen rajavartioston johtokeskukseen 0295\u00a0422\u00a0012.<\/p>\n<p class=\"article-body mb-nof-24 px-nof-16\">Kaakkois-Suomen alueen rajavaltuutettu on ollut yhteydess\u00e4 Ven\u00e4j\u00e4n Viipurin alueen rajavaltuutettuun.<\/p>\n<p class=\"article-body mb-nof-24 px-nof-16\">Rajavartiosto kertoo asiasta my\u00f6hemmin lis\u00e4\u00e4.<\/p>\n","protected":false},"excerpt":{"rendered":"Alueella liikkuu Rajavartiolaitoksen ajoneuvoja. Kaakkois-Suomen rajavartiosto havaitsi yhden henkil\u00f6n ylitt\u00e4neen laittomasti rajan Ven\u00e4j\u00e4lt\u00e4 Suomeen Imatralla torstaina aamup\u00e4iv\u00e4ll\u00e4. Etsinn\u00e4t&hellip;\n","protected":false},"author":2,"featured_media":101390,"comment_status":"","ping_status":"","sticky":false,"template":"","format":"standard","meta":{"footnotes":""},"categories":[12],"tags":[22,23,26,27,33,31,30,17,34,24,25,28,29,15,18,21,32,19,20,16],"class_list":{"0":"post-101389","1":"post","2":"type-post","3":"status-publish","4":"format-standard","5":"has-post-thumbnail","7":"category-suomi","8":"tag-breaking-news","9":"tag-breakingnews","10":"tag-featured-news","11":"tag-featurednews","12":"tag-fi","13":"tag-finland","14":"tag-finnish","15":"tag-headlines","16":"tag-ilta-sanomat","17":"tag-latest-news","18":"tag-latestnews","19":"tag-main-news","20":"tag-mainnews","21":"tag-news","22":"tag-otsikot","23":"tag-paauutiset","24":"tag-suomi","25":"tag-top-stories","26":"tag-topstories","27":"tag-uutiset"},"share_on_mastodon":{"url":"https:\/\/pubeurope.com\/@fi\/115621232928791348","error":""},"_links":{"self":[{"href":"https:\/\/www.europesays.com\/fi\/wp-json\/wp\/v2\/posts\/101389","targetHints":{"allow":["GET"]}}],"collection":[{"href":"https:\/\/www.europesays.com\/fi\/wp-json\/wp\/v2\/posts"}],"about":[{"href":"https:\/\/www.europesays.com\/fi\/wp-json\/wp\/v2\/types\/post"}],"author":[{"embeddable":true,"href":"https:\/\/www.europesays.com\/fi\/wp-json\/wp\/v2\/users\/2"}],"replies":[{"embeddable":true,"href":"https:\/\/www.europesays.com\/fi\/wp-json\/wp\/v2\/comments?post=101389"}],"version-history":[{"count":0,"href":"https:\/\/www.europesays.com\/fi\/wp-json\/wp\/v2\/posts\/101389\/revisions"}],"wp:featuredmedia":[{"embeddable":true,"href":"https:\/\/www.europesays.com\/fi\/wp-json\/wp\/v2\/media\/101390"}],"wp:attachment":[{"href":"https:\/\/www.europesays.com\/fi\/wp-json\/wp\/v2\/media?parent=101389"}],"wp:term":[{"taxonomy":"category","embeddable":true,"href":"https:\/\/www.europesays.com\/fi\/wp-json\/wp\/v2\/categories?post=101389"},{"taxonomy":"post_tag","embeddable":true,"href":"https:\/\/www.europesays.com\/fi\/wp-json\/wp\/v2\/tags?post=101389"}],"curies":[{"name":"wp","href":"https:\/\/api.w.org\/{rel}","templated":true}]}}