{"id":101399,"date":"2025-11-27T10:58:09","date_gmt":"2025-11-27T10:58:09","guid":{"rendered":"https:\/\/www.europesays.com\/fi\/101399\/"},"modified":"2025-11-27T10:58:09","modified_gmt":"2025-11-27T10:58:09","slug":"jessica-kahara-julkaisi-kuvan-sairaalavuoteelta","status":"publish","type":"post","link":"https:\/\/www.europesays.com\/fi\/101399\/","title":{"rendered":"Jessica K\u00e4h\u00e4r\u00e4 julkaisi kuvan sairaalavuoteelta"},"content":{"rendered":"<p>Pituushypp\u00e4\u00e4j\u00e4 paljasti k\u00e4yneens\u00e4 l\u00e4pi raskaan periodin. <\/p>\n<p><img decoding=\"async\" class=\"image image-show image-preview\" src=\"https:\/\/www.europesays.com\/fi\/wp-content\/uploads\/2025\/11\/1e441f41199e3dbd5620607db3f5fa0b731ff5e943bf888d967f0c78c93f7492.jpg\" alt=\"\"\/><img decoding=\"async\" class=\"image image-show\" src=\"https:\/\/www.europesays.com\/fi\/wp-content\/uploads\/2025\/11\/1764241089_141_1e441f41199e3dbd5620607db3f5fa0b731ff5e943bf888d967f0c78c93f7492.jpg\" alt=\"\"\/><\/p>\n<p>Jessica K\u00e4h\u00e4r\u00e4 haki koviin kipuihin apua leikkausp\u00f6yd\u00e4lt\u00e4.  Jussi Saarinen<\/p>\n<p class=\"paragraph\"><strong>Jessica K\u00e4h\u00e4r\u00e4<\/strong>, 24, k\u00e4vi keskiviikkona v\u00e4lilevyn pullistuman leikkauksessa.<\/p>\n<p class=\"paragraph\">Pituushypp\u00e4\u00e4j\u00e4 kertoo asiasta Instagram-tilill\u00e4\u00e4n.<\/p>\n<p class=\"paragraph\">Operaatio oli K\u00e4h\u00e4r\u00e4lle helpotus, koska se saattaa lopettaa pitk\u00e4n piinan koko syksyn jatkuneiden kipujen kanssa.<\/p>\n<p class=\"paragraph\">\u2013 Arki ollu l\u00e4hinn\u00e4 pelkk\u00e4\u00e4 selviytymist\u00e4. Jatkuvat, l\u00e4hes 24\/7 muistuttavat hermokivut ovat raastaneet niin fyysisesti kuin psyykkisesti. Mieli on ollut aika maassa, ja v\u00e4lill\u00e4 olen vain toivonut, ett\u00e4 voispa nukkua koko ajan, ettei tarvitsisi her\u00e4t\u00e4 siihen hirve\u00e4\u00e4n kipuun. Kipuun, joka on tehnyt arkisista toiminnoista v\u00e4lill\u00e4 jopa mahdotonta. Kipuun, jota en toivoisi kenenk\u00e4\u00e4n joutuvan kokemaan, K\u00e4h\u00e4r\u00e4 kirjoittaa.<\/p>\n<p class=\"paragraph\">Mikkelin Kilpa-Veikkojen urheilijan kausi p\u00e4\u00e4ttyi terveysmurheisiin jo kes\u00e4kuussa.<\/p>\n<p class=\"paragraph\">K\u00e4h\u00e4r\u00e4 on pituushyppyyn vaihtamista kisannut my\u00f6s aitajuoksussa ja kolmiloikassa.<\/p>\n<p class=\"paragraph\">H\u00e4nen siskonsa <strong>Jasmin K\u00e4h\u00e4r\u00e4<\/strong>, 25, tunnetaan maastohiiht\u00e4j\u00e4n\u00e4.<\/p>\n","protected":false},"excerpt":{"rendered":"Pituushypp\u00e4\u00e4j\u00e4 paljasti k\u00e4yneens\u00e4 l\u00e4pi raskaan periodin. Jessica K\u00e4h\u00e4r\u00e4 haki koviin kipuihin apua leikkausp\u00f6yd\u00e4lt\u00e4. Jussi Saarinen Jessica K\u00e4h\u00e4r\u00e4, 24,&hellip;\n","protected":false},"author":2,"featured_media":101400,"comment_status":"","ping_status":"","sticky":false,"template":"","format":"standard","meta":{"footnotes":""},"categories":[158],"tags":[35,33,31,30,1391,41,159,32,502,167,160,162],"class_list":{"0":"post-101399","1":"post","2":"type-post","3":"status-publish","4":"format-standard","5":"has-post-thumbnail","7":"category-urheilu","8":"tag-24h","9":"tag-fi","10":"tag-finland","11":"tag-finnish","12":"tag-ihmisten-ja-elainten-ruumiit","13":"tag-liikunta-ja-urheilu","14":"tag-sports","15":"tag-suomi","16":"tag-terveydenhoito","17":"tag-terveys","18":"tag-urheilu","19":"tag-yleisurheilu"},"share_on_mastodon":{"url":"https:\/\/pubeurope.com\/@fi\/115621311773669402","error":""},"_links":{"self":[{"href":"https:\/\/www.europesays.com\/fi\/wp-json\/wp\/v2\/posts\/101399","targetHints":{"allow":["GET"]}}],"collection":[{"href":"https:\/\/www.europesays.com\/fi\/wp-json\/wp\/v2\/posts"}],"about":[{"href":"https:\/\/www.europesays.com\/fi\/wp-json\/wp\/v2\/types\/post"}],"author":[{"embeddable":true,"href":"https:\/\/www.europesays.com\/fi\/wp-json\/wp\/v2\/users\/2"}],"replies":[{"embeddable":true,"href":"https:\/\/www.europesays.com\/fi\/wp-json\/wp\/v2\/comments?post=101399"}],"version-history":[{"count":0,"href":"https:\/\/www.europesays.com\/fi\/wp-json\/wp\/v2\/posts\/101399\/revisions"}],"wp:featuredmedia":[{"embeddable":true,"href":"https:\/\/www.europesays.com\/fi\/wp-json\/wp\/v2\/media\/101400"}],"wp:attachment":[{"href":"https:\/\/www.europesays.com\/fi\/wp-json\/wp\/v2\/media?parent=101399"}],"wp:term":[{"taxonomy":"category","embeddable":true,"href":"https:\/\/www.europesays.com\/fi\/wp-json\/wp\/v2\/categories?post=101399"},{"taxonomy":"post_tag","embeddable":true,"href":"https:\/\/www.europesays.com\/fi\/wp-json\/wp\/v2\/tags?post=101399"}],"curies":[{"name":"wp","href":"https:\/\/api.w.org\/{rel}","templated":true}]}}