{"id":101435,"date":"2025-11-27T11:55:08","date_gmt":"2025-11-27T11:55:08","guid":{"rendered":"https:\/\/www.europesays.com\/fi\/101435\/"},"modified":"2025-11-27T11:55:08","modified_gmt":"2025-11-27T11:55:08","slug":"mm-rallissa-muhii-jattimainen-yllatys-ja-se-tuli-hieman-puskista-myos-kuljettajalle-itselleen","status":"publish","type":"post","link":"https:\/\/www.europesays.com\/fi\/101435\/","title":{"rendered":"MM-rallissa muhii j\u00e4ttim\u00e4inen yll\u00e4tys &#8211; ja se tuli hieman puskista my\u00f6s kuljettajalle itselleen"},"content":{"rendered":"<p>Sesks on toistaiseksi ollut erinomaisessa vauhdissa ja latvialainen johtaa haastavaa sorakilpailua aamup\u00e4iv\u00e4n lenkin j\u00e4lkeen 1,3 sekunnin erolla Hyundain <strong>Adrien Fourmaux\u00b4n<\/strong> n\u00e4hden.<\/p>\n<p>Sesks sai heti torstain alkajaisiksi ajon sujumaan erinomaisesti ja pudotteli heti aamun ensimm\u00e4iselle p\u00e4tk\u00e4lle pohja-ajan.<\/p>\n<p>\u2013 Aamulla heti ensimm\u00e4isell\u00e4 erikoiskokeella tuli tunne, ett\u00e4 pidin siit\u00e4 p\u00e4tk\u00e4st\u00e4. Tuntui, ett\u00e4 l\u00f6ysimme hyv\u00e4n rytmin. Muutamassa kohdassa oli todella, todella hankalaa, ja t\u00e4\u00e4ll\u00e4 on pakko olla my\u00f6s onnea mukana, koska joissain paikoissa on valtavia kivi\u00e4 sellaisissa kohdissa, joita ei n\u00e4e nuotista. V\u00e4lill\u00e4 t\u00e4m\u00e4 on v\u00e4h\u00e4n arpapeli\u00e4, Sesks tunnusti.<\/p>\n<p>Jo heti rallin alusta alkaen on k\u00e4ynyt selv\u00e4ksi, ett\u00e4 l\u00e4ht\u00f6paikalla on Saudi-Arabiassa jopa korostetun suuri merkitys. Ensimm\u00e4iset autot ovat k\u00e4rsineet karulla tavalla auraajan roolistaan. Sen sijaan Sesks on saanut l\u00e4ht\u00f6paikastaan todella paljon etua.<\/p>\n<p>\u2013 Luulen, ett\u00e4 sen merkitys on valtava. Toisaalta, kun auraaminen sujuu, niin se on ihan ok. Muistan Kreikasta, kun olimme ensimm\u00e4isen\u00e4 autona, ja se oli suorastaan katastrofi. Mutta toisaalta kivet ovat siell\u00e4 miss\u00e4 ovat, ja nyt kun takanamme on jo muutama auto, joissain paikoissa on todella syv\u00e4t urat ja valtavat kivet esill\u00e4. Eli kyll\u00e4 t\u00e4t\u00e4 saa edelleen varoa, Sesks kuitenkin muistutti.<\/p>\n<p>Sesks ei kuitenkaan osannut odottaa, ett\u00e4 kisa l\u00e4htisi heti sujumaan n\u00e4in hyvin. Varsinkin aamun ensimm\u00e4isen p\u00e4tk\u00e4n vauhti tuli h\u00e4nelle itselleenkin hieman yll\u00e4tyksen\u00e4.<\/p>\n<p>\u2013 Tunsin, ett\u00e4 kaikki oli ihan hyvin ja ymm\u00e4rsin tilanteen \u2013 tien puhdistamisen ja muut. Mutta ett\u00e4 se menisi n\u00e4in hyvin? En odottanut sit\u00e4, koska tein silti virheit\u00e4 ja kaikkea, Sesks my\u00f6nsi.<\/p>\n","protected":false},"excerpt":{"rendered":"Sesks on toistaiseksi ollut erinomaisessa vauhdissa ja latvialainen johtaa haastavaa sorakilpailua aamup\u00e4iv\u00e4n lenkin j\u00e4lkeen 1,3 sekunnin erolla Hyundain&hellip;\n","protected":false},"author":2,"featured_media":101436,"comment_status":"","ping_status":"","sticky":false,"template":"","format":"standard","meta":{"footnotes":""},"categories":[14],"tags":[22,23,26,27,33,31,30,17,24,25,9503,28,29,18230,15,18,21,3540,10346,32,19,20,56,16,59,60,61],"class_list":{"0":"post-101435","1":"post","2":"type-post","3":"status-publish","4":"format-standard","5":"has-post-thumbnail","7":"category-ulkomaat","8":"tag-breaking-news","9":"tag-breakingnews","10":"tag-featured-news","11":"tag-featurednews","12":"tag-fi","13":"tag-finland","14":"tag-finnish","15":"tag-headlines","16":"tag-latest-news","17":"tag-latestnews","18":"tag-m-sport-ford","19":"tag-main-news","20":"tag-mainnews","21":"tag-martins-sesks","22":"tag-news","23":"tag-otsikot","24":"tag-paauutiset","25":"tag-rallin-mm-sarja","26":"tag-saudi-arabian-mm-ralli","27":"tag-suomi","28":"tag-top-stories","29":"tag-topstories","30":"tag-ulkomaat","31":"tag-uutiset","32":"tag-world","33":"tag-world-news","34":"tag-worldnews"},"share_on_mastodon":{"url":"https:\/\/pubeurope.com\/@fi\/115621535743768807","error":""},"_links":{"self":[{"href":"https:\/\/www.europesays.com\/fi\/wp-json\/wp\/v2\/posts\/101435","targetHints":{"allow":["GET"]}}],"collection":[{"href":"https:\/\/www.europesays.com\/fi\/wp-json\/wp\/v2\/posts"}],"about":[{"href":"https:\/\/www.europesays.com\/fi\/wp-json\/wp\/v2\/types\/post"}],"author":[{"embeddable":true,"href":"https:\/\/www.europesays.com\/fi\/wp-json\/wp\/v2\/users\/2"}],"replies":[{"embeddable":true,"href":"https:\/\/www.europesays.com\/fi\/wp-json\/wp\/v2\/comments?post=101435"}],"version-history":[{"count":0,"href":"https:\/\/www.europesays.com\/fi\/wp-json\/wp\/v2\/posts\/101435\/revisions"}],"wp:featuredmedia":[{"embeddable":true,"href":"https:\/\/www.europesays.com\/fi\/wp-json\/wp\/v2\/media\/101436"}],"wp:attachment":[{"href":"https:\/\/www.europesays.com\/fi\/wp-json\/wp\/v2\/media?parent=101435"}],"wp:term":[{"taxonomy":"category","embeddable":true,"href":"https:\/\/www.europesays.com\/fi\/wp-json\/wp\/v2\/categories?post=101435"},{"taxonomy":"post_tag","embeddable":true,"href":"https:\/\/www.europesays.com\/fi\/wp-json\/wp\/v2\/tags?post=101435"}],"curies":[{"name":"wp","href":"https:\/\/api.w.org\/{rel}","templated":true}]}}