{"id":101439,"date":"2025-11-27T11:57:08","date_gmt":"2025-11-27T11:57:08","guid":{"rendered":"https:\/\/www.europesays.com\/fi\/101439\/"},"modified":"2025-11-27T11:57:08","modified_gmt":"2025-11-27T11:57:08","slug":"ihminen-ylitti-itarajan-luvattomasti-venajalta-imatralle-etsinnat-kaynnissa-etela-karjala","status":"publish","type":"post","link":"https:\/\/www.europesays.com\/fi\/101439\/","title":{"rendered":"Ihminen ylitti it\u00e4rajan luvattomasti Ven\u00e4j\u00e4lt\u00e4 Imatralle \u2013 etsinn\u00e4t k\u00e4ynniss\u00e4 | Etel\u00e4-Karjala"},"content":{"rendered":"<p class=\"aw-1gybjub aw-5vja16 kEtdKx kmuxyA yle__article__paragraph\">Luvaton rajanylitys tapahtui torstaina aamup\u00e4iv\u00e4ll\u00e4. <\/p>\n<p><img decoding=\"async\" alt=\"Suomen ja Ven\u00e4j\u00e4n v\u00e4lisest\u00e4 raja-aitaa Imatran R\u00e4ikk\u00f6l\u00e4ss\u00e4.\" src=\"https:\/\/www.europesays.com\/fi\/wp-content\/uploads\/2025\/11\/39-152285468c7d3275ef76.jpeg\" class=\"aw-1l9m598 hKVVvP\"\/><\/p>\n<p>Avaa kuvien katselu<\/p>\n<p>Rajavartioston mukaan henkil\u00f6n etsinn\u00e4t ovat parhaillaan k\u00e4ynniss\u00e4 Imatralla. Vasta valmistunut raja-aita kuvattiin Imatran R\u00e4ikk\u00f6l\u00e4ss\u00e4 syyskuussa 2025. Kuva: Kare Lehtonen \/ Yle<\/p>\n<p>12:16\u2022P\u00e4ivitetty 13:43<\/p>\n<p class=\"aw-1gybjub aw-1p7kakr kEtdKx cEmitX yle__article__paragraph\">Kaakkois-Suomen rajavartiosto havaitsi yhden ihmisen luvattoman rajanylityksen Ven\u00e4j\u00e4lt\u00e4 Suomeen Imatralla t\u00e4n\u00e4\u00e4n torstaina aamup\u00e4iv\u00e4ll\u00e4.<\/p>\n<p class=\"aw-1gybjub aw-1p7kakr kEtdKx cEmitX yle__article__paragraph\">Rajavartioston mukaan ihmisen etsinn\u00e4t ovat parhaillaan k\u00e4ynniss\u00e4 Imatralla. T\u00e4m\u00e4n takia alueella liikkuu Rajavartiolaitoksen ajoneuvoja sek\u00e4 esimerkiksi helikopteri.<\/p>\n<p class=\"aw-1gybjub aw-1p7kakr kEtdKx cEmitX yle__article__paragraph\">\u2013 Ihmisten on hyv\u00e4 tiet\u00e4\u00e4, ett\u00e4 kyseess\u00e4 ei ole harjoitus, vaan ihan oikea etsint\u00e4tilanne, sanoo Kaakkois-Suomen rajavartioston apulaiskomentaja majuri <strong class=\"aw-ak79eh KyCXm yle__article__strong\">Antti Virta<\/strong>.<\/p>\n<p class=\"aw-1gybjub aw-1p7kakr kEtdKx cEmitX yle__article__paragraph\">Virta kertoo, ett\u00e4 rajanylitys havaittiin rajavartioston omilla sensoreilla ja koirapartioiden avulla. Ylitys tapahtui Imatran korkeudella Vuoksen pohjoispuolisella alueella.<\/p>\n<p class=\"aw-1gybjub aw-1p7kakr kEtdKx cEmitX yle__article__paragraph\">Kello yhden maissa torstaina etsinn\u00e4t olivat edenneet taajama-alueelle.<\/p>\n<p class=\"aw-1gybjub aw-1p7kakr kEtdKx cEmitX yle__article__paragraph\">\u2013 Etsint\u00f6j\u00e4 tehd\u00e4\u00e4n t\u00e4ll\u00e4 hetkell\u00e4 hyvin l\u00e4hell\u00e4 Imatran ydinkeskustaa, toteaa Virta.<\/p>\n<p>Tuntomerkkej\u00e4 ei viel\u00e4 tiedossa<\/p>\n<p class=\"aw-1gybjub aw-1p7kakr kEtdKx cEmitX yle__article__paragraph\">Viel\u00e4 t\u00e4ll\u00e4 hetkell\u00e4 viranomaiset eiv\u00e4t vahvista onko kyseess\u00e4 mies vai nainen, ja mit\u00e4 tuntomerkkej\u00e4 etsityll\u00e4 on.<\/p>\n<p class=\"aw-1gybjub aw-1p7kakr kEtdKx cEmitX yle__article__paragraph\">Kaakkois-Suomen alueen rajavaltuutettu on ottanut yhteytt\u00e4 tapauksen takia Ven\u00e4j\u00e4n Viipurin alueen rajavaltuutettuun.<\/p>\n<p class=\"aw-1gybjub aw-1p7kakr kEtdKx cEmitX yle__article__paragraph\">Kaakkois-Suomen rajavartiosto jatkaa laittoman ylityksen selvitt\u00e4mist\u00e4 ja tiedottaa asiasta my\u00f6hemmin lis\u00e4\u00e4.<\/p>\n<p class=\"aw-1gybjub aw-1p7kakr kEtdKx cEmitX yle__article__paragraph\">\u2013 T\u00e4ss\u00e4 tehd\u00e4\u00e4n nyt t\u00e4ydell\u00e4 teholla etsint\u00f6j\u00e4 ainakin niin pitk\u00e4\u00e4n kuin p\u00e4iv\u00e4nvaloa riitt\u00e4\u00e4, sanoo Virta.<\/p>\n<p class=\"aw-1gybjub aw-1p7kakr kEtdKx cEmitX yle__article__paragraph\">Kaakkois-Suomen rajavartiosto pyyt\u00e4\u00e4 ilmoittamaan mahdollisista poikkeavista havainnoista rajavartioston johtokeskukseen numeroon 0295 422 012.<\/p>\n<p class=\"aw-1gybjub aw-1p7kakr kEtdKx cEmitX yle__article__paragraph\">P\u00e4ivitetty 27.11.2025,13.16: lis\u00e4tty Kaakkois-Suomen rajavartioston apulaiskomentaja majuri Antti Virran kommentteja<\/p>\n","protected":false},"excerpt":{"rendered":"Luvaton rajanylitys tapahtui torstaina aamup\u00e4iv\u00e4ll\u00e4. Avaa kuvien katselu Rajavartioston mukaan henkil\u00f6n etsinn\u00e4t ovat parhaillaan k\u00e4ynniss\u00e4 Imatralla. Vasta valmistunut&hellip;\n","protected":false},"author":2,"featured_media":101440,"comment_status":"","ping_status":"","sticky":false,"template":"","format":"standard","meta":{"footnotes":""},"categories":[5],"tags":[22,23,1302,26,27,33,31,30,17,736,71,24,25,28,29,15,18,21,5465,8107,32,19,20,16,547,4645],"class_list":{"0":"post-101439","1":"post","2":"type-post","3":"status-publish","4":"format-standard","5":"has-post-thumbnail","7":"category-otsikot","8":"tag-breaking-news","9":"tag-breakingnews","10":"tag-etela-karjala","11":"tag-featured-news","12":"tag-featurednews","13":"tag-fi","14":"tag-finland","15":"tag-finnish","16":"tag-headlines","17":"tag-imatra","18":"tag-kotimaa","19":"tag-latest-news","20":"tag-latestnews","21":"tag-main-news","22":"tag-mainnews","23":"tag-news","24":"tag-otsikot","25":"tag-paauutiset","26":"tag-rajavartiolaitos","27":"tag-rajavartiostot","28":"tag-suomi","29":"tag-top-stories","30":"tag-topstories","31":"tag-uutiset","32":"tag-venaja","33":"tag-viranomaiset"},"share_on_mastodon":{"url":"https:\/\/pubeurope.com\/@fi\/115621543624868030","error":""},"_links":{"self":[{"href":"https:\/\/www.europesays.com\/fi\/wp-json\/wp\/v2\/posts\/101439","targetHints":{"allow":["GET"]}}],"collection":[{"href":"https:\/\/www.europesays.com\/fi\/wp-json\/wp\/v2\/posts"}],"about":[{"href":"https:\/\/www.europesays.com\/fi\/wp-json\/wp\/v2\/types\/post"}],"author":[{"embeddable":true,"href":"https:\/\/www.europesays.com\/fi\/wp-json\/wp\/v2\/users\/2"}],"replies":[{"embeddable":true,"href":"https:\/\/www.europesays.com\/fi\/wp-json\/wp\/v2\/comments?post=101439"}],"version-history":[{"count":0,"href":"https:\/\/www.europesays.com\/fi\/wp-json\/wp\/v2\/posts\/101439\/revisions"}],"wp:featuredmedia":[{"embeddable":true,"href":"https:\/\/www.europesays.com\/fi\/wp-json\/wp\/v2\/media\/101440"}],"wp:attachment":[{"href":"https:\/\/www.europesays.com\/fi\/wp-json\/wp\/v2\/media?parent=101439"}],"wp:term":[{"taxonomy":"category","embeddable":true,"href":"https:\/\/www.europesays.com\/fi\/wp-json\/wp\/v2\/categories?post=101439"},{"taxonomy":"post_tag","embeddable":true,"href":"https:\/\/www.europesays.com\/fi\/wp-json\/wp\/v2\/tags?post=101439"}],"curies":[{"name":"wp","href":"https:\/\/api.w.org\/{rel}","templated":true}]}}