{"id":101452,"date":"2025-11-27T12:22:08","date_gmt":"2025-11-27T12:22:08","guid":{"rendered":"https:\/\/www.europesays.com\/fi\/101452\/"},"modified":"2025-11-27T12:22:08","modified_gmt":"2025-11-27T12:22:08","slug":"siviili-ohitti-monta-kenraalia-puolustusministerion-kansliapaallikkovalinnassa","status":"publish","type":"post","link":"https:\/\/www.europesays.com\/fi\/101452\/","title":{"rendered":"Siviili ohitti monta kenraalia puolustusministeri\u00f6n kansliap\u00e4\u00e4llikk\u00f6valinnassa"},"content":{"rendered":"<p>Nimitykset|Puolustusministeri\u00f6n kansliap\u00e4\u00e4llik\u00f6ksi on valittu ministeri\u00f6n puolustuspoliittisen osaston p\u00e4\u00e4llikk\u00f6 Janne Kuusela.<\/p>\n<p class=\"article-body mb-nof-24 px-nof-16\">Valtioneuvosto nimitti torstaina <a class=\"article-personlink\" href=\"https:\/\/www.hs.fi\/haku\/?query=Janne%20Kuuselan\" rel=\"nofollow noopener\" target=\"_blank\">Janne Kuuselan<\/a> puolustusministeri\u00f6n kansliap\u00e4\u00e4llik\u00f6ksi. Teht\u00e4v\u00e4 alkaa helmikuun alussa ja jatkuu vuoden 2031 helmikuun alkuun.<\/p>\n<p class=\"article-body mb-nof-24 px-nof-16\">Kuusela (s. 1972) on toiminut puolustusministeri\u00f6n puolustuspoliittisen osaston p\u00e4\u00e4llikk\u00f6n\u00e4 vuodesta 2022 alkaen. H\u00e4n johti ministeri\u00f6n puolustuspoliittista osastoa my\u00f6s vuosina 2016\u20132020 ja toimi sen apulaisosastop\u00e4\u00e4llikk\u00f6n\u00e4 vuosina 2020\u20132021.<\/p>\n<p class=\"article-body mb-nof-24 px-nof-16\">Aiemmin Kuusela on ty\u00f6skennellyt puolustusministeri\u00f6ss\u00e4 useissa eri teht\u00e4viss\u00e4 vuodesta 1999 l\u00e4htien. H\u00e4n on koulutukseltaan yhteiskuntatieteiden maisteri.<\/p>\n<p class=\"article-body mb-nof-24 px-nof-16\">Kuusela ohitti siviilin\u00e4 valinnassa useita nimekk\u00e4it\u00e4 kenraalikuntaan kuuluvia hakijoita.<\/p>\n<p class=\"article-body mb-nof-24 px-nof-16\">Teht\u00e4v\u00e4\u00e4 hakivat muun muassa p\u00e4\u00e4esikunnan p\u00e4\u00e4llikk\u00f6, kenraaliluutnantti <a class=\"article-personlink\" href=\"https:\/\/www.hs.fi\/haku\/?query=Vesa%20Virtanen\" rel=\"nofollow noopener\" target=\"_blank\">Vesa Virtanen <\/a>ja Puolustusvoimien strategiap\u00e4\u00e4llikk\u00f6, kenraalimajuri <a class=\"article-personlink\" href=\"https:\/\/www.hs.fi\/haku\/?query=Sami%20Nurmi\" rel=\"nofollow noopener\" target=\"_blank\">Sami Nurmi<\/a>. Paikkaa hakivat my\u00f6s Puolustusvoimien sotatalousp\u00e4\u00e4llikk\u00f6, kenraaliluutnantti<a class=\"article-personlink\" href=\"https:\/\/www.hs.fi\/haku\/?query=%20Jari%20Mikkonen\" rel=\"nofollow noopener\" target=\"_blank\"> Jari Mikkonen<\/a>, puolustusministeri\u00f6n kansallisen puolustuksen yksik\u00f6n johtaja, prikaatikenraali <a class=\"article-personlink\" href=\"https:\/\/www.hs.fi\/haku\/?query=Markku%20Viitasaari\" rel=\"nofollow noopener\" target=\"_blank\">Markku Viitasaari<\/a> sek\u00e4 P\u00e4\u00e4esikunnan koulutusp\u00e4\u00e4llikk\u00f6, prikaatikenraali <a class=\"article-personlink\" href=\"https:\/\/www.hs.fi\/haku\/?query=Manu%20Tuominen.\" rel=\"nofollow noopener\" target=\"_blank\">Manu Tuominen.<\/a> Kaikkiaan teht\u00e4v\u00e4\u00e4n haki 12 henkil\u00f6\u00e4.<\/p>\n<p class=\"article-body mb-nof-24 px-nof-16\">Nykyinen kansliap\u00e4\u00e4llikk\u00f6 <a class=\"article-personlink\" href=\"https:\/\/www.hs.fi\/haku\/?query=Esa%20Pulkkinen\" rel=\"nofollow noopener\" target=\"_blank\">Esa Pulkkinen<\/a> on toiminut puolustusministeri\u00f6n kansliap\u00e4\u00e4llikk\u00f6n\u00e4 vuoden 2022 alusta alkaen. H\u00e4nen virkasuhdettaan <a class=\"article-genericlink\" href=\"https:\/\/www.hs.fi\/politiikka\/art-2000010968091.html\" rel=\"nofollow noopener\" target=\"_blank\">p\u00e4\u00e4tettiin viime vuonna <\/a>jatkaa tammikuun loppuun saakka. Normaalisti uusi kansliap\u00e4\u00e4llikk\u00f6 olisi nimitetty jo elokuussa 2025.<\/p>\n","protected":false},"excerpt":{"rendered":"Nimitykset|Puolustusministeri\u00f6n kansliap\u00e4\u00e4llik\u00f6ksi on valittu ministeri\u00f6n puolustuspoliittisen osaston p\u00e4\u00e4llikk\u00f6 Janne Kuusela. Valtioneuvosto nimitti torstaina Janne Kuuselan puolustusministeri\u00f6n kansliap\u00e4\u00e4llik\u00f6ksi. Teht\u00e4v\u00e4&hellip;\n","protected":false},"author":2,"featured_media":101453,"comment_status":"","ping_status":"","sticky":false,"template":"","format":"standard","meta":{"footnotes":""},"categories":[12],"tags":[22,23,26,27,33,31,30,17,46,24,25,28,29,15,18,21,32,19,20,16],"class_list":{"0":"post-101452","1":"post","2":"type-post","3":"status-publish","4":"format-standard","5":"has-post-thumbnail","7":"category-suomi","8":"tag-breaking-news","9":"tag-breakingnews","10":"tag-featured-news","11":"tag-featurednews","12":"tag-fi","13":"tag-finland","14":"tag-finnish","15":"tag-headlines","16":"tag-helsingin-sanomat","17":"tag-latest-news","18":"tag-latestnews","19":"tag-main-news","20":"tag-mainnews","21":"tag-news","22":"tag-otsikot","23":"tag-paauutiset","24":"tag-suomi","25":"tag-top-stories","26":"tag-topstories","27":"tag-uutiset"},"share_on_mastodon":{"url":"https:\/\/pubeurope.com\/@fi\/115621641903388158","error":""},"_links":{"self":[{"href":"https:\/\/www.europesays.com\/fi\/wp-json\/wp\/v2\/posts\/101452","targetHints":{"allow":["GET"]}}],"collection":[{"href":"https:\/\/www.europesays.com\/fi\/wp-json\/wp\/v2\/posts"}],"about":[{"href":"https:\/\/www.europesays.com\/fi\/wp-json\/wp\/v2\/types\/post"}],"author":[{"embeddable":true,"href":"https:\/\/www.europesays.com\/fi\/wp-json\/wp\/v2\/users\/2"}],"replies":[{"embeddable":true,"href":"https:\/\/www.europesays.com\/fi\/wp-json\/wp\/v2\/comments?post=101452"}],"version-history":[{"count":0,"href":"https:\/\/www.europesays.com\/fi\/wp-json\/wp\/v2\/posts\/101452\/revisions"}],"wp:featuredmedia":[{"embeddable":true,"href":"https:\/\/www.europesays.com\/fi\/wp-json\/wp\/v2\/media\/101453"}],"wp:attachment":[{"href":"https:\/\/www.europesays.com\/fi\/wp-json\/wp\/v2\/media?parent=101452"}],"wp:term":[{"taxonomy":"category","embeddable":true,"href":"https:\/\/www.europesays.com\/fi\/wp-json\/wp\/v2\/categories?post=101452"},{"taxonomy":"post_tag","embeddable":true,"href":"https:\/\/www.europesays.com\/fi\/wp-json\/wp\/v2\/tags?post=101452"}],"curies":[{"name":"wp","href":"https:\/\/api.w.org\/{rel}","templated":true}]}}