{"id":101483,"date":"2025-11-27T13:13:12","date_gmt":"2025-11-27T13:13:12","guid":{"rendered":"https:\/\/www.europesays.com\/fi\/101483\/"},"modified":"2025-11-27T13:13:12","modified_gmt":"2025-11-27T13:13:12","slug":"harkahai-tappoi-naisen-australiassa-hs-fi","status":"publish","type":"post","link":"https:\/\/www.europesays.com\/fi\/101483\/","title":{"rendered":"H\u00e4rk\u00e4hai tappoi naisen Australiassa | HS.fi"},"content":{"rendered":"<p>Australia|Australiassa hai\u00adhy\u00f6kk\u00e4yksiss\u00e4 on raportoitu kuolleen viimeisten noin 200 vuoden aikana yli 250 ihmist\u00e4.<\/p>\n<p class=\"article-body mb-nof-24 px-nof-16\">Australiassa yksi ihminen kuoli ja toinen loukkaantui haihy\u00f6kk\u00e4yksess\u00e4 torstaina.<\/p>\n<p class=\"article-body mb-nof-24 px-nof-16\">Mies ja nainen olivat l\u00e4hteneet uimaan aikaisin aamulla syrj\u00e4iselt\u00e4 rannalta maan it\u00e4osassa Uuden Etel\u00e4-Walesin osavaltiossa. Nainen kuoli hy\u00f6kk\u00e4yksess\u00e4, mutta mies pelastui ohikulkijan avun ansiosta.<\/p>\n<p class=\"article-body mb-nof-24 px-nof-16\">Mies loukkaantui vakavasti, ja h\u00e4net lenn\u00e4tettiin sairaalaan. Paikallinen poliisi kertoi jo torstaina miehen tilan olevan vakaa.<\/p>\n<p class=\"article-body mb-nof-24 px-nof-16\">Viranomaiset totesivat hain mit\u00e4 todenn\u00e4k\u00f6isimmin olleen h\u00e4rk\u00e4hai, joka on yksi yleisimmist\u00e4 lajeista haihy\u00f6kk\u00e4yksiss\u00e4.<\/p>\n<p class=\"article-body mb-nof-24 px-nof-16\">Australiassa haihy\u00f6kk\u00e4yksiss\u00e4 on raportoitu kuolleen viimeisten noin kahdensadan vuoden aikana yli 250 ihmist\u00e4. Viimeksi syyskuussa Sydneyss\u00e4 surffaaja kuoli valkohain hy\u00f6kk\u00e4yksess\u00e4 saamiinsa vammoihin.<\/p>\n<p class=\"article-body mb-nof-24 px-nof-16\">Viimeisten 25 vuoden aikana hy\u00f6kk\u00e4yksiss\u00e4 on raportoitu kuolleen 56 ihmist\u00e4, kun t\u00e4t\u00e4 edelt\u00e4v\u00e4ll\u00e4 vastaavalla ajanjaksolla kuolemia raportoitiin 27. Merivesien l\u00e4mpeneminen vaikuttaa haiden liikkeisiin, mik\u00e4 voi lis\u00e4t\u00e4 hy\u00f6kk\u00e4yksi\u00e4.<\/p>\n","protected":false},"excerpt":{"rendered":"Australia|Australiassa hai\u00adhy\u00f6kk\u00e4yksiss\u00e4 on raportoitu kuolleen viimeisten noin 200 vuoden aikana yli 250 ihmist\u00e4. Australiassa yksi ihminen kuoli ja&hellip;\n","protected":false},"author":2,"featured_media":96697,"comment_status":"","ping_status":"","sticky":false,"template":"","format":"standard","meta":{"footnotes":""},"categories":[14],"tags":[22,23,26,27,33,31,30,17,46,24,25,28,29,15,18,21,32,19,20,56,16,59,60,61],"class_list":{"0":"post-101483","1":"post","2":"type-post","3":"status-publish","4":"format-standard","5":"has-post-thumbnail","7":"category-ulkomaat","8":"tag-breaking-news","9":"tag-breakingnews","10":"tag-featured-news","11":"tag-featurednews","12":"tag-fi","13":"tag-finland","14":"tag-finnish","15":"tag-headlines","16":"tag-helsingin-sanomat","17":"tag-latest-news","18":"tag-latestnews","19":"tag-main-news","20":"tag-mainnews","21":"tag-news","22":"tag-otsikot","23":"tag-paauutiset","24":"tag-suomi","25":"tag-top-stories","26":"tag-topstories","27":"tag-ulkomaat","28":"tag-uutiset","29":"tag-world","30":"tag-world-news","31":"tag-worldnews"},"share_on_mastodon":{"url":"https:\/\/pubeurope.com\/@fi\/115621842479656746","error":""},"_links":{"self":[{"href":"https:\/\/www.europesays.com\/fi\/wp-json\/wp\/v2\/posts\/101483","targetHints":{"allow":["GET"]}}],"collection":[{"href":"https:\/\/www.europesays.com\/fi\/wp-json\/wp\/v2\/posts"}],"about":[{"href":"https:\/\/www.europesays.com\/fi\/wp-json\/wp\/v2\/types\/post"}],"author":[{"embeddable":true,"href":"https:\/\/www.europesays.com\/fi\/wp-json\/wp\/v2\/users\/2"}],"replies":[{"embeddable":true,"href":"https:\/\/www.europesays.com\/fi\/wp-json\/wp\/v2\/comments?post=101483"}],"version-history":[{"count":0,"href":"https:\/\/www.europesays.com\/fi\/wp-json\/wp\/v2\/posts\/101483\/revisions"}],"wp:featuredmedia":[{"embeddable":true,"href":"https:\/\/www.europesays.com\/fi\/wp-json\/wp\/v2\/media\/96697"}],"wp:attachment":[{"href":"https:\/\/www.europesays.com\/fi\/wp-json\/wp\/v2\/media?parent=101483"}],"wp:term":[{"taxonomy":"category","embeddable":true,"href":"https:\/\/www.europesays.com\/fi\/wp-json\/wp\/v2\/categories?post=101483"},{"taxonomy":"post_tag","embeddable":true,"href":"https:\/\/www.europesays.com\/fi\/wp-json\/wp\/v2\/tags?post=101483"}],"curies":[{"name":"wp","href":"https:\/\/api.w.org\/{rel}","templated":true}]}}