{"id":101493,"date":"2025-11-27T13:35:11","date_gmt":"2025-11-27T13:35:11","guid":{"rendered":"https:\/\/www.europesays.com\/fi\/101493\/"},"modified":"2025-11-27T13:35:11","modified_gmt":"2025-11-27T13:35:11","slug":"olga-temosen-viimeisista-hetkista-uutta-tietoa","status":"publish","type":"post","link":"https:\/\/www.europesays.com\/fi\/101493\/","title":{"rendered":"Olga Temosen viimeisist\u00e4 hetkist\u00e4 uutta tietoa"},"content":{"rendered":"<p>Tuukka Temonen kertoo Seiskalle Olga Temosen viimeisist\u00e4 hetkist\u00e4.<\/p>\n<p><img decoding=\"async\" class=\"image image-show image-preview\" src=\"https:\/\/www.europesays.com\/fi\/wp-content\/uploads\/2025\/11\/318ee783da6a90116bbc24bdba5d81ef2188f124994d2d036c62a33ea87f5afd.png\" alt=\"\"\/><img decoding=\"async\" class=\"image image-show\" src=\"https:\/\/www.europesays.com\/fi\/wp-content\/uploads\/2025\/11\/1764250511_323_318ee783da6a90116bbc24bdba5d81ef2188f124994d2d036c62a33ea87f5afd.png\" alt=\"\"\/><\/p>\n<p>Olga Temonen kuoli maanantaina 17. marraskuuta. Pete Anikari<\/p>\n<p class=\"paragraph\"><a href=\"https:\/\/www.iltalehti.fi\/henkilot\/Tuukka Temonen\" class=\"article-link-person-page\" rel=\"nofollow noopener\" target=\"_blank\">Tuukka Temonen<\/a> kertoo vaimonsa <a href=\"https:\/\/www.iltalehti.fi\/henkilot\/Olga Temonen\" class=\"article-link-person-page\" rel=\"nofollow noopener\" target=\"_blank\">Olga Temosen<\/a> viimeisist\u00e4 hetkist\u00e4 <a href=\"https:\/\/www.seiska.fi\/\" rel=\"noopener nofollow\" target=\"_blank\">Seiskassa<\/a>.<\/p>\n<p class=\"paragraph\">Olga kuoli maanantaina 17. marraskuuta omassa kodissaan Iitiss\u00e4 perheens\u00e4 ymp\u00e4r\u00f6im\u00e4n\u00e4.<\/p>\n<p class=\"paragraph\">\u2013 Minusta se meni niin kuin sen kuuluukin menn\u00e4. Juuri siten ajattelenkin, ett\u00e4 h\u00e4nen l\u00e4ht\u00f6ns\u00e4 hoidetaan t\u00e4st\u00e4 maanp\u00e4\u00e4llisest\u00e4 taipaleesta, Tuukka kuvailee Seiskassa.<\/p>\n<p class=\"paragraph\">Tuukka kertoo olevansa tyytyv\u00e4inen siit\u00e4, ett\u00e4 Olga sai olla loppuun saakka kotosalla.<\/p>\n<p class=\"paragraph\">\u2013 Tilasin sellaisen sairaalas\u00e4ngynkin, mutta ei me sit\u00e4 koskaan laitettu kasaan. Olga pystyi olemaan viimeiseen asti omassa s\u00e4ngyss\u00e4\u00e4n. Se oli paras vaihtoehto, Tuukka toteaa lehdelle.<\/p>\n<p class=\"paragraph\">Tuukka kertoi hiljattain <a href=\"https:\/\/www.iltalehti.fi\/viihdeuutiset\/fc789a57-98b4-48e2-8fef-acdeabb9e54f\" rel=\"nofollow noopener\" target=\"_blank\">Iltalehdelle<\/a>, mit\u00e4 Olgan perustamalle pizzeria Rehtorille tapahtuu nyt, kun Olga on kuollut.<\/p>\n<p class=\"paragraph\">\u2013 Jotkut ajattelevat, ett\u00e4 t\u00e4m\u00e4 oli Olgan ravintola, mutta kun h\u00e4n on nyt poissa, niin sitten t\u00e4m\u00e4kin loppuu. Mutta meh\u00e4n jatkamme t\u00e4t\u00e4 niin pitk\u00e4\u00e4n kuin pystymme, Tuukka totesi.<\/p>\n<p class=\"paragraph\">Olgan siunaustilaisuus j\u00e4rjestet\u00e4\u00e4n lauantaina 29. marraskuuta Iitin kirkossa. Kutsuvieraille on mahdollistettu hetki hyv\u00e4stell\u00e4 Olga ja laittaa h\u00e4nen hauta-arkkunsa p\u00e4\u00e4lle kukkia. Olgan arkku ei tule olemaan auki.<\/p>\n<p class=\"paragraph\">Tilaisuuteen toivotaan v\u00e4rik\u00e4st\u00e4 pukeutumista.<\/p>\n<p class=\"paragraph\">Siunaustilaisuuden j\u00e4lkeen p\u00e4iv\u00e4 jatkuu muistotilaisuudella pizzeria Rehtori.<\/p>\n","protected":false},"excerpt":{"rendered":"Tuukka Temonen kertoo Seiskalle Olga Temosen viimeisist\u00e4 hetkist\u00e4. Olga Temonen kuoli maanantaina 17. marraskuuta. Pete Anikari Tuukka Temonen&hellip;\n","protected":false},"author":2,"featured_media":101494,"comment_status":"","ping_status":"","sticky":false,"template":"","format":"standard","meta":{"footnotes":""},"categories":[130],"tags":[35,138,137,33,31,30,3525,47,141,32,484,109],"class_list":{"0":"post-101493","1":"post","2":"type-post","3":"status-publish","4":"format-standard","5":"has-post-thumbnail","7":"category-viihde","8":"tag-24h","9":"tag-audio","10":"tag-entertainment","11":"tag-fi","12":"tag-finland","13":"tag-finnish","14":"tag-konsertit","15":"tag-musiikki","16":"tag-muusikot-bandit","17":"tag-suomi","18":"tag-taiteellinen-ilmaisu-ja-mediat","19":"tag-viihde"},"share_on_mastodon":{"url":"https:\/\/pubeurope.com\/@fi\/115621929252293687","error":""},"_links":{"self":[{"href":"https:\/\/www.europesays.com\/fi\/wp-json\/wp\/v2\/posts\/101493","targetHints":{"allow":["GET"]}}],"collection":[{"href":"https:\/\/www.europesays.com\/fi\/wp-json\/wp\/v2\/posts"}],"about":[{"href":"https:\/\/www.europesays.com\/fi\/wp-json\/wp\/v2\/types\/post"}],"author":[{"embeddable":true,"href":"https:\/\/www.europesays.com\/fi\/wp-json\/wp\/v2\/users\/2"}],"replies":[{"embeddable":true,"href":"https:\/\/www.europesays.com\/fi\/wp-json\/wp\/v2\/comments?post=101493"}],"version-history":[{"count":0,"href":"https:\/\/www.europesays.com\/fi\/wp-json\/wp\/v2\/posts\/101493\/revisions"}],"wp:featuredmedia":[{"embeddable":true,"href":"https:\/\/www.europesays.com\/fi\/wp-json\/wp\/v2\/media\/101494"}],"wp:attachment":[{"href":"https:\/\/www.europesays.com\/fi\/wp-json\/wp\/v2\/media?parent=101493"}],"wp:term":[{"taxonomy":"category","embeddable":true,"href":"https:\/\/www.europesays.com\/fi\/wp-json\/wp\/v2\/categories?post=101493"},{"taxonomy":"post_tag","embeddable":true,"href":"https:\/\/www.europesays.com\/fi\/wp-json\/wp\/v2\/tags?post=101493"}],"curies":[{"name":"wp","href":"https:\/\/api.w.org\/{rel}","templated":true}]}}