{"id":101499,"date":"2025-11-27T13:39:07","date_gmt":"2025-11-27T13:39:07","guid":{"rendered":"https:\/\/www.europesays.com\/fi\/101499\/"},"modified":"2025-11-27T13:39:07","modified_gmt":"2025-11-27T13:39:07","slug":"trumpin-lahettilas-raivostuttaa-petturi-uusi-suomi","status":"publish","type":"post","link":"https:\/\/www.europesays.com\/fi\/101499\/","title":{"rendered":"Trumpin l\u00e4hettil\u00e4s raivostuttaa: \u201dPetturi\u201d | Uusi Suomi"},"content":{"rendered":"<p>T\u00e4n\u00e4\u00e4n8:42<\/p>\n<p>P\u00e4ivitettyt\u00e4n\u00e4\u00e4n10:02<\/p>\n<p><img loading=\"lazy\" decoding=\"async\" src=\"https:\/\/images.almatalent.fi\/66x66\/https:\/\/content.kauppalehti.fi\/journalist-imgs\/1280d65d-9ae4-3d10-9fd2-3034b9cd34d4\" alt=\"\" width=\"114\" height=\"114\" class=\"tmcl-__sc-150k6kj-0 tmcl-__sc-150k6kj-4 kkibLS\"\/><\/p>\n<p class=\"tmcl-__sc-yr5q5a-0 tmcl-__sc-yr5q5a-1 kvhgnD\">Yhdysvaltain erikoisl\u00e4hettil\u00e4\u00e4n <strong class=\"sc-447ead16-0 DZxeH\">Steve Witkoffin<\/strong> raportoitu neuvottelu ven\u00e4l\u00e4isten kanssa siit\u00e4, kuinka <strong class=\"sc-447ead16-0 DZxeH\">Donald Trumpin<\/strong> kanssa kannattaa toimia, her\u00e4tt\u00e4\u00e4 Yhdysvalloissa laajentuvaa huolta ja jopa vaatimuksia Witkoffin potkuista. Asiaan ottavat voimakkaasti kantaa niin sanotut Ven\u00e4j\u00e4-haukat sek\u00e4 Trumpin oman puolueen republikaanien ett\u00e4 demokraattien riveist\u00e4.<\/p>\n<p class=\"tmcl-__sc-yr5q5a-0 tmcl-__sc-yr5q5a-1 kvhgnD\">Bloombergille <a target=\"_self\" href=\"https:\/\/www.uusisuomi.fi\/uutiset\/a\/f7f50323-4bc9-45e0-8db0-17dff1343fc8\" rel=\"noopener nofollow\" class=\"tmcl-__sc-1666wpr-2 tmcl-__sc-1666wpr-5 bTQmmU sc-30f523f3-2 eYrjYX sc-30f523f3-5\">vuodettujen puhelutietojen<\/a> mukaan Witkoff, joka on ollut keskeisesti sorvaamassa Ukrainan uutta rauhansuunnitelmaa, neuvoi Ven\u00e4j\u00e4n presidentin avustajaa <strong class=\"sc-447ead16-0 DZxeH\">Juri U\u0161akovia<\/strong> suunnitelman \u201dmyymisest\u00e4\u201d Yhdysvaltain presidentille Donald Trumpille.<\/p>\n<p><a target=\"_blank\" href=\"https:\/\/uutiskirje.uusisuomi.fi\/\" class=\"tmcl-__sc-1666wpr-2 tmcl-__sc-1666wpr-5 bTQmmU sc-30f523f3-3 sc-30f523f3-4 ilbPLE\" rel=\"nofollow noopener\">P\u00e4iv\u00e4n politiikan aiheet k\u00e4tev\u00e4ss\u00e4 paketissa &#8211; Tilaa Uuden Suomen maksuton uutiskirje\ufeff<\/a><\/p>\n<p class=\"tmcl-__sc-yr5q5a-0 tmcl-__sc-yr5q5a-1 kvhgnD\">\u201dTosiasiallinen petturi\u201d, toimintaa kommentoi demokraattien kongressiedustaja, edustajainhuoneen j\u00e4sen <strong class=\"sc-447ead16-0 DZxeH\">Ted Lieu<\/strong> Kaliforniasta X-palvelun postauksessaan.<\/p>\n<p class=\"tmcl-__sc-yr5q5a-0 tmcl-__sc-yr5q5a-1 kvhgnD\">\u201dSteve Witkoffin on tarkoitus ty\u00f6skennell\u00e4 Yhdysvalloille, ei Ven\u00e4j\u00e4lle.\u201d<\/p>\n<p class=\"tmcl-__sc-yr5q5a-0 tmcl-__sc-yr5q5a-1 kvhgnD\">Pennsylvanialainen republikaaniedustaja <strong class=\"sc-447ead16-0 DZxeH\">Brian Fitzpatrick<\/strong> katsoo vuodon paljastaneen merkitt\u00e4v\u00e4n ongelman ja osoittavan, ett\u00e4 \u201dn\u00e4iden naurettavien sivun\u00e4yt\u00f6sten ja salaisten tapaamisten on loputtava\u201d. Fitzpatrick katsoo <a target=\"_blank\" href=\"https:\/\/x.com\/RepBrianFitz\/status\/1993428150492316095\" rel=\"noopener nofollow\" class=\"tmcl-__sc-1666wpr-2 tmcl-__sc-1666wpr-5 bTQmmU sc-30f523f3-2 eYrjYX sc-30f523f3-5\">X-palvelun viestiss\u00e4\u00e4n\ufeff<\/a>, ett\u00e4 Yhdysvaltain ulkoministeri <strong class=\"sc-447ead16-0 DZxeH\">Marco Rubion<\/strong> tulisi ottaa ohjat ja saada \u201dtehd\u00e4 ty\u00f6ns\u00e4 reilulla ja objektiivisella tavalla\u201d.<\/p>\n<p class=\"tmcl-__sc-yr5q5a-0 tmcl-__sc-yr5q5a-1 kvhgnD\">Jo aiemmin Witkoffille vaati potkuja republikaaniedustaja <strong class=\"sc-447ead16-0 DZxeH\">Don Bacon<\/strong>, joka katsoo Witkoffin selv\u00e4sti suosivan Ven\u00e4j\u00e4\u00e4.<\/p>\n<p class=\"tmcl-__sc-yr5q5a-0 tmcl-__sc-yr5q5a-1 kvhgnD\">Valkoisen talon Ven\u00e4j\u00e4-politiikka on <a target=\"_self\" href=\"https:\/\/www.uusisuomi.fi\/uutiset\/a\/1d0d4e32-f4d3-4929-936b-0d4313eb9471\" rel=\"noopener nofollow\" class=\"tmcl-__sc-1666wpr-2 tmcl-__sc-1666wpr-5 bTQmmU sc-30f523f3-2 eYrjYX sc-30f523f3-5\">k\u00e4ynnist\u00e4nyt republikaanipuolueessa sis\u00e4isen myllerryksen<\/a> ja vastaliikkeen. <strong class=\"sc-447ead16-0 DZxeH\">Lue lis\u00e4\u00e4 t\u00e4st\u00e4 jutusta:<\/strong><\/p>\n<p><a target=\"_self\" href=\"https:\/\/www.uusisuomi.fi\/uutiset\/a\/1d0d4e32-f4d3-4929-936b-0d4313eb9471\" rel=\"noopener nofollow\" class=\"tmcl-__sc-1666wpr-2 tmcl-__sc-1666wpr-5 eyecls sc-30f523f3-0 sc-30f523f3-1 iFBEVv llbGhp\">Nyt py\u00f6rii iso mylly \u2013 Ven\u00e4j\u00e4-vastaisku k\u00e4ynniss\u00e4 Trumpin omissa joukoissa<\/a><img loading=\"lazy\" decoding=\"async\" height=\"380\" width=\"570\" src=\"https:\/\/images.almatalent.fi\/cx0,cy34,cw3000,ch1999,570x\/https:\/\/assets.almatalent.fi\/image\/bfa30249-f3ef-5413-91b9-b0b240b16cff\"   alt=\"Trumpin erityisedustaja, liikemies Steve Witkoff ei ole harjoittanut diplomatiaa ennen teht\u00e4v\u00e4\u00e4ns\u00e4.\" class=\"sc-9ed45ca8-2 haHcPj\"\/><\/p>\n<p class=\"tmcl-__sc-pky86z-1 tmcl-__sc-pky86z-5 iwcFWm\">Ei kokemusta diplomatiasta.<\/p>\n<p class=\"tmcl-__sc-pky86z-2 tmcl-__sc-pky86z-6 jiswiB\"> Trumpin erityisedustaja, liikemies Steve Witkoff ei ole harjoittanut diplomatiaa ennen teht\u00e4v\u00e4\u00e4ns\u00e4.<\/p>\n<p class=\"tmcl-__sc-pky86z-3 tmcl-__sc-pky86z-7 iSWSpo\">KUVA: EPA\/CRISTOBAL HERRERA-ULASHKEVICH, BY: ALL OVER PRESS<\/p>\n<p>Trumpilta ja Valkoiselta talolta tuki<\/p>\n<p class=\"tmcl-__sc-yr5q5a-0 tmcl-__sc-yr5q5a-1 kvhgnD\">Puhelutiedot ja Witkoffiin kohdistuva kritiikki eiv\u00e4t ainakaan pintapuolisesti hetkauta Trumpin johtamaa Valkoista taloa. Trump kuvasi jo aiemmin, perehtym\u00e4tt\u00e4 vuototietoihin tarkemmin, toiminnan olleen tavanomaista neuvotteluty\u00f6t\u00e4.<\/p>\n<p class=\"tmcl-__sc-yr5q5a-0 tmcl-__sc-yr5q5a-1 kvhgnD\">Kun Trumpilta kysyttiin keskiviikkona, onko h\u00e4n huolissaan Witkoffin liiasta \u201dVen\u00e4j\u00e4-mielisyydest\u00e4\u201d, presidentti totesi sodan voivan jatkua vuosia.<\/p>\n<p class=\"tmcl-__sc-yr5q5a-0 tmcl-__sc-yr5q5a-1 kvhgnD\">\u201dVen\u00e4j\u00e4ll\u00e4 on enemm\u00e4n ihmisi\u00e4 \u2013 paljon enemm\u00e4n sotilaita. Joten ajattelen, ett\u00e4 jos Ukraina voi tehd\u00e4 sopimuksen, se on hyv\u00e4\u201d, <a target=\"_blank\" href=\"https:\/\/edition.cnn.com\/2025\/11\/26\/politics\/trump-witkoff-russian-call\" rel=\"noopener nofollow\" class=\"tmcl-__sc-1666wpr-2 tmcl-__sc-1666wpr-5 bTQmmU sc-30f523f3-2 eYrjYX sc-30f523f3-5\">CNN siteeraa Trumpia\ufeff<\/a>.<\/p>\n<p class=\"tmcl-__sc-yr5q5a-0 tmcl-__sc-yr5q5a-1 kvhgnD\">My\u00f6s Valkoisen talon tiedotusp\u00e4\u00e4llikk\u00f6 <strong class=\"sc-447ead16-0 DZxeH\">Steven Cheung <\/strong>antoi Witkoffille tukensa kuvaten t\u00e4t\u00e4 <a target=\"_blank\" href=\"https:\/\/time.com\/7336906\/steve-witkoff-russia-call-trump-ukraine-peace-plan\/\" rel=\"noopener nofollow\" class=\"tmcl-__sc-1666wpr-2 tmcl-__sc-1666wpr-5 bTQmmU sc-30f523f3-2 eYrjYX sc-30f523f3-5\">Time-lehden mukaan\ufeff<\/a> menestyksekk\u00e4\u00e4ksi neuvottelijaksi ja sanoen, ettei \u201dsanotussa ollut mit\u00e4\u00e4n vikaa\u201d. Cheung vaikuttaa n\u00e4in vahvistavan puhelun aidoksi, kuten teki omissa kommenteissaan my\u00f6s puhelun vastapuoli, Ven\u00e4j\u00e4n edustaja U\u0161akov. T\u00e4m\u00e4n mukaan puhelutiedot on vuodettu neuvotteluiden h\u00e4iritsemiseksi.<\/p>\n<p class=\"tmcl-__sc-yr5q5a-0 tmcl-__sc-yr5q5a-1 kvhgnD\">Yhdysvaltain hallinnon erityisedustaja <strong class=\"sc-447ead16-0 DZxeH\">Richard Grenell<\/strong> puolestaan vaati potkuja Witkoffin sijasta puhelun vuotajalle, sanomalehti The Guardian kertoo. Anonyymi vuotaja on Grenellin mukaan kansallinen turvallisuusriski.<\/p>\n<p class=\"tmcl-__sc-yr5q5a-0 tmcl-__sc-yr5q5a-1 kvhgnD\">Ven\u00e4j\u00e4 on k\u00e4ynyt Ukrainassa laajamittaista hy\u00f6kk\u00e4yssotaa helmikuusta 2022. Trumpin hallinto pyrkii lopettamaan sodan. Diplomaattinen mylly alkoi py\u00f6ri\u00e4 vauhdilla, kun julkisuuteen vuodettiin viime viikolla Witkoffin neuvottelema 28 kohdan suunnitelmaluonnos, joka my\u00f6t\u00e4ilee Ven\u00e4j\u00e4n toiveita. Suunnitelmaa on sittemmin rukattu Ukrainan, Euroopan ja Yhdysvaltain kesken. <a target=\"_self\" href=\"https:\/\/www.uusisuomi.fi\/uutiset\/a\/e4ffba8c-a7cd-4d17-98dd-59e5ccc9c0c0\" rel=\"noopener nofollow\" class=\"tmcl-__sc-1666wpr-2 tmcl-__sc-1666wpr-5 bTQmmU sc-30f523f3-2 eYrjYX sc-30f523f3-5\">Samalla Ven\u00e4j\u00e4 on viestinyt, ettei se ole valmis my\u00f6nnytyksiin.<\/a><\/p>\n","protected":false},"excerpt":{"rendered":"T\u00e4n\u00e4\u00e4n8:42 P\u00e4ivitettyt\u00e4n\u00e4\u00e4n10:02 Yhdysvaltain erikoisl\u00e4hettil\u00e4\u00e4n Steve Witkoffin raportoitu neuvottelu ven\u00e4l\u00e4isten kanssa siit\u00e4, kuinka Donald Trumpin kanssa kannattaa toimia, her\u00e4tt\u00e4\u00e4&hellip;\n","protected":false},"author":2,"featured_media":101500,"comment_status":"","ping_status":"","sticky":false,"template":"","format":"standard","meta":{"footnotes":""},"categories":[14],"tags":[22,23,26,27,33,31,30,17,24,25,28,29,15,18,21,32,19,20,56,16,59,60,61],"class_list":{"0":"post-101499","1":"post","2":"type-post","3":"status-publish","4":"format-standard","5":"has-post-thumbnail","7":"category-ulkomaat","8":"tag-breaking-news","9":"tag-breakingnews","10":"tag-featured-news","11":"tag-featurednews","12":"tag-fi","13":"tag-finland","14":"tag-finnish","15":"tag-headlines","16":"tag-latest-news","17":"tag-latestnews","18":"tag-main-news","19":"tag-mainnews","20":"tag-news","21":"tag-otsikot","22":"tag-paauutiset","23":"tag-suomi","24":"tag-top-stories","25":"tag-topstories","26":"tag-ulkomaat","27":"tag-uutiset","28":"tag-world","29":"tag-world-news","30":"tag-worldnews"},"share_on_mastodon":{"url":"https:\/\/pubeurope.com\/@fi\/115621945032966618","error":""},"_links":{"self":[{"href":"https:\/\/www.europesays.com\/fi\/wp-json\/wp\/v2\/posts\/101499","targetHints":{"allow":["GET"]}}],"collection":[{"href":"https:\/\/www.europesays.com\/fi\/wp-json\/wp\/v2\/posts"}],"about":[{"href":"https:\/\/www.europesays.com\/fi\/wp-json\/wp\/v2\/types\/post"}],"author":[{"embeddable":true,"href":"https:\/\/www.europesays.com\/fi\/wp-json\/wp\/v2\/users\/2"}],"replies":[{"embeddable":true,"href":"https:\/\/www.europesays.com\/fi\/wp-json\/wp\/v2\/comments?post=101499"}],"version-history":[{"count":0,"href":"https:\/\/www.europesays.com\/fi\/wp-json\/wp\/v2\/posts\/101499\/revisions"}],"wp:featuredmedia":[{"embeddable":true,"href":"https:\/\/www.europesays.com\/fi\/wp-json\/wp\/v2\/media\/101500"}],"wp:attachment":[{"href":"https:\/\/www.europesays.com\/fi\/wp-json\/wp\/v2\/media?parent=101499"}],"wp:term":[{"taxonomy":"category","embeddable":true,"href":"https:\/\/www.europesays.com\/fi\/wp-json\/wp\/v2\/categories?post=101499"},{"taxonomy":"post_tag","embeddable":true,"href":"https:\/\/www.europesays.com\/fi\/wp-json\/wp\/v2\/tags?post=101499"}],"curies":[{"name":"wp","href":"https:\/\/api.w.org\/{rel}","templated":true}]}}