{"id":10151,"date":"2025-08-19T11:18:08","date_gmt":"2025-08-19T11:18:08","guid":{"rendered":"https:\/\/www.europesays.com\/fi\/10151\/"},"modified":"2025-08-19T11:18:08","modified_gmt":"2025-08-19T11:18:08","slug":"presidenttimme-vaikuttaa-sellaisilla-kentilla-etta-ei-voi-olla-kuin-ylpea","status":"publish","type":"post","link":"https:\/\/www.europesays.com\/fi\/10151\/","title":{"rendered":"Presidenttimme vaikuttaa sellaisilla kentill\u00e4, ett\u00e4 ei voi olla kuin ylpe\u00e4"},"content":{"rendered":"<p class=\"ai-optimize-6 ai-optimize-introduction\">Washingtonin huippukokous oli sodan diplomatiassa merkitt\u00e4v\u00e4 k\u00e4\u00e4nne, toteaa kansanedustaja (kok.) ja sotatieteiden tohtori <strong>Jarno Limnell<\/strong>. <strong>Volodymyr Zelenskyin<\/strong>, <strong>Donald Trumpin<\/strong> ja eurooppalaisten johtajien kohtaamisessa Ukraina kytkettiin uudelleen monenkeskiseen kehykseen.<\/p>\n<p class=\"ai-optimize-6 ai-optimize-introduction\">\u2013 T\u00e4m\u00e4 on sodan jatkon kannalta ratkaisevaa, Limnell sanoo X-viestiketjussaan.<\/p>\n<p class=\"ai-optimize-6 ai-optimize-introduction\">Keskeinen johtop\u00e4\u00e4t\u00f6s on, ett\u00e4 Ukraina ei ole en\u00e4\u00e4 suurvaltojen v\u00e4linen pelinappula.<\/p>\n<p class=\"ai-optimize-6 ai-optimize-introduction\">\u2013 Euroopan johtajien vahva l\u00e4sn\u00e4olo varmisti, ett\u00e4 rauhan ehdot eiv\u00e4t synny Washingtonin ja Moskovan v\u00e4lisiss\u00e4 keskusteluissa, vaan koko l\u00e4nnen yhteisell\u00e4 mandaatilla, Limnell n\u00e4kee.<\/p>\n<p class=\"ai-optimize-6 ai-optimize-introduction\">H\u00e4nen mukaansa Trump lupasi Ukrainalle \u201cturvallisuutta\u201d, mutta j\u00e4tti sis\u00e4ll\u00f6n auki. T\u00e4m\u00e4 kertoo halusta liikkumavaraan, mik\u00e4 on hyv\u00e4 neuvottelijan kannalta, mutta synnytt\u00e4\u00e4 ep\u00e4varmuutta Ukrainan ja Euroopan n\u00e4k\u00f6kulmasta. Lopulta k\u00e4yt\u00e4nn\u00f6n sis\u00e4lt\u00f6 ratkaisee.<\/p>\n<p class=\"ai-optimize-6 ai-optimize-introduction\">Tulevaisuus rakentuu Limnellin mukaan kolmella tasolla:<\/p>\n<p class=\"ai-optimize-6 ai-optimize-introduction\">\u2013 1) rintamalla ei n\u00e4y nopeaa ratkaisua, 2) turvallisuustakuista muodostuu suurin kiistakysymys, 3) geopoliittinen kolmio \u2013 Trumpin kiire, Euroopan ehdot ja [Vladimir] Putinin tavoitteet \u2013 asettaa rajat diplomatialle.<\/p>\n<p class=\"ai-optimize-6 ai-optimize-introduction\">\u2013 Seuraava vaihe on rajatut, valvottavat sopimukset: sotavankien vaihdot, viljak\u00e4yt\u00e4vien turvaaminen, energiainfran suojaaminen. N\u00e4ill\u00e4 luodaan luottamusta ja testataan, onko todellisille neuvotteluille pohjaa, h\u00e4n jatkaa.<\/p>\n<p class=\"ai-optimize-6 ai-optimize-introduction\">Limnellin mukaan tulitauko voi olla vain ehdollinen ja tarkasti valvottu.<\/p>\n<p class=\"ai-optimize-6 ai-optimize-introduction\">\u2013 Ilman aikarajoja ja automaattisia seuraamuksia rikkomuksista se j\u00e4\u00e4dytt\u00e4isi Ven\u00e4j\u00e4n valloitukset. T\u00e4llainen \u201crauhanpaperi\u201d ei pys\u00e4ytt\u00e4isi sotaa \u2013 se takaisi sen jatkumisen my\u00f6hemmin.<\/p>\n<p class=\"ai-optimize-6 ai-optimize-introduction\">Turvatakuut ovat koko prosessin ydin.<\/p>\n<p class=\"ai-optimize-6 ai-optimize-introduction\">\u2013 Ne tarkoittavat konkreettisia toimia: pysyv\u00e4\u00e4 ase- ja ammustukea, ilmapuolustusta, harjoituksia ja selke\u00e4\u00e4 s\u00e4\u00e4nt\u00f6\u00e4 siit\u00e4, ett\u00e4 uusi hy\u00f6kk\u00e4ys laukaisee automaattisen lis\u00e4avun ja -pakotteet. Ilman t\u00e4t\u00e4 ei synny kest\u00e4v\u00e4\u00e4 rauhaa.<\/p>\n<p class=\"ai-optimize-6 ai-optimize-introduction\">Euroopalla on Limnellin mukaan ratkaiseva rooli: tuki on viet\u00e4v\u00e4 v\u00e4liaikaisista p\u00e4\u00e4t\u00f6ksist\u00e4 pysyviksi rakenteiksi.<\/p>\n<p class=\"ai-optimize-6 ai-optimize-introduction\">\u2013 Ammustuotannon kasvattaminen, monivuotiset sopimukset ja energiaturvan varmistaminen ovat v\u00e4ltt\u00e4m\u00e4tt\u00f6mi\u00e4. Samalla pakotteiden kiertoreitit on suljettava.<\/p>\n<p class=\"ai-optimize-6 ai-optimize-introduction\">Washingtonin kokouksen j\u00e4lkeen todenn\u00e4k\u00f6inen seuraava askel on Zelenskyin ja Putinin huippukokous.<\/p>\n<p class=\"ai-optimize-6 ai-optimize-introduction\">Se voi Limnellin n\u00e4kemyksen mukaan onnistua vain, jos sen polku on vaiheistettu: rajattu aseiden hiljentyminen, konkreettiset turvatakuut ja vasta my\u00f6hemmin laajemmat rajakysymykset.<\/p>\n<p class=\"ai-optimize-6 ai-optimize-introduction\">\u2013 Johtop\u00e4\u00e4t\u00f6s: Washington ei tuonut ratkaisua, mutta se avasi suunnan. Rauhan ikkuna on raollaan, mutta sen sis\u00e4lt\u00f6 m\u00e4\u00e4ritell\u00e4\u00e4n teoilla, ei sanoilla. Kest\u00e4v\u00e4 rauha syntyy vain, jos Ukraina saa todelliset turvatakuut ja Ven\u00e4j\u00e4 ymm\u00e4rt\u00e4\u00e4, ettei v\u00e4kivalta tuota voittoja, h\u00e4n summaa.<\/p>\n<p class=\"ai-optimize-6\">Financial Times -lehden <a href=\"https:\/\/www.ft.com\/content\/94897666-abc5-46aa-8418-a76422801c4a\" target=\"_blank\" rel=\"noopener nofollow\">mukaan<\/a> kokouksessa ei keskusteltu Ukrainan alueluovutuksista, joita Putin on vaatinut. Kokouksessa paikalla olleen, eurooppalaisdelegaatioon kuuluneen l\u00e4hteen mukaan Trump oli lausahtanut, ett\u00e4 \u201dse [alueet] eiv\u00e4t ole minun asiani, vaan Ukrainan\u201d.<\/p>\n<p class=\"ai-optimize-6 ai-optimize-introduction\">Kokouksen j\u00e4lleen Trump sanoi Truth Socialissa Euroopan maiden j\u00e4rjest\u00e4v\u00e4n turvatakuut Ukrainalle ja Yhdysvaltojen olevan mukana koordinoimassa niit\u00e4.<\/p>\n<p class=\"ai-optimize-6 ai-optimize-introduction\">My\u00f6s europarlamentaarikko <strong>Mika Aaltola<\/strong> muistuttaa, ett\u00e4 turvatakuiden on oltava sitovia, lupaukset eiv\u00e4t riit\u00e4.<\/p>\n<p class=\"ai-optimize-6 ai-optimize-introduction\">\u2013 Putin n\u00e4ytt\u00e4\u00e4 my\u00f6ntyneen Trumpin mukaan l\u00e4ntisiin turvatakuisiin (?). Miss\u00e4 muodossa? Iso kysymys, pohtii Aaltola, jonka mukaan on ep\u00e4selv\u00e4\u00e4, onko Putin luopunut aiemmin esitt\u00e4mist\u00e4\u00e4n Ven\u00e4j\u00e4n \u201dturvatakuuvaatimuksista\u201d.<\/p>\n<p class=\"ai-optimize-6 ai-optimize-introduction\">Aaltola toteaa, ett\u00e4 huippukokous edisti prosessia, mutta toisaalta Ven\u00e4j\u00e4\u00e4n ei voi luottaa mink\u00e4\u00e4n sopimuksen j\u00e4lkeenk\u00e4\u00e4n.<\/p>\n<p class=\"ai-optimize-6 ai-optimize-introduction\">\u2013 Saadaanko diili aikaan? Vaikeaa tulee olemaan. Ven\u00e4j\u00e4n strategia on ollut viiv\u00e4stytt\u00e4\u00e4 loppuratkaisua, mutta sotilaallisesti se ei ole kyennyt etenem\u00e4\u00e4n. Mutta se halunnee korostaa rauhantahtoa. Viiv\u00e4stytt\u00e4miseen on viel\u00e4 lukemattomia mahdollisuuksia.<\/p>\n<p class=\"ai-optimize-6 ai-optimize-introduction\">Aaltola nostaa esille my\u00f6s presidentti Alexander Stubbin, joka on ollut t\u00e4rke\u00e4ss\u00e4 roolissa Trumpin ja Zelenskyin suhteen vahvistamisessa ja halukkaiden koalition kokoamisessa.<\/p>\n<p class=\"ai-optimize-6 ai-optimize-introduction\">Stubb saa suitsutusta my\u00f6s useilta muilta poliitikoilta. Kansanedustaja <strong>Pauli Aalto-Set\u00e4l\u00e4<\/strong> (kok.) kuvailee Stubbin asemaa ja merkityst\u00e4 poikkeukselliseksi ja historialliseksi.<\/p>\n<p class=\"ai-optimize-6 ai-optimize-introduction\">Kokoomusedustaja <strong>Ville Valkosen<\/strong> mukaan Stubbin pelisilm\u00e4 ja taito kansainv\u00e4lisess\u00e4 politiikassa on timanttista.<\/p>\n<p class=\"ai-optimize-6 ai-optimize-introduction\">\u2013 Tasavallan presidenttimme vaikuttaa n\u00e4in\u00e4 aikoina sellaisilla kentill\u00e4, ett\u00e4 ei voi olla kuin ylpe\u00e4 suomalainen. Toivottavasti t\u00e4m\u00e4n arvo ja merkitys ymm\u00e4rret\u00e4\u00e4n my\u00f6s meill\u00e4, kokoomuksen kansanedustaja <strong>Ville V\u00e4yrynen<\/strong> sanoo.<\/p>\n<blockquote class=\"twitter-tweet\" data-width=\"550\" data-dnt=\"true\">\n<p lang=\"fi\" dir=\"ltr\">Keskeinen johtop\u00e4\u00e4t\u00f6s: Ukraina ei ole en\u00e4\u00e4 suurvaltojen v\u00e4linen pelinappula. Euroopan johtajien vahva l\u00e4sn\u00e4olo varmisti, ett\u00e4 rauhan ehdot eiv\u00e4t synny Washingtonin ja Moskovan v\u00e4lisiss\u00e4 keskusteluissa, vaan koko l\u00e4nnen yhteisell\u00e4 mandaatilla.<br \/>2\/10<\/p>\n<p>\u2014 Jarno Limnell (@JarnoLim) <a href=\"https:\/\/twitter.com\/JarnoLim\/status\/1957660210136510811?ref_src=twsrc%5Etfw\" rel=\"nofollow noopener\" target=\"_blank\">August 19, 2025<\/a><\/p>\n<\/blockquote>\n<blockquote class=\"twitter-tweet\" data-width=\"550\" data-dnt=\"true\">\n<p lang=\"fi\" dir=\"ltr\">2. Kokous n\u00e4ytt\u00e4\u00e4 edist\u00e4neen prosessia huomattavasti. Keskeiset elementit liittyv\u00e4t turvatakuisiin, koska Ven\u00e4j\u00e4\u00e4n ei voi lainkaan luottaa mink\u00e4\u00e4n sopimuksen j\u00e4lkeenk\u00e4\u00e4n. L\u00e4nsi n\u00e4ytt\u00e4\u00e4 nyt puhaltavan yhteen hiileen. Katsotaan. Paljon neuvotteluita edess\u00e4. Nyt ei olisi varaa\u2026<\/p>\n<p>\u2014 Mika Aaltola (@MikaAaltola) <a href=\"https:\/\/twitter.com\/MikaAaltola\/status\/1957524279031132539?ref_src=twsrc%5Etfw\" rel=\"nofollow noopener\" target=\"_blank\">August 18, 2025<\/a><\/p>\n<\/blockquote>\n<blockquote class=\"twitter-tweet\" data-width=\"550\" data-dnt=\"true\">\n<p lang=\"fi\" dir=\"ltr\">Onhan t\u00e4m\u00e4 uskomatonta: Suomen TP <a href=\"https:\/\/twitter.com\/alexstubb?ref_src=twsrc%5Etfw\" rel=\"nofollow noopener\" target=\"_blank\">@alexstubb<\/a> t\u00e4ss\u00e4 riviss\u00e4! \ud83c\uddeb\ud83c\uddee Osoittaa timanttista taitoa kv-politiikasta &amp; aika paljon muutakin pelisilm\u00e4\u00e4 \ud83d\udc8e <a href=\"https:\/\/t.co\/MVIldPEdAi\" rel=\"nofollow\">pic.twitter.com\/MVIldPEdAi<\/a><\/p>\n<p>\u2014 Ville Valkonen (@ville_valkonen) <a href=\"https:\/\/twitter.com\/ville_valkonen\/status\/1957538597399339137?ref_src=twsrc%5Etfw\" rel=\"nofollow noopener\" target=\"_blank\">August 18, 2025<\/a><\/p>\n<\/blockquote>\n<p class=\"ai-optimize-6\">\n<p>\t\t\t\t<script async src=\"https:\/\/platform.twitter.com\/widgets.js\" charset=\"utf-8\"><\/script><\/p>\n","protected":false},"excerpt":{"rendered":"Washingtonin huippukokous oli sodan diplomatiassa merkitt\u00e4v\u00e4 k\u00e4\u00e4nne, toteaa kansanedustaja (kok.) ja sotatieteiden tohtori Jarno Limnell. Volodymyr Zelenskyin, Donald&hellip;\n","protected":false},"author":2,"featured_media":10152,"comment_status":"","ping_status":"","sticky":false,"template":"","format":"standard","meta":{"footnotes":""},"categories":[14],"tags":[22,23,26,27,33,31,30,17,24,25,28,29,15,18,21,2807,32,19,20,56,16,547,59,60,61,619],"class_list":{"0":"post-10151","1":"post","2":"type-post","3":"status-publish","4":"format-standard","5":"has-post-thumbnail","7":"category-ulkomaat","8":"tag-breaking-news","9":"tag-breakingnews","10":"tag-featured-news","11":"tag-featurednews","12":"tag-fi","13":"tag-finland","14":"tag-finnish","15":"tag-headlines","16":"tag-latest-news","17":"tag-latestnews","18":"tag-main-news","19":"tag-mainnews","20":"tag-news","21":"tag-otsikot","22":"tag-paauutiset","23":"tag-sota-ukrainassa","24":"tag-suomi","25":"tag-top-stories","26":"tag-topstories","27":"tag-ulkomaat","28":"tag-uutiset","29":"tag-venaja","30":"tag-world","31":"tag-world-news","32":"tag-worldnews","33":"tag-yhdysvallat"},"share_on_mastodon":{"url":"","error":""},"_links":{"self":[{"href":"https:\/\/www.europesays.com\/fi\/wp-json\/wp\/v2\/posts\/10151","targetHints":{"allow":["GET"]}}],"collection":[{"href":"https:\/\/www.europesays.com\/fi\/wp-json\/wp\/v2\/posts"}],"about":[{"href":"https:\/\/www.europesays.com\/fi\/wp-json\/wp\/v2\/types\/post"}],"author":[{"embeddable":true,"href":"https:\/\/www.europesays.com\/fi\/wp-json\/wp\/v2\/users\/2"}],"replies":[{"embeddable":true,"href":"https:\/\/www.europesays.com\/fi\/wp-json\/wp\/v2\/comments?post=10151"}],"version-history":[{"count":0,"href":"https:\/\/www.europesays.com\/fi\/wp-json\/wp\/v2\/posts\/10151\/revisions"}],"wp:featuredmedia":[{"embeddable":true,"href":"https:\/\/www.europesays.com\/fi\/wp-json\/wp\/v2\/media\/10152"}],"wp:attachment":[{"href":"https:\/\/www.europesays.com\/fi\/wp-json\/wp\/v2\/media?parent=10151"}],"wp:term":[{"taxonomy":"category","embeddable":true,"href":"https:\/\/www.europesays.com\/fi\/wp-json\/wp\/v2\/categories?post=10151"},{"taxonomy":"post_tag","embeddable":true,"href":"https:\/\/www.europesays.com\/fi\/wp-json\/wp\/v2\/tags?post=10151"}],"curies":[{"name":"wp","href":"https:\/\/api.w.org\/{rel}","templated":true}]}}