{"id":101521,"date":"2025-11-27T14:06:08","date_gmt":"2025-11-27T14:06:08","guid":{"rendered":"https:\/\/www.europesays.com\/fi\/101521\/"},"modified":"2025-11-27T14:06:08","modified_gmt":"2025-11-27T14:06:08","slug":"poliisille-luovutettiin-yli-sata-asetta-ja-yksi-tykinammus","status":"publish","type":"post","link":"https:\/\/www.europesays.com\/fi\/101521\/","title":{"rendered":"Poliisille luovutettiin yli sata asetta ja yksi tykinammus"},"content":{"rendered":"<p>P\u00e4\u00e4kaupunkiseutu|Aseiden lis\u00e4ksi poliisille luovutettiin kampanjan aikana tykinammus, kranaatti ja puolustusvoimille kuulunutta r\u00e4j\u00e4hdemateriaalia.<\/p>\n<p class=\"article-body mb-nof-24 px-nof-16\">P\u00e4\u00e4kaupunkiseudun poliisilaitoksille luovutettiin viime viikon aikana yhteens\u00e4 yli sata asetta, satoja kiloja patruunoita ja r\u00e4j\u00e4hdemateriaalia.<\/p>\n<p class=\"article-body mb-nof-24 px-nof-16\">Helsingin poliisille luovutettiin aseiden lis\u00e4ksi tykinammus.<\/p>\n<p class=\"article-body mb-nof-24 px-nof-16\">It\u00e4-Uudenmaan poliisilaitos ker\u00e4si p\u00e4\u00e4kaupunkiseudun poliiseista eniten aseita, 65 kappaletta, joista suurin osa oli laittomia. Lis\u00e4ksi poliisilaitokselle luovutettiin v\u00e4h\u00e4inen m\u00e4\u00e4r\u00e4 puolustusvoimille kuuluvaa r\u00e4j\u00e4hdemateriaalia.<\/p>\n<p class=\"article-body mb-nof-24 px-nof-16\">L\u00e4nsi-Uudenmaan poliisi ker\u00e4si aseiden lis\u00e4ksi muun muassa keppiraketteja ja yhden kranaatin.<\/p>\n<p class=\"article-body mb-nof-24 px-nof-16\">Luovutukset liittyv\u00e4t poliisin jokavuotiseen \u201darmovuosiker\u00e4ykseen\u201d. Kampanjassa poliisille sai luovuttaa muun muassa luvattomia ampuma-aseita, ammuksia sek\u00e4 r\u00e4j\u00e4hteit\u00e4 ilman rikosoikeudellisia seuraamuksia.<\/p>\n<p class=\"article-body mb-nof-24 px-nof-16\">Ker\u00e4yksen tarkoituksena on ennalta ehk\u00e4ist\u00e4 vahinkoja, joita yksityisen ihmisten k\u00e4siin joutuneet aseet ja vaaralliset r\u00e4j\u00e4hteet voivat aiheuttaa Poliisille saa kuitenkin luovuttaa luvattomia aseita my\u00f6s<a class=\"article-genericlink\" href=\"https:\/\/poliisi.fi\/luvattomat-ampuma-aseet-ja-rajahteet\" rel=\"nofollow noopener\" target=\"_blank\"> kampanjan ulkopuolella<\/a> ilman seuraamuksia.<\/p>\n","protected":false},"excerpt":{"rendered":"P\u00e4\u00e4kaupunkiseutu|Aseiden lis\u00e4ksi poliisille luovutettiin kampanjan aikana tykinammus, kranaatti ja puolustusvoimille kuulunutta r\u00e4j\u00e4hdemateriaalia. P\u00e4\u00e4kaupunkiseudun poliisilaitoksille luovutettiin viime viikon aikana&hellip;\n","protected":false},"author":2,"featured_media":96697,"comment_status":"","ping_status":"","sticky":false,"template":"","format":"standard","meta":{"footnotes":""},"categories":[12],"tags":[22,23,26,27,33,31,30,17,46,24,25,28,29,15,18,21,32,19,20,16],"class_list":{"0":"post-101521","1":"post","2":"type-post","3":"status-publish","4":"format-standard","5":"has-post-thumbnail","7":"category-suomi","8":"tag-breaking-news","9":"tag-breakingnews","10":"tag-featured-news","11":"tag-featurednews","12":"tag-fi","13":"tag-finland","14":"tag-finnish","15":"tag-headlines","16":"tag-helsingin-sanomat","17":"tag-latest-news","18":"tag-latestnews","19":"tag-main-news","20":"tag-mainnews","21":"tag-news","22":"tag-otsikot","23":"tag-paauutiset","24":"tag-suomi","25":"tag-top-stories","26":"tag-topstories","27":"tag-uutiset"},"share_on_mastodon":{"url":"https:\/\/pubeurope.com\/@fi\/115622050849452719","error":""},"_links":{"self":[{"href":"https:\/\/www.europesays.com\/fi\/wp-json\/wp\/v2\/posts\/101521","targetHints":{"allow":["GET"]}}],"collection":[{"href":"https:\/\/www.europesays.com\/fi\/wp-json\/wp\/v2\/posts"}],"about":[{"href":"https:\/\/www.europesays.com\/fi\/wp-json\/wp\/v2\/types\/post"}],"author":[{"embeddable":true,"href":"https:\/\/www.europesays.com\/fi\/wp-json\/wp\/v2\/users\/2"}],"replies":[{"embeddable":true,"href":"https:\/\/www.europesays.com\/fi\/wp-json\/wp\/v2\/comments?post=101521"}],"version-history":[{"count":0,"href":"https:\/\/www.europesays.com\/fi\/wp-json\/wp\/v2\/posts\/101521\/revisions"}],"wp:featuredmedia":[{"embeddable":true,"href":"https:\/\/www.europesays.com\/fi\/wp-json\/wp\/v2\/media\/96697"}],"wp:attachment":[{"href":"https:\/\/www.europesays.com\/fi\/wp-json\/wp\/v2\/media?parent=101521"}],"wp:term":[{"taxonomy":"category","embeddable":true,"href":"https:\/\/www.europesays.com\/fi\/wp-json\/wp\/v2\/categories?post=101521"},{"taxonomy":"post_tag","embeddable":true,"href":"https:\/\/www.europesays.com\/fi\/wp-json\/wp\/v2\/tags?post=101521"}],"curies":[{"name":"wp","href":"https:\/\/api.w.org\/{rel}","templated":true}]}}