{"id":101524,"date":"2025-11-27T14:19:11","date_gmt":"2025-11-27T14:19:11","guid":{"rendered":"https:\/\/www.europesays.com\/fi\/101524\/"},"modified":"2025-11-27T14:19:11","modified_gmt":"2025-11-27T14:19:11","slug":"sampo-kaulanen-esittelee-seiskalle-yllaksen-okylomakohdetta-jossa-vessanpontotkin-ovat-singaporesta","status":"publish","type":"post","link":"https:\/\/www.europesays.com\/fi\/101524\/","title":{"rendered":"Sampo Kaulanen esittelee Seiskalle Yll\u00e4ksen \u00f6kylomakohdetta, jossa vessanp\u00f6nt\u00f6tkin ovat Singaporesta."},"content":{"rendered":"<p>            Timo Korhonen\n        <\/p>\n<p class=\"subtitle \">Seiska p\u00e4\u00e4si kurkistamaan, milt\u00e4 Yll\u00e4ksen miljoonaprojekti n\u00e4ytt\u00e4\u00e4.<\/p>\n<p class=\"article-content article-content-width !bg-background\">, 46, tienasi satumaisen summan myyty\u00e4\u00e4n Jounin Kaupan Keskolle kev\u00e4\u00e4ll\u00e4 2023.<\/p>\n<p class=\"font-weight-bold m-font-weight-bold article-content article-content-width !bg-background\">Videolla Sampo Kaulanen esittelee Seiskalle J\u00e4nk\u00e4 Resortia:<\/p>\n<p class=\"article-content article-content-width !bg-background\">Puuhakas Lapin mies ei j\u00e4\u00e4nyt rahakasan p\u00e4\u00e4lle istumaan. H\u00e4n pisti kerralla haisemaan ja rakensi sukunsa maille melkoisen lomakeskuksen.<\/p>\n<p class=\"article-content article-content-width !bg-background\">Kyseess\u00e4 on Yll\u00e4ksen \u00c4k\u00e4slompolossa komeileva J\u00e4nk\u00e4 Resort, joka avaa ovensa virallisesti lauantaina 29.11.<\/p>\n<p class=\"article-content article-content-width !bg-background\">Seiska p\u00e4\u00e4si etuk\u00e4teen kurkkaamaan, milt\u00e4 miljoonia maksaneessa \u00f6kyhankkeessa oikein n\u00e4ytt\u00e4\u00e4.<\/p>\n<p>        <a itemprop=\"url\" href=\"https:\/\/www.seiska.fi\/kotimaa\/sampo-kaulanen-pisti-kunnolla-katta-taskuun-talta-nayttaa-30-miljoonan-okyprojekti\/1572796\" rel=\"nofollow noopener\" target=\"_blank\"><\/p>\n<p class=\"section-date\">\n        <strong class=\"article-section\" data-section=\"kotimaa\"><br \/>\n            kotimaa<br \/>\n        <\/strong><br \/>\n        10.1. 06:00\n    <\/p>\n<p>Sampo Kaulanen pisti kunnolla k\u00e4tt\u00e4 taskuun \u2013 t\u00e4lt\u00e4 n\u00e4ytt\u00e4\u00e4 30 miljoonan \u00f6kyprojekti!\n    <\/p>\n<p itemprop=\"description\" class=\"subtitle \">\n    \u2013 Tietenkin pit\u00e4\u00e4 saada bisnes rullaamaan, touhukas Lapin mies tuumaa Seiskalle.\n<\/p>\n<p>        <\/a><\/p>\n<p>                <img decoding=\"async\" src=\"https:\/\/www.europesays.com\/fi\/wp-content\/uploads\/2025\/11\/2005503.webp\" width=\"576\" height=\"322\" alt=\"Sampo Kaulasen J\u00e4nk\u00e4 Resortiin kuuluu 13 huvilaa.\" loading=\"lazy\" \/>            <\/p>\n<p>\n            Sampo Kaulasen J\u00e4nk\u00e4 Resortiin kuuluu 13 huvilaa.<br \/>\n            Timo Korhonen\n        <\/p>\n<p>                <img decoding=\"async\" src=\"https:\/\/www.europesays.com\/fi\/wp-content\/uploads\/2025\/11\/2005567.webp\" width=\"576\" height=\"720\" alt=\"Huvilat ovat korkeita, moderneja luksusm\u00f6kkej\u00e4.\" loading=\"lazy\" \/>            <\/p>\n<p>\n            Huvilat ovat korkeita, moderneja luksusm\u00f6kkej\u00e4.<br \/>\n            Timo Korhonen\n        <\/p>\n<p>Vasta ensimm\u00e4inen vaihe<\/p>\n<p class=\"article-content article-content-width !bg-background\">Yll\u00e4ksen jylhiin maisemiin on noussut 13 premium-tason huvilaa ja suuri safaritalo, jossa toimii ravintola sek\u00e4 erilaisia tapahtumapalveluita.<\/p>\n<p class=\"article-content article-content-width !bg-background\">Valtavalle alueelle on pystytetty poroaitausta ja husky-tarha. L\u00f6ytyy moottorikelkkasafaria ja kansainv\u00e4lisen tason design-rakennuksia.<\/p>\n<p class=\"article-content article-content-width !bg-background\">Kaikki t\u00e4m\u00e4 on pyk\u00e4tty pystyyn vain vajaassa 1,5 vuodessa.<\/p>\n<p class=\"article-content article-content-width !bg-background\">\u2013 Eik\u00e4 t\u00e4m\u00e4 ole viel\u00e4 mill\u00e4\u00e4n muotoa valmis. Nyt on valmistunut ensimm\u00e4inen vaihe, Sampo selostaa Seiskalle.<\/p>\n<p>        <a itemprop=\"url\" href=\"https:\/\/www.seiska.fi\/kotimaa\/laturaivo-repesi-lapissa-kylalaiset-kayvat-kuumana-sampo-kaulaselle-tasta-on-kyse\/1569860\" rel=\"nofollow noopener\" target=\"_blank\"><\/p>\n<p class=\"section-date\">\n        <strong class=\"article-section\" data-section=\"kotimaa\"><br \/>\n            kotimaa<br \/>\n        <\/strong><br \/>\n        3.1. 16:00\n    <\/p>\n<p>Laturaivo repesi Lapissa! Kyl\u00e4l\u00e4iset k\u00e4yv\u00e4t kuumana Sampo Kaulaselle \u2013 t\u00e4st\u00e4 on kyse\n    <\/p>\n<p itemprop=\"description\" class=\"subtitle \">\n    Vuosikymmeni\u00e4 vanha hiihtolatu on vedetty sile\u00e4ksi Sampon tulevan luksusresortin tielt\u00e4.\n<\/p>\n<p>        <\/a><\/p>\n<p>                <img decoding=\"async\" src=\"https:\/\/www.europesays.com\/fi\/wp-content\/uploads\/2025\/11\/2005554.webp\" width=\"576\" height=\"336\" alt=\"Makuuhuoneet sijaitsevat huviloiden yl\u00e4kerrassa.\" loading=\"lazy\" \/>            <\/p>\n<p>\n            Makuuhuoneet sijaitsevat huviloiden yl\u00e4kerrassa.<br \/>\n            Timo Korhonen\n        <\/p>\n<p>                <img decoding=\"async\" src=\"https:\/\/www.europesays.com\/fi\/wp-content\/uploads\/2025\/11\/2005556.webp\" width=\"576\" height=\"720\" alt=\"Olohuoneeseen on muotoiltu puusta ja ledist\u00e4 l\u00e4heisen Pikku Kaupinj\u00e4rven rantaviivaa.\" loading=\"lazy\" \/>            <\/p>\n<p>\n            Olohuoneeseen on muotoiltu puusta ja ledist\u00e4 l\u00e4heisen Pikku Kaupinj\u00e4rven rantaviivaa.<br \/>\n            Timo Korhonen\n        <\/p>\n<p>P\u00f6ntt\u00f6 Singaporesta<\/p>\n<p class=\"article-content article-content-width !bg-background\">Sampo kierr\u00e4tt\u00e4\u00e4 Seiskan kuvaajaa ja reportteria tuliterill\u00e4 huviloilla. Ne ovat arkkitehdin varta vasten tunturimaisemaan suunnittelemia.<\/p>\n<p class=\"article-content article-content-width !bg-background\">Olohuoneesta avautuvat valtavat maisemaikkunat Lapin luontoon. Yl\u00e4kerran s\u00e4ngyt ovat kuulemma samaa tasoa kuin hotelli K\u00e4mpiss\u00e4.<\/p>\n<p class=\"article-content article-content-width !bg-background\">\u2013 Elleiv\u00e4t jopa pikkaisen paremmat, Sampo murjaisee.<\/p>\n<p class=\"article-content article-content-width !bg-background\">Takkatuli r\u00e4tisee, ja pesev\u00e4 \u00f6kyvessanp\u00f6ntt\u00f6 on tilattu Singaporesta saakka. Design-saunasta avautuu j\u00e4tti-ikkuna ulkoporeammeelle.<\/p>\n<p>        <a itemprop=\"url\" href=\"https:\/\/www.seiska.fi\/kotimaa\/nyt-puhuu-sampo-kaulanen-nain-monimiljonaari-perustelee-raivoa-herattanytta-ratkaisuaan\/1570116\" rel=\"nofollow noopener\" target=\"_blank\"><\/p>\n<p class=\"section-date\">\n        <strong class=\"article-section\" data-section=\"kotimaa\"><br \/>\n            kotimaa<br \/>\n        <\/strong><br \/>\n        4.1. 07:00\n    <\/p>\n<p>Nyt puhuu Sampo Kaulanen! N\u00e4in monimiljon\u00e4\u00e4ri perustelee raivoa her\u00e4tt\u00e4nytt\u00e4 ratkaisuaan\n    <\/p>\n<p itemprop=\"description\" class=\"subtitle \">\n    \u2013 Pyyt\u00e4isin vain v\u00e4h\u00e4n malttia, rauhallinen Sampo tuumaa Seiskalle.\n<\/p>\n<p>        <\/a><\/p>\n<p>                <img decoding=\"async\" src=\"https:\/\/www.europesays.com\/fi\/wp-content\/uploads\/2025\/11\/2005475.webp\" width=\"576\" height=\"720\" alt=\"Pesev\u00e4 WC-\u00f6kyp\u00f6ntt\u00f6 on Singaporesta tuotu.\" loading=\"lazy\" \/>            <\/p>\n<p>\n            Pesev\u00e4 WC-\u00f6kyp\u00f6ntt\u00f6 on Singaporesta tuotu.<br \/>\n            Timo Korhonen\n        <\/p>\n<p>                <img decoding=\"async\" src=\"https:\/\/www.europesays.com\/fi\/wp-content\/uploads\/2025\/11\/2005472.webp\" width=\"576\" height=\"720\" alt=\"\u00d6kyp\u00f6nt\u00f6n toimintoja ohjataan kaukos\u00e4\u00e4timell\u00e4.\" loading=\"lazy\" \/>            <\/p>\n<p>\n            \u00d6kyp\u00f6nt\u00f6n toimintoja ohjataan kaukos\u00e4\u00e4timell\u00e4.<br \/>\n            Timo Korhonen\n        <\/p>\n<p>Haave vihdoin toteen<\/p>\n<p class=\"article-content article-content-width !bg-background\">Sampo sai idean J\u00e4nk\u00e4 Resortista vuonna 2020 ollessaan Etel\u00e4-Amerikassa ayahuasca-retriittill\u00e4.<\/p>\n<p class=\"article-content article-content-width !bg-background\">Ajatus sukunsa maille rakennettavasta lomakohteesta oli kuitenkin kytenyt jo huomattavasti pidemp\u00e4\u00e4n.<\/p>\n<p class=\"article-content article-content-width !bg-background\">\u2013 Olisinko jo joskus vuonna 2007 ajatellut, ett\u00e4 t\u00e4nne pit\u00e4isi rakentaa lomakohde. On t\u00e4m\u00e4 niin makea paikka.<\/p>\n<p>        <a itemprop=\"url\" href=\"https:\/\/www.seiska.fi\/kotimaa\/sampo-kaulanen-myi-jounin-kaupan-ja-teki-satumaisen-tilin-emme-haluaisi-istua-kullatuilla-vessanpontoilla\/1272984\" rel=\"nofollow noopener\" target=\"_blank\"><\/p>\n<p class=\"section-date\">\n        <strong class=\"article-section\" data-section=\"kotimaa\"><br \/>\n            kotimaa<br \/>\n        <\/strong><br \/>\n        16.2.2024 13:33\n    <\/p>\n<p>Sampo Kaulanen myi Jounin Kaupan ja teki satumaisen tilin \u2013 \u201dEmme haluaisi istua kullatuilla vessanp\u00f6nt\u00f6ill\u00e4\u201d\n    <\/p>\n<p itemprop=\"description\" class=\"subtitle \">\n    Sampo nettosi Jounin Kaupan myynnill\u00e4 hirvi\u00f6m\u00e4isen summan, mik\u00e4li mediatietoja on uskominen.\n<\/p>\n<p>        <\/a><\/p>\n<p>                <img decoding=\"async\" src=\"https:\/\/www.europesays.com\/fi\/wp-content\/uploads\/2025\/11\/2005478.webp\" width=\"576\" height=\"322\" alt=\"Saunasta n\u00e4kee ulos pakkaseen porealtaalle.\" loading=\"lazy\" \/>            <\/p>\n<p>\n            Saunasta n\u00e4kee ulos pakkaseen porealtaalle.<br \/>\n            Timo Korhonen\n        <\/p>\n<p>                <img decoding=\"async\" src=\"https:\/\/www.europesays.com\/fi\/wp-content\/uploads\/2025\/11\/2005528.webp\" width=\"576\" height=\"322\" alt=\"Materiaaleihin ja muotokieleen on panostettu.\" loading=\"lazy\" \/>            <\/p>\n<p>\n            Materiaaleihin ja muotokieleen on panostettu.<br \/>\n            Timo Korhonen\n        <\/p>\n<p>Pisti kaiken likoon<\/p>\n<p class=\"article-content article-content-width !bg-background\">Sampo ryhtyi tuumasta toimeen tehty\u00e4\u00e4n massiiviset yrityskaupat Keskon kanssa. Se toi pes\u00e4munan, joka mahdollisti miljoonien rakennushankkeen.<\/p>\n<p class=\"article-content article-content-width !bg-background\">Sampo haastaa toimittajaa kysym\u00e4ll\u00e4, uskaltaisiko t\u00e4m\u00e4 sijoittaa \u201c8-numeroisen summan asiaan, josta ei ymm\u00e4rr\u00e4 h\u00f6lk\u00e4sen p\u00f6l\u00e4yst\u00e4.\u201d<\/p>\n<p>\n            Pistin kaiken likoon tiet\u00e4en, ett\u00e4 voin my\u00f6s menett\u00e4\u00e4 t\u00e4m\u00e4n kaiken.\n            <\/p>\n<p class=\"article-content article-content-width !bg-background\">\u2013 Vai ottaisitko mieluummin vaikka rahastosijoituksen, joka tuottaisi miljoonan vuodessa ilman, ett\u00e4 tarvitsee tehd\u00e4 yht\u00e4\u00e4n mit\u00e4\u00e4n?<\/p>\n<p class=\"article-content article-content-width !bg-background\">\u2013 No, mie valitsin t\u00e4m\u00e4n hullutuksen. Pistin kaiken likoon tiet\u00e4en, ett\u00e4 voin my\u00f6s menett\u00e4\u00e4 t\u00e4m\u00e4n kaiken.<\/p>\n<p>                <img decoding=\"async\" src=\"https:\/\/www.europesays.com\/fi\/wp-content\/uploads\/2025\/11\/2005539.webp\" width=\"576\" height=\"624\" alt=\"Miljoonaprojekti. Sampo on pist\u00e4nyt kaiken likoon.\" loading=\"lazy\" \/>            <\/p>\n<p>\n            Miljoonaprojekti. Sampo on pist\u00e4nyt kaiken likoon.<br \/>\n            Timo Korhonen\n        <\/p>\n<p>Kovat paineet<\/p>\n<p class=\"article-content article-content-width !bg-background\">Riskit ovat siis melkoiset. Sampon superhankkeen kokonaiskustannukset py\u00f6riv\u00e4t 30 miljoonan euron hujakoilla.<\/p>\n<p>\n            Se opetti meik\u00e4l\u00e4iselle ressinhallintaa.\n            <\/p>\n<p class=\"article-content article-content-width !bg-background\">\u2013 Oli vaan semmoinen fiilis rinnassa, ett\u00e4 t\u00e4m\u00e4 juttu pit\u00e4\u00e4 tehd\u00e4. Jotenkinhan ne p\u00e4iv\u00e4t pit\u00e4\u00e4 meid\u00e4n jokaisen viett\u00e4\u00e4.<\/p>\n<p class=\"article-content article-content-width !bg-background\">\u2013 Toki t\u00e4ss\u00e4 on paineita. Vaan eip\u00e4 tuo mit\u00e4\u00e4n. Minulla on ollut semmoinen el\u00e4m\u00e4nasenne muutenkin.<\/p>\n<p>                <img decoding=\"async\" src=\"https:\/\/www.europesays.com\/fi\/wp-content\/uploads\/2025\/11\/2005541.webp\" width=\"576\" height=\"322\" alt=\"Sampo ei j\u00e4\u00e4nyt rahakasan p\u00e4\u00e4lle istumaan.\" loading=\"lazy\" \/>            <\/p>\n<p>\n            Sampo ei j\u00e4\u00e4nyt rahakasan p\u00e4\u00e4lle istumaan.<br \/>\n            Timo Korhonen\n        <\/p>\n<p>Hans V\u00e4lim\u00e4ki keitti\u00f6ss\u00e4<\/p>\n<p class=\"article-content article-content-width !bg-background\">Sampon lomakohteen avajaisia vietet\u00e4\u00e4n t\u00e4n\u00e4\u00e4n torstaina 27.11. Siin\u00e4kin panostukset ovat viimeisen p\u00e4\u00e4lle.<\/p>\n<p class=\"article-content article-content-width !bg-background\">\u2013 No n\u00e4inkin voisi sanoa. Keitti\u00f6ss\u00e4 soppakauhaa heiluttaa , Sampo naurahtaa.<\/p>\n<p>\n            Oli vaan semmoinen fiilis rinnassa, ett\u00e4 t\u00e4m\u00e4 juttu pit\u00e4\u00e4 tehd\u00e4.\n            <\/p>\n<p class=\"article-content article-content-width !bg-background\">H\u00e4n kuvailee Jounin Kaupan py\u00f6ritt\u00e4misen olleen itselleen \u201chyv\u00e4 harjoituskierros.\u201d<\/p>\n<p class=\"article-content article-content-width !bg-background\">\u2013 Se opetti meik\u00e4l\u00e4iselle ressinhallintaa.<\/p>\n<p>                <img decoding=\"async\" src=\"https:\/\/www.europesays.com\/fi\/wp-content\/uploads\/2025\/11\/2005544.webp\" width=\"576\" height=\"720\" alt=\"Sampo Kaulanen pisti kunnolla k\u00e4tt\u00e4 taskuun.\" loading=\"lazy\" \/>            <\/p>\n<p>\n            Sampo Kaulanen pisti kunnolla k\u00e4tt\u00e4 taskuun.<br \/>\n            Timo Korhonen\n        <\/p>\n<p>        30 miljoonan j\u00e4ttihanke<\/p>\n<p> \u2013 Yritt\u00e4j\u00e4 Sampo Kaulanen rakennuttaa Yll\u00e4kselle 30 miljoonan euron lomakohteen.<\/p>\n<p> \u2013 \u00c4k\u00e4slompolossa sijaitsevan J\u00e4nk\u00e4 Resortin ensimm\u00e4linen vaihe on valmistumassa.<\/p>\n<p> \u2013 Ensimm\u00e4isen vaiheen kustannukset ovat 6,7 miljoonaa euroa, josta 1,3 miljoonaa on EU:n osarahoitusosuutta.<\/p>\n<p> \u2013 J\u00e4ttiprojekti on saanut my\u00f6s julkista rahaa ELY-keskuksen kautta.<\/p>\n<p> \u2013 Rakennusty\u00f6t alkoivat elokussa 2024.<\/p>\n<p> \u2013 Sampon mukaan J\u00e4nk\u00e4 Resportin budjetti on kasvanut projektin aikana \u201cmuutamalla miljoonalla\u201d eurolla.<\/p>\n<p class=\"italic m-italic\" data-lab-italic=\"italic\">Eetu Ampuja<\/p>\n","protected":false},"excerpt":{"rendered":"Timo Korhonen Seiska p\u00e4\u00e4si kurkistamaan, milt\u00e4 Yll\u00e4ksen miljoonaprojekti n\u00e4ytt\u00e4\u00e4. , 46, tienasi satumaisen summan myyty\u00e4\u00e4n Jounin Kaupan Keskolle&hellip;\n","protected":false},"author":2,"featured_media":101525,"comment_status":"","ping_status":"","sticky":false,"template":"","format":"standard","meta":{"footnotes":""},"categories":[136],"tags":[19434,407,137,33,31,30,19432,408,7198,667,1478,19433,2922,32,109,7193],"class_list":{"0":"post-101524","1":"post","2":"type-post","3":"status-publish","4":"format-standard","5":"has-post-thumbnail","7":"category-julkkikset","8":"tag-akaslompolo","9":"tag-celebrities","10":"tag-entertainment","11":"tag-fi","12":"tag-finland","13":"tag-finnish","14":"tag-janka-resort","15":"tag-julkkikset","16":"tag-lansi-lappi","17":"tag-lappi","18":"tag-matkailu","19":"tag-miljoonaprojekti","20":"tag-sampo-kaulanen","21":"tag-suomi","22":"tag-viihde","23":"tag-yllas"},"share_on_mastodon":{"url":"https:\/\/pubeurope.com\/@fi\/115622102094043748","error":""},"_links":{"self":[{"href":"https:\/\/www.europesays.com\/fi\/wp-json\/wp\/v2\/posts\/101524","targetHints":{"allow":["GET"]}}],"collection":[{"href":"https:\/\/www.europesays.com\/fi\/wp-json\/wp\/v2\/posts"}],"about":[{"href":"https:\/\/www.europesays.com\/fi\/wp-json\/wp\/v2\/types\/post"}],"author":[{"embeddable":true,"href":"https:\/\/www.europesays.com\/fi\/wp-json\/wp\/v2\/users\/2"}],"replies":[{"embeddable":true,"href":"https:\/\/www.europesays.com\/fi\/wp-json\/wp\/v2\/comments?post=101524"}],"version-history":[{"count":0,"href":"https:\/\/www.europesays.com\/fi\/wp-json\/wp\/v2\/posts\/101524\/revisions"}],"wp:featuredmedia":[{"embeddable":true,"href":"https:\/\/www.europesays.com\/fi\/wp-json\/wp\/v2\/media\/101525"}],"wp:attachment":[{"href":"https:\/\/www.europesays.com\/fi\/wp-json\/wp\/v2\/media?parent=101524"}],"wp:term":[{"taxonomy":"category","embeddable":true,"href":"https:\/\/www.europesays.com\/fi\/wp-json\/wp\/v2\/categories?post=101524"},{"taxonomy":"post_tag","embeddable":true,"href":"https:\/\/www.europesays.com\/fi\/wp-json\/wp\/v2\/tags?post=101524"}],"curies":[{"name":"wp","href":"https:\/\/api.w.org\/{rel}","templated":true}]}}