{"id":101532,"date":"2025-11-27T14:26:09","date_gmt":"2025-11-27T14:26:09","guid":{"rendered":"https:\/\/www.europesays.com\/fi\/101532\/"},"modified":"2025-11-27T14:26:09","modified_gmt":"2025-11-27T14:26:09","slug":"venalaiset-paasevat-judon-kansainvalisiin-kilpailuihin-takaisin","status":"publish","type":"post","link":"https:\/\/www.europesays.com\/fi\/101532\/","title":{"rendered":"Ven\u00e4l\u00e4iset p\u00e4\u00e4sev\u00e4t judon kansainv\u00e4lisiin kilpailuihin takaisin"},"content":{"rendered":"<p><strong class=\"typography-bold\">Ven\u00e4l\u00e4iset judokat saavat taas osallistua kansainv\u00e4lisiin kilpailuihin omien kansallisuustunnustensa kanssa ja oman lippunsa alla, Kansainv\u00e4linen judoliitto IJF ilmoitti torstaina. Ukrainan sodan alkamisesta l\u00e4htien ven\u00e4l\u00e4iset judokat eiv\u00e4t olleet saaneet k\u00e4ytt\u00e4\u00e4 maatunnuksiaan, vaan kilpailleet neutraaleina urheilijoina.<\/strong><\/p>\n<p>Ven\u00e4j\u00e4 kiitteli p\u00e4\u00e4t\u00f6st\u00e4.<\/p>\n<p>\u2013\u2009Judo on yksi Ven\u00e4j\u00e4n suosikkilajeista. Se on t\u00e4rke\u00e4 maallemme, se on presidentillinen urheilulaji, Ven\u00e4j\u00e4n urheiluministeri <strong class=\"typography-bold\">Mihail Degtjarev<\/strong> sanoi viitaten presidentti <strong class=\"typography-bold\">Vladimir Putinin<\/strong> pitk\u00e4aikaiseen judoharrastukseen.<\/p>\n<p>IJF oli jo aiemmin sallinut Valko-Ven\u00e4j\u00e4n judokoiden paluun kisoihin maatunnusten kanssa.<\/p>\n","protected":false},"excerpt":{"rendered":"Ven\u00e4l\u00e4iset judokat saavat taas osallistua kansainv\u00e4lisiin kilpailuihin omien kansallisuustunnustensa kanssa ja oman lippunsa alla, Kansainv\u00e4linen judoliitto IJF ilmoitti&hellip;\n","protected":false},"author":2,"featured_media":101533,"comment_status":"","ping_status":"","sticky":false,"template":"","format":"standard","meta":{"footnotes":""},"categories":[158],"tags":[33,31,30,159,32,160],"class_list":{"0":"post-101532","1":"post","2":"type-post","3":"status-publish","4":"format-standard","5":"has-post-thumbnail","7":"category-urheilu","8":"tag-fi","9":"tag-finland","10":"tag-finnish","11":"tag-sports","12":"tag-suomi","13":"tag-urheilu"},"share_on_mastodon":{"url":"https:\/\/pubeurope.com\/@fi\/115622129605082539","error":""},"_links":{"self":[{"href":"https:\/\/www.europesays.com\/fi\/wp-json\/wp\/v2\/posts\/101532","targetHints":{"allow":["GET"]}}],"collection":[{"href":"https:\/\/www.europesays.com\/fi\/wp-json\/wp\/v2\/posts"}],"about":[{"href":"https:\/\/www.europesays.com\/fi\/wp-json\/wp\/v2\/types\/post"}],"author":[{"embeddable":true,"href":"https:\/\/www.europesays.com\/fi\/wp-json\/wp\/v2\/users\/2"}],"replies":[{"embeddable":true,"href":"https:\/\/www.europesays.com\/fi\/wp-json\/wp\/v2\/comments?post=101532"}],"version-history":[{"count":0,"href":"https:\/\/www.europesays.com\/fi\/wp-json\/wp\/v2\/posts\/101532\/revisions"}],"wp:featuredmedia":[{"embeddable":true,"href":"https:\/\/www.europesays.com\/fi\/wp-json\/wp\/v2\/media\/101533"}],"wp:attachment":[{"href":"https:\/\/www.europesays.com\/fi\/wp-json\/wp\/v2\/media?parent=101532"}],"wp:term":[{"taxonomy":"category","embeddable":true,"href":"https:\/\/www.europesays.com\/fi\/wp-json\/wp\/v2\/categories?post=101532"},{"taxonomy":"post_tag","embeddable":true,"href":"https:\/\/www.europesays.com\/fi\/wp-json\/wp\/v2\/tags?post=101532"}],"curies":[{"name":"wp","href":"https:\/\/api.w.org\/{rel}","templated":true}]}}