{"id":101544,"date":"2025-11-27T14:45:15","date_gmt":"2025-11-27T14:45:15","guid":{"rendered":"https:\/\/www.europesays.com\/fi\/101544\/"},"modified":"2025-11-27T14:45:15","modified_gmt":"2025-11-27T14:45:15","slug":"ronaldon-kohtelu-raivostuttaa-se-saa-todella-vereni-kiehumaan","status":"publish","type":"post","link":"https:\/\/www.europesays.com\/fi\/101544\/","title":{"rendered":"Ronaldon kohtelu raivostuttaa \u2013 \u201dSe saa todella vereni kiehumaan!\u201d"},"content":{"rendered":"<p>Fifan Ronaldo-p\u00e4\u00e4t\u00f6s her\u00e4tt\u00e4\u00e4 tunteita.<\/p>\n<p>26.11. 22:49<\/p>\n<p class=\"article-body mb-nof-24 px-nof-16\">Cristiano <a class=\"article-personlink\" href=\"https:\/\/www.is.fi\/haku\/?query=Ronaldo\" rel=\"nofollow noopener\" target=\"_blank\">Ronaldo<\/a> sai keskiviikkona huokaista helpotuksesta, kun h\u00e4nen Irlantia vastaan tienaamansa pelikielto m\u00e4\u00e4r\u00e4ttiin poikkeuksellisesti osittain ehdolliseksi. P\u00e4\u00e4t\u00f6s tarkoittaa sit\u00e4, ett\u00e4 Ronaldo ei joudu j\u00e4tt\u00e4m\u00e4\u00e4n v\u00e4liin ensi kes\u00e4n MM-kisojen otteluita.<\/p>\n<p class=\"article-body mb-nof-24 px-nof-16\">Jalkapallomaailmassa p\u00e4\u00e4t\u00f6s on her\u00e4tt\u00e4nyt rajuja tunteita. Muun muassa brittil\u00e4isen jalkapallokeskusteluohjelman <a class=\"article-genericlink\" href=\"https:\/\/x.com\/talkSPORT\/status\/1993590555566039314?s=20\" rel=\"nofollow\">talkSPORTin<\/a> juontajat <a class=\"article-personlink\" href=\"https:\/\/www.is.fi\/haku\/?query=Andy%20Goldstein\" rel=\"nofollow noopener\" target=\"_blank\">Andy Goldstein<\/a> ja <a class=\"article-personlink\" href=\"https:\/\/www.is.fi\/haku\/?query=Darren%20Bent\" rel=\"nofollow noopener\" target=\"_blank\">Darren Bent <\/a>arvostelivat Fifan p\u00e4\u00e4t\u00f6st\u00e4 rajusti.<\/p>\n<p class=\"article-body mb-nof-24 px-nof-16\">\u2013 Se saa vereni kiehumaan, aloitti Goldstein.<\/p>\n<p class=\"article-body mb-nof-24 px-nof-16\">Juontajat vertailivat Ronaldon silkkihanskaista kohtelua muun muassa Argentiinan <a class=\"article-personlink\" href=\"https:\/\/www.is.fi\/haku\/?query=Nicolas%20Otamendin\" rel=\"nofollow noopener\" target=\"_blank\">Nicolas Otamendin<\/a> tilanteeseen. Otamendi k\u00e4rsii yhden ottelun pelikieltoa ja tulee n\u00e4ill\u00e4 n\u00e4kymin k\u00e4rsim\u00e4\u00e4n rangaistuksensa MM-kisojen Argentiinan avausottelussa.<\/p>\n<p class=\"article-body mb-nof-24 px-nof-16\">\u2013 T\u00e4m\u00e4 on t\u00e4ysin oksettavaa. Jos olisin Otamendi, sanoisin, ett\u00e4 t\u00e4m\u00e4 ei muuten vetele, Bent vaahtosi.<\/p>\n<p class=\"article-body mb-nof-24 px-nof-16\">Goldstein ja Bent ruotivat my\u00f6s Ronaldon vierailua Valkoisessa talossa. P\u00e4\u00e4t\u00f6s Ronaldon pelikiellon poikkeuksellisesta k\u00e4sittelyst\u00e4 julkaistiin vain p\u00e4ivi\u00e4 sen j\u00e4lkeen, kun Ronaldo vietti n\u00e4ytt\u00e4v\u00e4sti iltaa <a class=\"article-personlink\" href=\"https:\/\/www.is.fi\/haku\/?query=Donald%20Trumpin\" rel=\"nofollow noopener\" target=\"_blank\">Donald Trumpin <\/a>ja Fifan puheenjohtajan <a class=\"article-personlink\" href=\"https:\/\/www.is.fi\/haku\/?query=Gianni%20Infantinon\" rel=\"nofollow noopener\" target=\"_blank\">Gianni Infantinon<\/a> kanssa.<\/p>\n<p class=\"article-body mb-nof-24 px-nof-16\">\u2013 On hullua, ett\u00e4 t\u00e4m\u00e4n annettiin tapahtua. Fifaan ei voi luottaa p\u00e4tk\u00e4k\u00e4\u00e4n, Goldstein ja Bent p\u00e4ivitteliv\u00e4t.<\/p>\n<p class=\"article-body mb-nof-24 px-nof-16\">Jalkapallon ensi vuoden miesten MM-kisat Yhdysvalloissa, Meksikossa ja Kanadassa 11.6.\u201319.7. Ronaldon Portugali on varmistanut paikkansa kisoissa.<\/p>\n","protected":false},"excerpt":{"rendered":"Fifan Ronaldo-p\u00e4\u00e4t\u00f6s her\u00e4tt\u00e4\u00e4 tunteita. 26.11. 22:49 Cristiano Ronaldo sai keskiviikkona huokaista helpotuksesta, kun h\u00e4nen Irlantia vastaan tienaamansa pelikielto&hellip;\n","protected":false},"author":2,"featured_media":101545,"comment_status":"","ping_status":"","sticky":false,"template":"","format":"standard","meta":{"footnotes":""},"categories":[136],"tags":[407,137,33,31,30,34,408,32,109],"class_list":{"0":"post-101544","1":"post","2":"type-post","3":"status-publish","4":"format-standard","5":"has-post-thumbnail","7":"category-julkkikset","8":"tag-celebrities","9":"tag-entertainment","10":"tag-fi","11":"tag-finland","12":"tag-finnish","13":"tag-ilta-sanomat","14":"tag-julkkikset","15":"tag-suomi","16":"tag-viihde"},"share_on_mastodon":{"url":"https:\/\/pubeurope.com\/@fi\/115622204086548080","error":""},"_links":{"self":[{"href":"https:\/\/www.europesays.com\/fi\/wp-json\/wp\/v2\/posts\/101544","targetHints":{"allow":["GET"]}}],"collection":[{"href":"https:\/\/www.europesays.com\/fi\/wp-json\/wp\/v2\/posts"}],"about":[{"href":"https:\/\/www.europesays.com\/fi\/wp-json\/wp\/v2\/types\/post"}],"author":[{"embeddable":true,"href":"https:\/\/www.europesays.com\/fi\/wp-json\/wp\/v2\/users\/2"}],"replies":[{"embeddable":true,"href":"https:\/\/www.europesays.com\/fi\/wp-json\/wp\/v2\/comments?post=101544"}],"version-history":[{"count":0,"href":"https:\/\/www.europesays.com\/fi\/wp-json\/wp\/v2\/posts\/101544\/revisions"}],"wp:featuredmedia":[{"embeddable":true,"href":"https:\/\/www.europesays.com\/fi\/wp-json\/wp\/v2\/media\/101545"}],"wp:attachment":[{"href":"https:\/\/www.europesays.com\/fi\/wp-json\/wp\/v2\/media?parent=101544"}],"wp:term":[{"taxonomy":"category","embeddable":true,"href":"https:\/\/www.europesays.com\/fi\/wp-json\/wp\/v2\/categories?post=101544"},{"taxonomy":"post_tag","embeddable":true,"href":"https:\/\/www.europesays.com\/fi\/wp-json\/wp\/v2\/tags?post=101544"}],"curies":[{"name":"wp","href":"https:\/\/api.w.org\/{rel}","templated":true}]}}