{"id":101572,"date":"2025-11-27T15:22:09","date_gmt":"2025-11-27T15:22:09","guid":{"rendered":"https:\/\/www.europesays.com\/fi\/101572\/"},"modified":"2025-11-27T15:22:09","modified_gmt":"2025-11-27T15:22:09","slug":"hurmaava-haiharan-joulu-jarjestetaan-jalleen-tampereen-kaupunki","status":"publish","type":"post","link":"https:\/\/www.europesays.com\/fi\/101572\/","title":{"rendered":"Hurmaava Haiharan Joulu j\u00e4rjestet\u00e4\u00e4n j\u00e4lleen [Tampereen kaupunki"},"content":{"rendered":"<p>                                                                  Monipuolista ohjelmaa<\/p>\n<p>Kartanossa ovat\u00a0Haiharan Kahvikamarin sek\u00e4 Pakolaisnuorten tuki ry:n pop-up-kahvilat, joissa on myynniss\u00e4 muun muassa makoisaa riisipuuroa, gl\u00f6gi\u00e4, torttuja ja muita leivonnaisia. Salissa on esill\u00e4 syksyll\u00e4 Haiharassa ik\u00e4ihmisille j\u00e4rjestetyn monitaiteellisen ty\u00f6pajakokonaisuuden n\u00e4yttely sek\u00e4 valosuunnittelija Jussi Kamusen valotaideteos.\u00a0Lauluyhtye Dominutz lumoaa jouluisilla lauluillaan Kartanon edustalla klo 13, 14 ja 15. FlowingLindan maaginen tulishow n\u00e4hd\u00e4\u00e4n Kartanon edustalla klo 16. Messukyl\u00e4n seurakunnan j\u00e4rjest\u00e4m\u00e4 joulupolku l\u00e4htee puiston laidalta ja kiert\u00e4\u00e4 Kartanon.\u00a0<\/p>\n<p>Tallin l\u00e4mm\u00f6ss\u00e4 voit nauttia Joulumuorin joulusaduista sek\u00e4 ostaa jouluisia tuotteita Marttojen myyj\u00e4isist\u00e4.<\/p>\n<p>Alpakat ihastuttavat k\u00e4vij\u00f6it\u00e4 klo 13\u201316. Yhteis\u00f6llisten valotaidepajojen upeat installaatiot ovat n\u00e4ht\u00e4vill\u00e4 osana tapahtumaa Valjasvajassa sek\u00e4 Kahvikamarissa. Valotaidepajoihin voit ilmoittautua osallistujaksi 30.11. saakka. Aitoissa on esill\u00e4 jouluista tunnelmaa, himmeleit\u00e4 ja yhteis\u00f6taidetta. Makoisia makkaroita saa ostaa Kaukapartion pisteelt\u00e4. Tunnelmallinen Runebergin m\u00f6kin Joulupuoti on avoinna klo 11\u201317.<\/p>\n<p>Tapahtumassa juhlitaan my\u00f6s p\u00e4\u00e4ttyv\u00e4\u00e4 kaupunginosaohjelmaa\u00a0\u00a0\u00a0<\/p>\n<p>Haiharan Joulu on t\u00e4n\u00e4 vuonna my\u00f6s Kaukaj\u00e4rven ja Annalan kaupunginosaohjelman p\u00e4\u00e4t\u00f6sjuhla. Kartanossa esitell\u00e4\u00e4n Kaukaj\u00e4rven ja Annalan kaupunginosaohjelman (2023\u20132025) aikana tehty\u00e4 kehitt\u00e4mist\u00e4 ja herkutellaan erilaisilla makeisilla. Mit\u00e4 Kauksu-Annalassa tapahtuu vuonna 2040? N\u00e4yt\u00e4 se legoilla! Samalla voit askarrella joulukortteja alueella asuvien ik\u00e4ihmisten iloksi.<\/p>\n<p>Suosimme saapumista julkisella liikenteell\u00e4. Bussilla numero 10 p\u00e4\u00e4see perille asti. Parkkitilaa on rajoitetusti. Pukeuduthan l\u00e4mpim\u00e4sti, sill\u00e4 osa esityksist\u00e4 on piha-alueella ja l\u00e4mmitt\u00e4m\u00e4tt\u00f6miss\u00e4 piharakennuksissa. Tapahtumaan on vapaa p\u00e4\u00e4sy.\u00a0<\/p>\n<p>Tapahtumaa ovat mukana j\u00e4rjest\u00e4m\u00e4ss\u00e4 Tampereen kaupungin kaupunkikulttuuriyksikk\u00f6 sek\u00e4\u00a0Kaukaj\u00e4rven ja Annalan kaupunginosaohjelma, Haiharan Kahvikamari, Kaukaj\u00e4rven Martat, Teatteri Lysti, Interi ry, Lions Club Kaukaj\u00e4rvi ry, Pakolaisnuorten tuki ry, Messukyl\u00e4n seurakunta sek\u00e4 Kaukapartio.<\/p>\n<p>Tarkempi aikataulu l\u00f6ytyy tapahtumakalenterista ja Facebook-tapahtumasta.\u00a0<\/p>\n","protected":false},"excerpt":{"rendered":"Monipuolista ohjelmaa Kartanossa ovat\u00a0Haiharan Kahvikamarin sek\u00e4 Pakolaisnuorten tuki ry:n pop-up-kahvilat, joissa on myynniss\u00e4 muun muassa makoisaa riisipuuroa, gl\u00f6gi\u00e4,&hellip;\n","protected":false},"author":2,"featured_media":101573,"comment_status":"","ping_status":"","sticky":false,"template":"","format":"standard","meta":{"footnotes":""},"categories":[76],"tags":[79,77,33,31,30,32,78],"class_list":{"0":"post-101572","1":"post","2":"type-post","3":"status-publish","4":"format-standard","5":"has-post-thumbnail","7":"category-talous","8":"tag-business","9":"tag-economy","10":"tag-fi","11":"tag-finland","12":"tag-finnish","13":"tag-suomi","14":"tag-talous"},"share_on_mastodon":{"url":"https:\/\/pubeurope.com\/@fi\/115622349658680188","error":""},"_links":{"self":[{"href":"https:\/\/www.europesays.com\/fi\/wp-json\/wp\/v2\/posts\/101572","targetHints":{"allow":["GET"]}}],"collection":[{"href":"https:\/\/www.europesays.com\/fi\/wp-json\/wp\/v2\/posts"}],"about":[{"href":"https:\/\/www.europesays.com\/fi\/wp-json\/wp\/v2\/types\/post"}],"author":[{"embeddable":true,"href":"https:\/\/www.europesays.com\/fi\/wp-json\/wp\/v2\/users\/2"}],"replies":[{"embeddable":true,"href":"https:\/\/www.europesays.com\/fi\/wp-json\/wp\/v2\/comments?post=101572"}],"version-history":[{"count":0,"href":"https:\/\/www.europesays.com\/fi\/wp-json\/wp\/v2\/posts\/101572\/revisions"}],"wp:featuredmedia":[{"embeddable":true,"href":"https:\/\/www.europesays.com\/fi\/wp-json\/wp\/v2\/media\/101573"}],"wp:attachment":[{"href":"https:\/\/www.europesays.com\/fi\/wp-json\/wp\/v2\/media?parent=101572"}],"wp:term":[{"taxonomy":"category","embeddable":true,"href":"https:\/\/www.europesays.com\/fi\/wp-json\/wp\/v2\/categories?post=101572"},{"taxonomy":"post_tag","embeddable":true,"href":"https:\/\/www.europesays.com\/fi\/wp-json\/wp\/v2\/tags?post=101572"}],"curies":[{"name":"wp","href":"https:\/\/api.w.org\/{rel}","templated":true}]}}