{"id":101576,"date":"2025-11-27T15:24:08","date_gmt":"2025-11-27T15:24:08","guid":{"rendered":"https:\/\/www.europesays.com\/fi\/101576\/"},"modified":"2025-11-27T15:24:08","modified_gmt":"2025-11-27T15:24:08","slug":"nuoret-miehet-ammuskelivat-kohti-paivakotia-kotkassa","status":"publish","type":"post","link":"https:\/\/www.europesays.com\/fi\/101576\/","title":{"rendered":"Nuoret miehet ammuskelivat kohti p\u00e4iv\u00e4kotia Kotkassa"},"content":{"rendered":"<p>Miehet olivat p\u00e4ihtyneit\u00e4.<\/p>\n<p class=\"article-body mb-nof-24 px-nof-16\">Nuoret miehet ammuskelivat konepistoolilla kohti p\u00e4iv\u00e4kotia Kotkassa 25. toukokuuta, Kaakkois-Suomen poliisi kertoo.<\/p>\n<p class=\"article-body mb-nof-24 px-nof-16\">Poliisi ep\u00e4ilee kahta miest\u00e4 t\u00f6rke\u00e4st\u00e4 ampuma-aserikoksesta ja vaaran aiheuttamisesta. Miesten ep\u00e4ill\u00e4\u00e4n ampuneen useita kymmeni\u00e4 laukauksia Aatteenkadun ja Honkakadun v\u00e4lisell\u00e4 alueella.<\/p>\n<p class=\"article-body mb-nof-24 px-nof-16\">P\u00e4iv\u00e4kodin lis\u00e4ksi ampumasuunnassa on palvelukoti ja useita asuintaloja. Esitutkinnassa poliisi ei l\u00f6yt\u00e4nyt viitteit\u00e4, ett\u00e4 miesten olisi ollut tarkoitus vahingoittaa ihmisi\u00e4.<\/p>\n<p class=\"article-body mb-nof-24 px-nof-16\">Poliisi otti miehet kiinni pian ammuskelun j\u00e4lkeen. Heid\u00e4n hallustaan l\u00f6ytyi konepistooli ja siihen soveltuvia patruunoita.<\/p>\n<p class=\"article-body mb-nof-24 px-nof-16\">Miehet olivat poliisin mukaan tapahtumahetkell\u00e4 p\u00e4ihtyneit\u00e4.<\/p>\n<p class=\"article-body mb-nof-24 px-nof-16\">Poliisi siirsi tapauksen syyteharkintaan torstaina.<\/p>\n","protected":false},"excerpt":{"rendered":"Miehet olivat p\u00e4ihtyneit\u00e4. Nuoret miehet ammuskelivat konepistoolilla kohti p\u00e4iv\u00e4kotia Kotkassa 25. toukokuuta, Kaakkois-Suomen poliisi kertoo. Poliisi ep\u00e4ilee kahta&hellip;\n","protected":false},"author":2,"featured_media":1024,"comment_status":"","ping_status":"","sticky":false,"template":"","format":"standard","meta":{"footnotes":""},"categories":[12],"tags":[22,23,26,27,33,31,30,17,34,24,25,28,29,15,18,21,32,19,20,16],"class_list":{"0":"post-101576","1":"post","2":"type-post","3":"status-publish","4":"format-standard","5":"has-post-thumbnail","7":"category-suomi","8":"tag-breaking-news","9":"tag-breakingnews","10":"tag-featured-news","11":"tag-featurednews","12":"tag-fi","13":"tag-finland","14":"tag-finnish","15":"tag-headlines","16":"tag-ilta-sanomat","17":"tag-latest-news","18":"tag-latestnews","19":"tag-main-news","20":"tag-mainnews","21":"tag-news","22":"tag-otsikot","23":"tag-paauutiset","24":"tag-suomi","25":"tag-top-stories","26":"tag-topstories","27":"tag-uutiset"},"share_on_mastodon":{"url":"https:\/\/pubeurope.com\/@fi\/115622357593753974","error":""},"_links":{"self":[{"href":"https:\/\/www.europesays.com\/fi\/wp-json\/wp\/v2\/posts\/101576","targetHints":{"allow":["GET"]}}],"collection":[{"href":"https:\/\/www.europesays.com\/fi\/wp-json\/wp\/v2\/posts"}],"about":[{"href":"https:\/\/www.europesays.com\/fi\/wp-json\/wp\/v2\/types\/post"}],"author":[{"embeddable":true,"href":"https:\/\/www.europesays.com\/fi\/wp-json\/wp\/v2\/users\/2"}],"replies":[{"embeddable":true,"href":"https:\/\/www.europesays.com\/fi\/wp-json\/wp\/v2\/comments?post=101576"}],"version-history":[{"count":0,"href":"https:\/\/www.europesays.com\/fi\/wp-json\/wp\/v2\/posts\/101576\/revisions"}],"wp:featuredmedia":[{"embeddable":true,"href":"https:\/\/www.europesays.com\/fi\/wp-json\/wp\/v2\/media\/1024"}],"wp:attachment":[{"href":"https:\/\/www.europesays.com\/fi\/wp-json\/wp\/v2\/media?parent=101576"}],"wp:term":[{"taxonomy":"category","embeddable":true,"href":"https:\/\/www.europesays.com\/fi\/wp-json\/wp\/v2\/categories?post=101576"},{"taxonomy":"post_tag","embeddable":true,"href":"https:\/\/www.europesays.com\/fi\/wp-json\/wp\/v2\/tags?post=101576"}],"curies":[{"name":"wp","href":"https:\/\/api.w.org\/{rel}","templated":true}]}}