{"id":101585,"date":"2025-11-27T15:45:12","date_gmt":"2025-11-27T15:45:12","guid":{"rendered":"https:\/\/www.europesays.com\/fi\/101585\/"},"modified":"2025-11-27T15:45:12","modified_gmt":"2025-11-27T15:45:12","slug":"orkesterien-taso-on-noussut-suomessa-sanoo-kunniakapellimestari-juha-kangas-silla-on-myos-kaantopuolensa-keski-pohjanmaa","status":"publish","type":"post","link":"https:\/\/www.europesays.com\/fi\/101585\/","title":{"rendered":"Orkesterien taso on noussut Suomessa, sanoo kunniakapellimestari Juha Kangas \u2013 sill\u00e4 on my\u00f6s k\u00e4\u00e4nt\u00f6puolensa | Keski-Pohjanmaa"},"content":{"rendered":"<p class=\"aw-1gybjub aw-5vja16 kEtdKx kmuxyA yle__article__paragraph\">Keski-Pohjanmaan kamariorkesterin perustanut Juha Kangas on johtanut orkestereita ymp\u00e4ri Suomen ja my\u00f6s ulkomailla. 80 vuotta t\u00e4ytt\u00e4ess\u00e4\u00e4n h\u00e4n palaa taas kamariorkesterin eteen.<\/p>\n<p><img decoding=\"async\" alt=\"Mies heiluttaa tahtipuikkoa. Etualalla n\u00e4kyy soittajien soittimia.\" src=\"https:\/\/www.europesays.com\/fi\/wp-content\/uploads\/2025\/11\/39-15598926926f46445610.jpeg\" class=\"aw-1l9m598 hKVVvP\"\/><\/p>\n<p>Avaa kuvien katselu<\/p>\n<p>Torstaina 80 vuotta t\u00e4ytt\u00e4v\u00e4n Juha Kankaan ty\u00f6tahti on rauhoittunut el\u00e4k\u00f6itymisen j\u00e4lkeen. Keikkoja on sopivasti, mutta ei liikaa. \u201dSiin\u00e4 mieless\u00e4 olen aika tyytyv\u00e4inen t\u00e4h\u00e4n nykyiseen olotilaan\u201d, h\u00e4n sanoo. Kuva: Kalle Niskala \/ Yle<\/p>\n<p>Juttu tiivistettyn\u00e4<\/p>\n<ul class=\"aw-1jjocuh iJTSwP yle__article__list yle__article__list--ul\">\n<li class=\"aw-1j7gwms gNYKfi\">Pienten orkesterien taso Suomessa on noussut selv\u00e4sti, arvioi kapellimestari Juha Kangas.<\/li>\n<li class=\"aw-1j7gwms gNYKfi\">K\u00e4\u00e4nt\u00f6puolena on, ett\u00e4 orkesterien persoonalliset soinnit ovat h\u00e4vi\u00e4m\u00e4ss\u00e4 ja ne kuulostavat toisiltaan.<\/li>\n<li class=\"aw-1j7gwms gNYKfi\">Kangas on Keski-Pohjanmaan kamariorkesterin perustaja. H\u00e4n arvioi asiaa perjantaisen 80-vuotiskonserttinsa alla.<\/li>\n<\/ul>\n<p class=\"aw-1gybjub aw-1p7kakr kEtdKx cEmitX yle__article__paragraph\">T\u00e4m\u00e4 on teko\u00e4lyn avulla tuotettu, toimittajan tarkistama tiivistelm\u00e4.<\/p>\n<p class=\"aw-1gybjub aw-1p7kakr kEtdKx cEmitX yle__article__paragraph\">Pienten orkesterien taso on noussut Suomessa selv\u00e4sti ja on nyky\u00e4\u00e4n eritt\u00e4in hyv\u00e4, sanoo Keski-Pohjanmaan kamariorkesterin perustaja, kunniakapellimestari, professori <strong class=\"aw-ak79eh KyCXm yle__article__strong\">Juha Kangas<\/strong>.<\/p>\n<p class=\"aw-1gybjub aw-1p7kakr kEtdKx cEmitX yle__article__paragraph\">\u2013 Jos vertaa vaikkapa 90-lukuun, niin kun silloin menin johtamaan jotakin niin sanottua maaseutuorkesteria, niin joskus oli semmoinen fiilinki, ett\u00e4 l\u00e4hden kotiin ensimm\u00e4isen harjoituksen j\u00e4lkeen.<\/p>\n<p class=\"aw-1gybjub aw-1p7kakr kEtdKx cEmitX yle__article__paragraph\">Tuolloinkin matka harjoituksista konserttiin oli silti aina hyv\u00e4, eik\u00e4 Kangas muista olleensa koskaan tyytym\u00e4t\u00f6n kehitykseen.<\/p>\n<p class=\"aw-1gybjub aw-1p7kakr kEtdKx cEmitX yle__article__paragraph\">Nyt l\u00e4ht\u00f6taso on kuitenkin toinen.<\/p>\n<p class=\"aw-1gybjub aw-1p7kakr kEtdKx cEmitX yle__article__paragraph\">\u2013 Meill\u00e4 on tietysti huippusinfoniaorkesterit Helsingiss\u00e4, mutta hyv\u00e4\u00e4 sinfoniamusiikkia kuulee my\u00f6s pienemmiss\u00e4 kaupungeissa. Pienten orkesterien taso on noussut todella paljon.<\/p>\n<p class=\"aw-1gybjub aw-1p7kakr kEtdKx cEmitX yle__article__paragraph\">K\u00e4\u00e4nt\u00f6puolena on kansainv\u00e4linen kehitys: persoonallisuus on h\u00e4vi\u00e4m\u00e4ss\u00e4.<\/p>\n<p class=\"aw-1gybjub aw-1p7kakr kEtdKx cEmitX yle__article__paragraph\">\u2013 Ei ole en\u00e4\u00e4 perinteist\u00e4 saksalaista tai b\u00f6hmil\u00e4ist\u00e4 tai virtaviivaista amerikkalaista soundia, vaan kaikki alkavat v\u00e4h\u00e4n kuulostaa samalta orkesterilta. Se on tietysti tavallaan harmi, mutta eih\u00e4n sille mit\u00e4\u00e4n voi.<\/p>\n<p class=\"aw-1gybjub aw-1p7kakr kEtdKx cEmitX yle__article__paragraph\">My\u00f6s Keski-Pohjanmaan kamariorkesterin kuuluisana pidetty sointi on muuttunut yleiseurooppalaiseen suuntaan, sanoo Kangas ja viittaa my\u00f6s kuulemiinsa n\u00e4kemyksiin.<\/p>\n<p class=\"aw-1gybjub aw-1p7kakr kEtdKx cEmitX yle__article__paragraph\">\u2013 Orkesteri soi hyvin kyll\u00e4, mutta v\u00e4h\u00e4n samalla tavalla kuin muutkin hyv\u00e4t orkesterit. Sellainen persoonallinen v\u00e4ri on mielest\u00e4ni v\u00e4hentynyt.<\/p>\n<p><img decoding=\"async\" alt=\"Orkesteri soittaa salissa.\" src=\"https:\/\/www.europesays.com\/fi\/wp-content\/uploads\/2025\/11\/39-15598986926f46977982.jpeg\" loading=\"lazy\" class=\"aw-1l9m598 hKVVvP\"\/><\/p>\n<p>Avaa kuvien katselu<\/p>\n<p>Kangas el\u00e4k\u00f6ityi kamariorkesterin taiteellisen johtajan teht\u00e4v\u00e4st\u00e4 vuonna 2010, mutta on vieraillut harvakseltaan sen edess\u00e4 sen j\u00e4lkeenkin. Kuva keskiviikon harjoituksista. Kuva: Kalle Niskala \/ Yle<\/p>\n<p class=\"aw-1gybjub aw-1p7kakr kEtdKx cEmitX yle__article__paragraph\">Kangas on johtanut Suomen kamari- ja sinfoniaorkestereja ja vieraillut ulkomailla. 30 vuotta kest\u00e4nyt yhteisty\u00f6 Tallinnassa jatkuu yh\u00e4.<\/p>\n<p class=\"aw-1gybjub aw-1p7kakr kEtdKx cEmitX yle__article__paragraph\">Kamariorkesteri on h\u00e4nelle omin instrumentti. Sinfoniaorkesterien ty\u00f6tapa valmistaa ohjelma viikossa tuntuu hieman tehdasmaiselta.<\/p>\n<p class=\"aw-1gybjub aw-1p7kakr kEtdKx cEmitX yle__article__paragraph\">\u2013 Siin\u00e4 j\u00e4\u00e4 usein hienos\u00e4\u00e4t\u00f6\u00e4 tekem\u00e4tt\u00e4. Jos kamariorkesterilla on aikaa tehd\u00e4 ja motivoituneet soittajat, niin p\u00e4\u00e4see todella tekem\u00e4\u00e4n k\u00e4sity\u00f6t\u00e4. Se minua siin\u00e4 miellytt\u00e4\u00e4.<\/p>\n<p><img decoding=\"async\" alt=\"Mies heiluttaa tahtipuikkoa. H\u00e4nen edesss\u00e4\u00e4n on soittajia.\" src=\"https:\/\/www.europesays.com\/fi\/wp-content\/uploads\/2025\/11\/39-15598946926f465c7f02.jpeg\" loading=\"lazy\" class=\"aw-1l9m598 hKVVvP\"\/><\/p>\n<p>Avaa kuvien katselu<\/p>\n<p>Juha Kangas johtaa Mozartin Divertimenton perjantaina laskujensa mukaan jo 150:nnen kerran, mutta teos ei viel\u00e4k\u00e4\u00e4n ole loppuunkaluttu. \u201dViime kes\u00e4n\u00e4 sit\u00e4 tutkailin ja olin l\u00f6yt\u00e4vin\u00e4ni uusiakin asioita.\u201d Kuva: Kalle Niskala \/ Yle<\/p>\n<p class=\"aw-1gybjub aw-1p7kakr kEtdKx cEmitX yle__article__paragraph\">Kaustisella syntynyt Juha Kangas kasvoi klassiseen musiikkiin kansanmusiikin kautta. Sibelius-Akatemiassa opiskellessaan h\u00e4n soitti Helsingin kaupunginorkesterissa viisi vuotta ja sai l\u00e4pileikkauksen orkesterikirjallisuuden perusrepertuaarista.<\/p>\n<p class=\"aw-1gybjub aw-1p7kakr kEtdKx cEmitX yle__article__paragraph\">Paikka alttoviulusektiossa antoi muutenkin hyv\u00e4n pohjan.<\/p>\n<p class=\"aw-1gybjub aw-1p7kakr kEtdKx cEmitX yle__article__paragraph\">\u2013 Siell\u00e4 kuulee hyvin, mit\u00e4 ymp\u00e4rill\u00e4 tapahtuu. Yleens\u00e4 alttoviulustemmat ovat teknisesti helpompia kuin ykk\u00f6sviulun, joten ehtii kuunnella paremmin. Siit\u00e4 on my\u00f6s hyv\u00e4 n\u00e4k\u00f6yhteys kapellimestariin.<\/p>\n<p class=\"aw-1gybjub aw-1p7kakr kEtdKx cEmitX yle__article__paragraph\">Vuonna 1972 Kangas otti johtaakseen musiikkiopiston jousiorkesterin. Tuota vuotta pidet\u00e4\u00e4n Keski-Pohjanmaan kamariorkesterin perustamisvuonna.<\/p>\n<p><img decoding=\"async\" alt=\"Mies heiluttaa tahtipuikkoa.\" src=\"https:\/\/www.europesays.com\/fi\/wp-content\/uploads\/2025\/11\/39-15598966926f467affda.jpeg\" loading=\"lazy\" class=\"aw-1l9m598 hKVVvP\"\/><\/p>\n<p>Avaa kuvien katselu<\/p>\n<p>Viel\u00e4 Helsingin-vuosinaan Kangas tiennyt, ett\u00e4 tulisi viett\u00e4m\u00e4\u00e4n vuosikymmeni\u00e4 orkesterien edess\u00e4, mutta on my\u00f6hemmin todennut, ett\u00e4 alttoviulupaikasta oli hy\u00f6ty\u00e4 siin\u00e4kin mieless\u00e4. Kuva: Kalle Niskala \/ Yle<\/p>\n<p class=\"aw-1gybjub aw-1p7kakr kEtdKx cEmitX yle__article__paragraph\">Kansanmusiikki oli h\u00e4nen mukaansa luonut hyv\u00e4n pohjan: musiikkiin suhtauduttiin maakunnassa my\u00f6nteisesti.<\/p>\n<p class=\"aw-1gybjub aw-1p7kakr kEtdKx cEmitX yle__article__paragraph\">Kangas ei kuitenkaan v\u00e4h\u00e4ttele omaa rooliaan: alkuvaiheessa kaikki orkesterin viulistit olivat h\u00e4nen oppilaitaan.<\/p>\n<p class=\"aw-1gybjub aw-1p7kakr kEtdKx cEmitX yle__article__paragraph\">\u2013 Kun orkesteri alkoi saada menestyst\u00e4, niin alkoi tulla semmoisia haaveita, ett\u00e4 jos t\u00e4st\u00e4 joskus tulisi ammattiorkesteri.<\/p>\n<p class=\"aw-1gybjub aw-1p7kakr kEtdKx cEmitX yle__article__paragraph\">N\u00e4in k\u00e4vi vuonna 1989.<\/p>\n<p class=\"aw-1gybjub aw-1p7kakr kEtdKx cEmitX yle__article__paragraph\">Perjantaina Kangas johtaa 80-vuotiskonsertissaan h\u00e4nelle t\u00e4rkeiden s\u00e4velt\u00e4jien teoksia, kuten Bachia, Mozartia, Vasksia ja Nordgrenia.<\/p>\n<p class=\"aw-1gybjub aw-1p7kakr kEtdKx cEmitX yle__article__paragraph\">Solistina on ensi syksyn\u00e4 taiteellisena johtajana aloittava <strong class=\"aw-ak79eh KyCXm yle__article__strong\">Kasmir Uusitupa<\/strong>. Konsertissa kuullaan my\u00f6s <strong class=\"aw-ak79eh KyCXm yle__article__strong\">Juho Kankaan<\/strong> Unienvalvojien kantaesitys.<\/p>\n<p class=\"aw-1gybjub aw-1p7kakr kEtdKx cEmitX yle__article__paragraph\">Is\u00e4\u2013poika-asetelma ei vaikuta ty\u00f6h\u00f6n, kun takana on 150 johdettua kantaesityst\u00e4.<\/p>\n<p class=\"aw-1gybjub aw-1p7kakr kEtdKx cEmitX yle__article__paragraph\">\u2013 Samalla tavalla suhtaudun kuin kenen tahansa muun s\u00e4velt\u00e4j\u00e4n kantaesityksiin, sanoo Juha Kangas.<\/p>\n<p class=\"aw-1gybjub aw-1p7kakr kEtdKx cEmitX yle__article__paragraph\"><strong class=\"aw-ak79eh KyCXm yle__article__strong\">Kangas avaa ajatuksiaan niin menneest\u00e4 kuin tulevasta Sari M\u00f6llerin haastattelussa.<\/strong><\/p>\n<p><strong class=\"aw-1bgq5a3 bSmpIc\">Juha Kankaalle kamariorkesteri on mieluisin instrumentti<\/strong><\/p>\n<p><img decoding=\"async\" alt=\"\" src=\"https:\/\/www.europesays.com\/fi\/wp-content\/uploads\/2025\/11\/39-15598976926f468a8536.jpeg\" class=\"aw-1l9m598 hKVVvP\"\/><\/p>\n","protected":false},"excerpt":{"rendered":"Keski-Pohjanmaan kamariorkesterin perustanut Juha Kangas on johtanut orkestereita ymp\u00e4ri Suomen ja my\u00f6s ulkomailla. 80 vuotta t\u00e4ytt\u00e4ess\u00e4\u00e4n h\u00e4n palaa&hellip;\n","protected":false},"author":2,"featured_media":101586,"comment_status":"","ping_status":"","sticky":false,"template":"","format":"standard","meta":{"footnotes":""},"categories":[130],"tags":[137,33,31,30,10066,6801,451,10065,3147,991,108,19441,47,6799,32,109],"class_list":{"0":"post-101585","1":"post","2":"type-post","3":"status-publish","4":"format-standard","5":"has-post-thumbnail","7":"category-viihde","8":"tag-entertainment","9":"tag-fi","10":"tag-finland","11":"tag-finnish","12":"tag-juha-kangas","13":"tag-kapellimestarit","14":"tag-keski-pohjanmaa","15":"tag-keski-pohjanmaan-kamariorkesteri","16":"tag-klassinen-musiikki","17":"tag-kokkola","18":"tag-kulttuuri","19":"tag-mauno-jarvela","20":"tag-musiikki","21":"tag-orkesterit","22":"tag-suomi","23":"tag-viihde"},"share_on_mastodon":{"url":"https:\/\/pubeurope.com\/@fi\/115622440257170841","error":""},"_links":{"self":[{"href":"https:\/\/www.europesays.com\/fi\/wp-json\/wp\/v2\/posts\/101585","targetHints":{"allow":["GET"]}}],"collection":[{"href":"https:\/\/www.europesays.com\/fi\/wp-json\/wp\/v2\/posts"}],"about":[{"href":"https:\/\/www.europesays.com\/fi\/wp-json\/wp\/v2\/types\/post"}],"author":[{"embeddable":true,"href":"https:\/\/www.europesays.com\/fi\/wp-json\/wp\/v2\/users\/2"}],"replies":[{"embeddable":true,"href":"https:\/\/www.europesays.com\/fi\/wp-json\/wp\/v2\/comments?post=101585"}],"version-history":[{"count":0,"href":"https:\/\/www.europesays.com\/fi\/wp-json\/wp\/v2\/posts\/101585\/revisions"}],"wp:featuredmedia":[{"embeddable":true,"href":"https:\/\/www.europesays.com\/fi\/wp-json\/wp\/v2\/media\/101586"}],"wp:attachment":[{"href":"https:\/\/www.europesays.com\/fi\/wp-json\/wp\/v2\/media?parent=101585"}],"wp:term":[{"taxonomy":"category","embeddable":true,"href":"https:\/\/www.europesays.com\/fi\/wp-json\/wp\/v2\/categories?post=101585"},{"taxonomy":"post_tag","embeddable":true,"href":"https:\/\/www.europesays.com\/fi\/wp-json\/wp\/v2\/tags?post=101585"}],"curies":[{"name":"wp","href":"https:\/\/api.w.org\/{rel}","templated":true}]}}