{"id":101597,"date":"2025-11-27T16:02:14","date_gmt":"2025-11-27T16:02:14","guid":{"rendered":"https:\/\/www.europesays.com\/fi\/101597\/"},"modified":"2025-11-27T16:02:14","modified_gmt":"2025-11-27T16:02:14","slug":"raportti-taittuva-iphone-eteni-seuraavaan-vaiheeseen-naytossa-saavutettu-merkittava-lapimurto-joka-erottaa-applen-muista","status":"publish","type":"post","link":"https:\/\/www.europesays.com\/fi\/101597\/","title":{"rendered":"Raportti: taittuva iPhone eteni seuraavaan vaiheeseen \u2013 n\u00e4yt\u00f6ss\u00e4 saavutettu merkitt\u00e4v\u00e4 l\u00e4pimurto, joka erottaa Applen muista"},"content":{"rendered":"<p><a href=\"https:\/\/www.europesays.com\/fi\/wp-content\/uploads\/2025\/08\/apple_logo_2025-1.jpg\" data-lightbox=\"image\"><img fetchpriority=\"high\" decoding=\"async\" class=\"aligncenter size-full wp-image-254051\" src=\"data:image\/svg+xml,%3Csvg%20xmlns=\" http:=\"\" alt=\"Apple logo.\" width=\"1122\" height=\"1018\" data-lazy- data-lazy- data-lazy-src=\"https:\/\/www.europesays.com\/fi\/wp-content\/uploads\/2025\/08\/apple_logo_2025-1.jpg\"\/><\/a><\/p>\n<p>Vuonna 2026 iPhone-mallistossa tullaan n\u00e4kem\u00e4\u00e4n jotakin uutta, kun Apple tuo markkinoille ensimm\u00e4isen taittuvan\u00e4ytt\u00f6isen iPhonensa.<\/p>\n<p>Ensimm\u00e4isen taittuvan\u00e4ytt\u00f6isen iPhonen julkistuksen odotetaan tapahtuvan syksyll\u00e4 2026 iPhone 18 Pro -mallien rinnalla.<\/p>\n<p style=\"width: 98%; text-align: center; font-size:13px; border-bottom: 1px solid #C8C8C8; line-height: 0.1em; margin: 8px 1% 16px 1%;\">MAINOS (ARTIKKELI JATKUU ALLA)<\/p>\n<p>Huhuja taittuvan\u00e4ytt\u00f6isest\u00e4 on kuultu pitk\u00e4\u00e4n Applen kehitysty\u00f6n edistyess\u00e4.<\/p>\n<p>Nyt Applen raportoidaan edenneen taittuvan iPhonen kehityksess\u00e4 niin sanottuun EVT-vaiheeseen (engineering validation test), jossa tavallisesti valmistetaan pieni m\u00e4\u00e4r\u00e4 prototyyppej\u00e4 tuotteen suunnittelun varmentamiseksi.<\/p>\n<p>Taittuvan\u00e4ytt\u00f6isi\u00e4 iPhoneja Applen kerrotaan valmistaneen nyt noin sata kappaletta.<\/p>\n<p style=\"width: 98%; text-align: center; font-size:13px; border-bottom: 1px solid #C8C8C8; line-height: 0.1em; margin: 8px 1% 16px 1%;\">MAINOS (ARTIKKELI JATKUU ALLA)<\/p>\n<p>Applen ensimm\u00e4inen taittuva iPhone tulee olemaan kirjan tavoin sivusuunnassa auki taittuvaa mallia, ja kuten on pitk\u00e4\u00e4n huhuttu, Apple pyrkii erottautumaan n\u00e4yt\u00f6n taitoskohdan juovattomuudella.<\/p>\n<p>Toistaiseksi taittuvan\u00e4ytt\u00f6isiss\u00e4 puhelimissa n\u00e4yt\u00f6n taitoskohdassa on enemm\u00e4n tai v\u00e4hemm\u00e4n n\u00e4kyv\u00e4 ja tuntuva juova. Parhaimmissa taittuvan\u00e4ytt\u00f6isiss\u00e4 puhelimissa juovasta on p\u00e4\u00e4sty jo l\u00e4hes eroon, mutta Apple vie raportoidusti taitoskohdan tasaisuuden uudelle tasolle.<\/p>\n<p>Applen on kerrottu saavuttaneen merkitt\u00e4v\u00e4n l\u00e4pimurron taitoskohdan tekemisess\u00e4 paremmin.<\/p>\n<p>Vaikka Applen taittuvan\u00e4ytt\u00f6iseen iPhoneen n\u00e4ytt\u00f6paneeleja tulee toimittamaan Samsung, on Applella ollut keskeinen rooli uusien ratkaisujen kehitysty\u00f6ss\u00e4.<\/p>\n<p style=\"width: 98%; text-align: center; font-size:13px; border-bottom: 1px solid #C8C8C8; line-height: 0.1em; margin: 8px 1% 16px 1%;\">MAINOS (ARTIKKELI JATKUU ALLA)<\/p>\n<p><a href=\"https:\/\/money.udn.com\/money\/story\/5612\/9158381\" rel=\"nofollow noopener\" target=\"_blank\">Korealaisen UDN-julkaisun mukaan<\/a> Apple oli merkitt\u00e4v\u00e4ll\u00e4 tavalla mukana niin paneelin kuin taittomekanismin suunnittelussa juovan poistamiseksi n\u00e4yt\u00f6n taitoskohdasta.<\/p>\n<p>\u201dSis\u00e4n\u00e4yt\u00f6n toimittaa yksinomaan Samsung, mutta paneelin rakenne, materiaalink\u00e4sittelyprosessi ja laminoinnissa k\u00e4ytett\u00e4v\u00e4 pr\u00e4ss\u00e4ysmenetelm\u00e4 ovat kaikki Applen suunnittelemia. My\u00f6s t\u00e4rkeimm\u00e4t laakerikomponentit on luotu Applen ja kahden alihankkijan, New Rixingin ja Amfeno Developmentin, toimesta. N\u00e4in paneelin ja laakerien integroinnissa v\u00e4ltet\u00e4\u00e4n perinteisen taittuvan laitteen pysyv\u00e4t rypyt n\u00e4yt\u00f6n keskell\u00e4\u201d, UDN raportoi.<\/p>\n<p>Ensimm\u00e4isen taittuvan\u00e4ytt\u00f6isen iPhonen muista yksityiskohdistakin on <a href=\"https:\/\/mobiili.fi\/2025\/08\/25\/apple-reportteri-paljasti-tallainen-on-tulossa-ensimmaisesta-taittuvanayttoisesta-iphonesta\/\" rel=\"nofollow noopener\" target=\"_blank\">kuultu jo aiemmin huhuja, muun muassa Bloombergin Apple-reportterilta Mark Gurmanilta<\/a>.<\/p>\n<p>Kameroita taittuvan\u00e4ytt\u00f6isess\u00e4 iPhonessa pit\u00e4isi olla nelj\u00e4 kappaletta: yksi etukamera sek\u00e4 sit\u00e4- ett\u00e4 ulkopuolella sek\u00e4 kaksi takakameraa.<\/p>\n<p style=\"width: 98%; text-align: center; font-size:13px; border-bottom: 1px solid #C8C8C8; line-height: 0.1em; margin: 8px 1% 16px 1%;\">MAINOS (ARTIKKELI JATKUU ALLA)<\/p>\n<p>Muista taittuvan\u00e4ytt\u00f6isist\u00e4 puhelimista tuttuun tapaan Apple tulee luottamaan sormenj\u00e4lkitunnistukseen taittuvassaan, vaikka muuten Face ID onkin ottanut sen paikan iPhoneissa. Sivulle sijoitettu sormenj\u00e4lkilukija mahdollistaa biometrisen tunnistautumisen sek\u00e4 laitteen ollessa taitettuna auki ett\u00e4 kiinni.<\/p>\n<p>Lis\u00e4ksi kertoo taittuvan\u00e4ytt\u00f6isen iPhonen tekniikasta on kerrottu sen olevan varustettu Applen omalla 5G-modeemipiirill\u00e4. Fyysist\u00e4 SIM-korttipaikkaa taittuvan\u00e4ytt\u00f6isess\u00e4 iPhonessa ei pit\u00e4isi olla lainkaan laitteen tukeutuessa vain eSIMiin, kuten jo my\u00f6s iPhone Air.<\/p>\n<p>Taittuvaan iPhoneen on odotettu noin 5,5 tuuman kansin\u00e4ytt\u00f6\u00e4 ja vajaan 7,7-7,8 tuuman taittuvaa sis\u00e4n\u00e4ytt\u00f6\u00e4.<\/p>\n<p><a href=\"https:\/\/mobiili.fi\/2025\/03\/06\/uusi-raportti-julki-tallainen-on-tulossa-applen-ensimmaisesta-taittuvanayttoisesta-iphonesta-vuonna-2026\/\" rel=\"nofollow noopener\" target=\"_blank\">Aiemmin analyytikko Ming-Chi Kuo on my\u00f6s raportoinut, ett\u00e4 tuleva taittuvan\u00e4ytt\u00f6inen iPhone olisi noin 9-9,5 millimetri\u00e4 paksu<\/a>. Ohuimmat taittuvan\u00e4ytt\u00f6iset puhelimet ovat paksuudeltaan jo alle 9 millimetrin, joten t\u00e4ss\u00e4 suhteessa Apple ei olisi aivan ohuin, vaikka kuitenkin melko ohut.<\/p>\n<p>Akun kapasiteetti taittuvan\u00e4ytt\u00f6isess\u00e4 iPhonessa on raportoidusti jopa 5 400 \u2013 5 800 milliampeerituntia, mik\u00e4 on verrattain paljon taittuvalle puhelimelle.<\/p>\n<p>Gurmanin mukaan Apple on tuomassa taittuvan\u00e4ytt\u00f6isest\u00e4 iPhonestaan markkinoille vain kaksi v\u00e4rivaihtoehtoa, mustan ja valkoisen.<\/p>\n<p>Mainos: <a href=\"https:\/\/hinta.fi\/?src=gPp6fX03\" target=\"_blank\" rel=\"nofollow noopener\">Noin 1 600 000 tuotteen hintavertailu ja hintaseuranta &#8211; katso Hinta.fist\u00e4 mist\u00e4 saat halvimmalla<\/a><\/p>\n","protected":false},"excerpt":{"rendered":"Vuonna 2026 iPhone-mallistossa tullaan n\u00e4kem\u00e4\u00e4n jotakin uutta, kun Apple tuo markkinoille ensimm\u00e4isen taittuvan\u00e4ytt\u00f6isen iPhonensa. Ensimm\u00e4isen taittuvan\u00e4ytt\u00f6isen iPhonen julkistuksen&hellip;\n","protected":false},"author":2,"featured_media":5589,"comment_status":"","ping_status":"","sticky":false,"template":"","format":"standard","meta":{"footnotes":""},"categories":[85],"tags":[33,31,30,419,418,32,91,92],"class_list":{"0":"post-101597","1":"post","2":"type-post","3":"status-publish","4":"format-standard","5":"has-post-thumbnail","7":"category-mobiili","8":"tag-fi","9":"tag-finland","10":"tag-finnish","11":"tag-mobiili","12":"tag-mobile","13":"tag-suomi","14":"tag-technology","15":"tag-teknologia"},"share_on_mastodon":{"url":"https:\/\/pubeurope.com\/@fi\/115622507057206908","error":""},"_links":{"self":[{"href":"https:\/\/www.europesays.com\/fi\/wp-json\/wp\/v2\/posts\/101597","targetHints":{"allow":["GET"]}}],"collection":[{"href":"https:\/\/www.europesays.com\/fi\/wp-json\/wp\/v2\/posts"}],"about":[{"href":"https:\/\/www.europesays.com\/fi\/wp-json\/wp\/v2\/types\/post"}],"author":[{"embeddable":true,"href":"https:\/\/www.europesays.com\/fi\/wp-json\/wp\/v2\/users\/2"}],"replies":[{"embeddable":true,"href":"https:\/\/www.europesays.com\/fi\/wp-json\/wp\/v2\/comments?post=101597"}],"version-history":[{"count":0,"href":"https:\/\/www.europesays.com\/fi\/wp-json\/wp\/v2\/posts\/101597\/revisions"}],"wp:featuredmedia":[{"embeddable":true,"href":"https:\/\/www.europesays.com\/fi\/wp-json\/wp\/v2\/media\/5589"}],"wp:attachment":[{"href":"https:\/\/www.europesays.com\/fi\/wp-json\/wp\/v2\/media?parent=101597"}],"wp:term":[{"taxonomy":"category","embeddable":true,"href":"https:\/\/www.europesays.com\/fi\/wp-json\/wp\/v2\/categories?post=101597"},{"taxonomy":"post_tag","embeddable":true,"href":"https:\/\/www.europesays.com\/fi\/wp-json\/wp\/v2\/tags?post=101597"}],"curies":[{"name":"wp","href":"https:\/\/api.w.org\/{rel}","templated":true}]}}