{"id":101611,"date":"2025-11-27T16:29:10","date_gmt":"2025-11-27T16:29:10","guid":{"rendered":"https:\/\/www.europesays.com\/fi\/101611\/"},"modified":"2025-11-27T16:29:10","modified_gmt":"2025-11-27T16:29:10","slug":"anteeks-tuli-paskat-housuun-mari-perankoski-ottaa-loysat-pois-amazing-race-suomessa","status":"publish","type":"post","link":"https:\/\/www.europesays.com\/fi\/101611\/","title":{"rendered":"&#8221;Anteeks, tuli paskat housuun&#8221; \u2013 Mari Perankoski ottaa &#8221;l\u00f6ys\u00e4t pois&#8221; Amazing Race Suomessa"},"content":{"rendered":"<p>Komedienne, k\u00e4sikirjoittaja <strong>Mari Hynynen<\/strong>, o.s. <strong>Perankoski<\/strong> osallistui kuluvalle Amazing Race Suomi -kaudelle poikansa <strong>Joel Volasen<\/strong> kanssa.<\/p>\n<p>Tuoreessa jaksossa n\u00e4hd\u00e4\u00e4n kenties kiusallinen, mutta katsojien kannalta hulvaton hetki, kun Hynynen joutuu s\u00e4nt\u00e4\u00e4m\u00e4\u00e4n pusikkoon helpotukselle kesken teht\u00e4v\u00e4n suorittamisen. H\u00e4nen omien sanojensa mukaan kyseess\u00e4 oli \u201cvarikkopys\u00e4hdys.\u201d<\/p>\n<p>Lue my\u00f6s: <a href=\"https:\/\/www.voice.fi\/viihde\/amazing-race-suomessa-kiusallinen-keskeytys-nyt-helpotti\" title=\"Amazing Race Suomessa kiusallinen keskeytys \u2013 \u201dNyt helpotti\u201d\" class=\"underline-custom !font-montserrat !font-bold !underline-offset-4 !decoration-4 !decoration-tilt-light !text-md\" rel=\"nofollow noopener\" target=\"_blank\">Amazing Race Suomessa kiusallinen keskeytys \u2013 \u201dNyt helpotti\u201d<\/a><\/p>\n<p>Lue my\u00f6s: <a href=\"https:\/\/www.voice.fi\/viihde\/a-231015\" title=\"T\u00e4ss\u00e4 ovat uudet Amazing Race Suomi -ohjelman kilpailijat \u2013 mukana n\u00e4yttelij\u00f6it\u00e4 ja artisteja\" class=\"underline-custom !font-montserrat !font-bold !underline-offset-4 !decoration-4 !decoration-tilt-light !text-md\" rel=\"nofollow noopener\" target=\"_blank\">T\u00e4ss\u00e4 ovat uudet Amazing Race Suomi -ohjelman kilpailijat \u2013 mukana n\u00e4yttelij\u00f6it\u00e4 ja artisteja<\/a><\/p>\n<p>Hynynen r\u00e4mpii p\u00f6pelikk\u00f6\u00f6n ja pyyt\u00e4\u00e4 paikallista ty\u00f6ntekij\u00e4\u00e4 siirtym\u00e4\u00e4n loitommalle, jotta h\u00e4n p\u00e4\u00e4see pissalle.<\/p>\n<p>Pian k\u00e4y kuitenkin ilmi, ett\u00e4 h\u00e4t\u00e4 olikin suurempi.<\/p>\n<p>\u2013 \u00a0Ollut kaikilla l\u00f6ys\u00e4 maha ja l\u00e4mp\u00f6halvaus, ja t\u00e4n\u00e4\u00e4n sitten ripulia. Varustauduin kyll\u00e4 jonkin n\u00e4k\u00f6isill\u00e4 vaipoilla, mutta ei se paljon auttanut.<\/p>\n<p>Lue my\u00f6s: <a href=\"https:\/\/www.voice.fi\/viihde\/a-227206\" title=\"Yll\u00e4tt\u00e4v\u00e4 k\u00e4\u00e4nne: Yksi pareista p\u00e4\u00e4tt\u00e4\u00e4 j\u00e4tt\u00e4\u00e4 Amazing Race -kisan kesken\" class=\"underline-custom !font-montserrat !font-bold !underline-offset-4 !decoration-4 !decoration-tilt-light !text-md\" rel=\"nofollow noopener\" target=\"_blank\">Yll\u00e4tt\u00e4v\u00e4 k\u00e4\u00e4nne: Yksi pareista p\u00e4\u00e4tt\u00e4\u00e4 j\u00e4tt\u00e4\u00e4 Amazing Race -kisan kesken<\/a><\/p>\n<p>Lue my\u00f6s: <a href=\"https:\/\/www.voice.fi\/viihde\/a-226638\" title=\"Amazing Race Suomessa vauhdikas alku \u2013 &quot;Noikin sai taksin s*atana&quot;\" class=\"underline-custom !font-montserrat !font-bold !underline-offset-4 !decoration-4 !decoration-tilt-light !text-md\" rel=\"nofollow noopener\" target=\"_blank\">Amazing Race Suomessa vauhdikas alku \u2013 &#8221;Noikin sai taksin s*atana&#8221;<\/a><\/p>\n<p>Takaisin teht\u00e4v\u00e4paikalle saavuttuaan Hynynen selitt\u00e4\u00e4 tilannetta pojalleen.<\/p>\n<p>\u2013 Anteeks, tuli paskat housuun.<\/p>\n<p>H\u00e4n kertaa tilannetta j\u00e4lkik\u00e4teen kameralle.<\/p>\n<p>\u2013 Paikallinen kookosukko sai el\u00e4m\u00e4ns\u00e4 j\u00e4rkytyksen, kun juoksin sinne p\u00f6pelikk\u00f6\u00f6n.<\/p>\n<p>\u2013 \u00a0No nyt on l\u00f6ys\u00e4t pois.<\/p>\n","protected":false},"excerpt":{"rendered":"Komedienne, k\u00e4sikirjoittaja Mari Hynynen, o.s. Perankoski osallistui kuluvalle Amazing Race Suomi -kaudelle poikansa Joel Volasen kanssa. Tuoreessa jaksossa&hellip;\n","protected":false},"author":2,"featured_media":101612,"comment_status":"","ping_status":"","sticky":false,"template":"","format":"standard","meta":{"footnotes":""},"categories":[136],"tags":[407,137,33,31,30,408,7807,19444,19445,32,109],"class_list":{"0":"post-101611","1":"post","2":"type-post","3":"status-publish","4":"format-standard","5":"has-post-thumbnail","7":"category-julkkikset","8":"tag-celebrities","9":"tag-entertainment","10":"tag-fi","11":"tag-finland","12":"tag-finnish","13":"tag-julkkikset","14":"tag-kakka","15":"tag-kookosukko","16":"tag-ripuli","17":"tag-suomi","18":"tag-viihde"},"share_on_mastodon":{"url":"https:\/\/pubeurope.com\/@fi\/115622613034733625","error":""},"_links":{"self":[{"href":"https:\/\/www.europesays.com\/fi\/wp-json\/wp\/v2\/posts\/101611","targetHints":{"allow":["GET"]}}],"collection":[{"href":"https:\/\/www.europesays.com\/fi\/wp-json\/wp\/v2\/posts"}],"about":[{"href":"https:\/\/www.europesays.com\/fi\/wp-json\/wp\/v2\/types\/post"}],"author":[{"embeddable":true,"href":"https:\/\/www.europesays.com\/fi\/wp-json\/wp\/v2\/users\/2"}],"replies":[{"embeddable":true,"href":"https:\/\/www.europesays.com\/fi\/wp-json\/wp\/v2\/comments?post=101611"}],"version-history":[{"count":0,"href":"https:\/\/www.europesays.com\/fi\/wp-json\/wp\/v2\/posts\/101611\/revisions"}],"wp:featuredmedia":[{"embeddable":true,"href":"https:\/\/www.europesays.com\/fi\/wp-json\/wp\/v2\/media\/101612"}],"wp:attachment":[{"href":"https:\/\/www.europesays.com\/fi\/wp-json\/wp\/v2\/media?parent=101611"}],"wp:term":[{"taxonomy":"category","embeddable":true,"href":"https:\/\/www.europesays.com\/fi\/wp-json\/wp\/v2\/categories?post=101611"},{"taxonomy":"post_tag","embeddable":true,"href":"https:\/\/www.europesays.com\/fi\/wp-json\/wp\/v2\/tags?post=101611"}],"curies":[{"name":"wp","href":"https:\/\/api.w.org\/{rel}","templated":true}]}}