{"id":101631,"date":"2025-11-27T17:02:11","date_gmt":"2025-11-27T17:02:11","guid":{"rendered":"https:\/\/www.europesays.com\/fi\/101631\/"},"modified":"2025-11-27T17:02:11","modified_gmt":"2025-11-27T17:02:11","slug":"janne-wilkman-on-hjkn-uusi-head-of-scouting","status":"publish","type":"post","link":"https:\/\/www.europesays.com\/fi\/101631\/","title":{"rendered":"Janne Wilkman on HJK:n uusi Head of Scouting"},"content":{"rendered":"<p class=\"has-text-align-left is-style-intro has-large-font-size\">Kansainv\u00e4lisesti kokenut Janne Wilkman on aloittanut marraskuussa HJK:n Head of Scoutingin teht\u00e4v\u00e4ss\u00e4. Tavoitteena on tuoda seuraan yh\u00e4 laadukkaampia pelaajia.<\/p>\n<p><img fetchpriority=\"high\" decoding=\"async\" width=\"720\" height=\"405\" src=\"https:\/\/www.europesays.com\/fi\/wp-content\/uploads\/2025\/11\/251126-janne-wilkman-tervetuloa-16x9-clean-720x405.png\" alt=\"\" class=\"wp-image-157850\"  \/><\/p>\n<p>HJK:n pelaajarekrytointi vahvistuu, kun <strong>Janne Wilkman<\/strong> on aloittanut HJK:n uutena Head of Scoutingina. Aiemmin Englannissa ja Tanskassa ty\u00f6skennellyt Wilkman tuo HJK:n pelaajarekrytointiprosessiin runsaasti kansainv\u00e4list\u00e4 kokemusta.<\/p>\n<p>Wilkmanin teht\u00e4v\u00e4n\u00e4 on paitsi tuoda nopealla aikav\u00e4lill\u00e4 vahvistuksia joukkueeseen, my\u00f6s kehitt\u00e4\u00e4 pitk\u00e4j\u00e4nteist\u00e4 prosessia pelaajarekrytoinnin tehostamiseksi.<\/p>\n<p>\u2013 Tietenkin t\u00e4m\u00e4n position t\u00e4rkein asia on se, ett\u00e4 pystyn tuomaan HJK:hon laadukkaita pelaajia, ja ett\u00e4 saamme hyvin nopeasti tarjolle sellaisia pelaajaprofiileja, joita t\u00e4ll\u00e4 hetkell\u00e4 tarvitaan. Pitk\u00e4ll\u00e4 t\u00e4ht\u00e4imell\u00e4 teht\u00e4v\u00e4n\u00e4ni on saada t\u00e4nne pelaajarekrytoinnin osalta pysyv\u00e4 rakenne, joka kantaa pitk\u00e4lle tulevaisuuteen. Haluamme luoda pysyv\u00e4n prosessin, joka jatkuu vaikka yksitt\u00e4iset henkil\u00f6t vaihtuisivatkin, Wilkman kertoo.<\/p>\n<p>Uusi Head of Scouting Wilkman tekee tiivist\u00e4 yhteisty\u00f6t\u00e4 urheilujohtaja <strong>Petri Vuorisen<\/strong> kanssa. Pelaajavalintoja tehdess\u00e4 mukaan astuu my\u00f6s joukkueen valmennus.<\/p>\n<p>\u2013 T\u00e4m\u00e4 ei tietenk\u00e4\u00e4n ole yhden miehen show, vaan p\u00e4\u00e4t\u00f6ksenteossa ovat mukana kaikki asian kannalta t\u00e4rkeimm\u00e4t henkil\u00f6t eli esimerkiksi urheilujohtaja ja p\u00e4\u00e4valmentaja.<\/p>\n<p><img loading=\"lazy\" decoding=\"async\" width=\"720\" height=\"405\" src=\"https:\/\/www.europesays.com\/fi\/wp-content\/uploads\/2025\/11\/251126-janne-wilkman-pic-1-16x9-2-720x405.png\" alt=\"\" class=\"wp-image-157856\"  \/><\/p>\n<p>Vuorinen on tyytyv\u00e4inen Wilkmanin saapumisesta HJK:hon. Pelaajarekrytoinnin tehostaminen on ollut Vuoriselle yksi t\u00e4rkeist\u00e4 tavoitteista, ja Wilkmanin aloitus seurassa on virstanpylv\u00e4s, jolla on merkitt\u00e4v\u00e4 rooli toiminnan pitk\u00e4j\u00e4nteisyyden takaamiseksi.<\/p>\n<p>\u2013 Toiminnan kehitt\u00e4minen on yksi isoimmista syist\u00e4, miksi tulin t\u00e4nne, ja olen eritt\u00e4in innoissani siit\u00e4, ett\u00e4 saamme Jannen mukaan. Haluamme luoda nopean menestyksen lis\u00e4ksi pitk\u00e4n aikav\u00e4lin kehityst\u00e4, ja t\u00e4llaiset ty\u00f6nkuvat ovat sellaisia, joiden t\u00e4ytyy olla HJK:n kaltaisessa seurassa pysyvi\u00e4 nyt ja tulevaisuudessa. T\u00e4m\u00e4 on osa voimassaolevaa strategiaa j\u00e4rjestelm\u00e4llisen prosessin kehitt\u00e4miseksi, miss\u00e4 tavoitteena on urheilullinen menestys ja onnistunut pelaajamyynti, Vuorinen sanoo.<\/p>\n<p>Vuorinen sanoo, ett\u00e4 toimivan pelaajarekrytoinnin tulee olla HJK:lle kilpailuetu muihin seuroihin n\u00e4hden niin kotimaassa kuin ulkomailla.<\/p>\n<p>\u2013 Haluamme Klubiin Suomen parhaat nuoret ja yleisesti laadukkaimmat pelaajat. Olemme jo k\u00e4ynnist\u00e4neet viikkopalaverit Jannen kanssa, ja kaikki on l\u00e4htenyt todella lupaavasti k\u00e4yntiin.<\/p>\n<p><img loading=\"lazy\" decoding=\"async\" width=\"720\" height=\"405\" src=\"https:\/\/www.europesays.com\/fi\/wp-content\/uploads\/2025\/11\/251126-janne-wilkman-pic-2-16x9-1-720x405.png\" alt=\"\" class=\"wp-image-157888\"  \/><\/p>\n<p>Yhten\u00e4 ty\u00f6kaluna Wilkmanilla on k\u00e4yt\u00f6ss\u00e4\u00e4n Eyeball-alusta, jota k\u00e4ytet\u00e4\u00e4n huippuseuroissa ymp\u00e4ri maailmaa. Wilkman ja Vuorinen kehitt\u00e4v\u00e4t Eyeballin henkil\u00f6st\u00f6n kanssa yhdess\u00e4 juuri HJK:n n\u00e4k\u00f6ist\u00e4 j\u00e4rjestelm\u00e4\u00e4. Wilkman osallistuu pelaajatarkkailuun my\u00f6s henkil\u00f6kohtaisesti, ja h\u00e4n pit\u00e4\u00e4kin inhimillist\u00e4 arviointia yh\u00e4 t\u00e4rke\u00e4n\u00e4 osana sit\u00e4.<\/p>\n<p>\u2013 Nyky\u00e4\u00e4n on valtava m\u00e4\u00e4r\u00e4 teknologiaa tarkkailun tukena, mik\u00e4 osaltaan on tehostanut ty\u00f6t\u00e4 ja tehnyt siit\u00e4 laadukkaampaa. Uskon nykyaikaisen mallin olevan sellainen, jossa teknologiaa ja dataa hy\u00f6dynnet\u00e4\u00e4n inhimillisen arvion tukena.<\/p>\n<p>Wilkmanilla on vankka tausta pelaajatarkkailun saralta Euroopan huipulla. H\u00e4n on ty\u00f6skennellyt pelaajatarkkailijana l\u00e4hes vuosikymmenen Englannin Valioliigassa Aston Villassa ja Sunderlandiss\u00e4 sek\u00e4 viimeisimp\u00e4n\u00e4 tanskalaisessa Aarhusissa.<\/p>\n<p>\u2013 Minulla on todella etuoikeutettu olo, ett\u00e4 olen saanut toimia t\u00e4llaisissa organisaatioissa. Uskon, ett\u00e4 pystyn tuomaan n\u00e4ist\u00e4 kansainv\u00e4lisist\u00e4 ymp\u00e4rist\u00f6ist\u00e4 tosi paljon t\u00e4h\u00e4n omaan ty\u00f6h\u00f6ni nyt t\u00e4\u00e4ll\u00e4 HJK:ssa. Ty\u00f6 on muuttunut paljon verrattuna siihen, kun aloitin Aston Villassa reilu 15 vuotta sitten: silloin t\u00e4m\u00e4 oli puhtaasti jalkaty\u00f6t\u00e4 eli olen istunut katsomossa ja kirjannut muistiinpanoihin, mit\u00e4 t\u00e4\u00e4lt\u00e4 l\u00f6ytyy.<\/p>\n<p>\u2013 Suomalainen jalkapallo on l\u00e4hell\u00e4 syd\u00e4nt\u00e4ni. HJK on valtavan iso seura, ja t\u00e4\u00e4ll\u00e4 on huikea potentiaali rakentaa scoutingille laadukas ja nykyaikainen prosessi. Olen tosi ylpe\u00e4, ett\u00e4 saan olla osa HJK:ta ja l\u00e4hte\u00e4 rakentamaan uutta kokonaisuutta. Uskon t\u00e4st\u00e4 tulevan mahtava juttu, joka my\u00f6s n\u00e4kyy kent\u00e4ll\u00e4 kaikille.<\/p>\n<p><a href=\"https:\/\/www.hjk.fi\/black-friday\/\" target=\"_blank\" rel=\" noreferrer noopener nofollow\"><img loading=\"lazy\" decoding=\"async\" width=\"720\" height=\"300\" src=\"https:\/\/www.europesays.com\/fi\/wp-content\/uploads\/2025\/11\/black-friday-24x10pukki-1-720x300.png\" alt=\"\" class=\"wp-image-157760\"  \/><\/a><\/p>\n<p><a href=\"https:\/\/www.hjk.fi\/black-friday\/\" target=\"_blank\" rel=\" noreferrer noopener nofollow\"><img loading=\"lazy\" decoding=\"async\" width=\"384\" height=\"480\" src=\"https:\/\/www.europesays.com\/fi\/wp-content\/uploads\/2025\/11\/black-friday-4x5pukki-384x480.png\" alt=\"\" class=\"wp-image-157762\"  \/><\/a><\/p>\n","protected":false},"excerpt":{"rendered":"Kansainv\u00e4lisesti kokenut Janne Wilkman on aloittanut marraskuussa HJK:n Head of Scoutingin teht\u00e4v\u00e4ss\u00e4. Tavoitteena on tuoda seuraan yh\u00e4 laadukkaampia&hellip;\n","protected":false},"author":2,"featured_media":101632,"comment_status":"","ping_status":"","sticky":false,"template":"","format":"standard","meta":{"footnotes":""},"categories":[158],"tags":[33,31,30,159,32,160],"class_list":{"0":"post-101631","1":"post","2":"type-post","3":"status-publish","4":"format-standard","5":"has-post-thumbnail","7":"category-urheilu","8":"tag-fi","9":"tag-finland","10":"tag-finnish","11":"tag-sports","12":"tag-suomi","13":"tag-urheilu"},"share_on_mastodon":{"url":"https:\/\/pubeurope.com\/@fi\/115622743265933265","error":""},"_links":{"self":[{"href":"https:\/\/www.europesays.com\/fi\/wp-json\/wp\/v2\/posts\/101631","targetHints":{"allow":["GET"]}}],"collection":[{"href":"https:\/\/www.europesays.com\/fi\/wp-json\/wp\/v2\/posts"}],"about":[{"href":"https:\/\/www.europesays.com\/fi\/wp-json\/wp\/v2\/types\/post"}],"author":[{"embeddable":true,"href":"https:\/\/www.europesays.com\/fi\/wp-json\/wp\/v2\/users\/2"}],"replies":[{"embeddable":true,"href":"https:\/\/www.europesays.com\/fi\/wp-json\/wp\/v2\/comments?post=101631"}],"version-history":[{"count":0,"href":"https:\/\/www.europesays.com\/fi\/wp-json\/wp\/v2\/posts\/101631\/revisions"}],"wp:featuredmedia":[{"embeddable":true,"href":"https:\/\/www.europesays.com\/fi\/wp-json\/wp\/v2\/media\/101632"}],"wp:attachment":[{"href":"https:\/\/www.europesays.com\/fi\/wp-json\/wp\/v2\/media?parent=101631"}],"wp:term":[{"taxonomy":"category","embeddable":true,"href":"https:\/\/www.europesays.com\/fi\/wp-json\/wp\/v2\/categories?post=101631"},{"taxonomy":"post_tag","embeddable":true,"href":"https:\/\/www.europesays.com\/fi\/wp-json\/wp\/v2\/tags?post=101631"}],"curies":[{"name":"wp","href":"https:\/\/api.w.org\/{rel}","templated":true}]}}