{"id":101637,"date":"2025-11-27T17:06:12","date_gmt":"2025-11-27T17:06:12","guid":{"rendered":"https:\/\/www.europesays.com\/fi\/101637\/"},"modified":"2025-11-27T17:06:12","modified_gmt":"2025-11-27T17:06:12","slug":"s-ryhma-pitaa-kiinni-bonustensa-verottomuudesta-uutiset-kotimaasta-ja-maailmalta","status":"publish","type":"post","link":"https:\/\/www.europesays.com\/fi\/101637\/","title":{"rendered":"S-ryhm\u00e4 pit\u00e4\u00e4 kiinni bonustensa verottomuudesta &#8211; Uutiset kotimaasta ja maailmalta"},"content":{"rendered":"<p>Palveluiden k\u00e4yt\u00f6st\u00e4 tai ostoksista maksettava j\u00e4lkik\u00e4teisalennuksia ei voi S-ryhm\u00e4n mukaan rinnastaa toisiinsa.<\/p>\n<p><a class=\"ArticleImage_imageContainer__e0EST\" href=\"https:\/\/www.europesays.com\/fi\/wp-content\/uploads\/2025\/11\/WTLKoGuE4zGNEe8LMM45sT4YF_k.jpg\"><img decoding=\"async\" src=\"https:\/\/www.europesays.com\/fi\/wp-content\/uploads\/2025\/11\/WTLKoGuE4zGNEe8LMM45sT4YF_k.jpg\" alt=\"Kilpailuviraston mukaan S-ryhm\u00e4n bonusj\u00e4rjestelm\u00e4ss\u00e4 on kilpailua v\u00e4\u00e4rist\u00e4vi\u00e4 piirteit\u00e4.\" loading=\"lazy\"\/><\/a><\/p>\n<p>Kilpailuviraston mukaan S-ryhm\u00e4n bonusj\u00e4rjestelm\u00e4ss\u00e4 on kilpailua v\u00e4\u00e4rist\u00e4vi\u00e4 piirteit\u00e4.\u00a0Kuva: Kari Salonen<\/p>\n<p class=\"RichTextParagraph_richTextParagraph__Wxs3t undefined\">OP-ryhm\u00e4n asiakkailleen maksamien bonusten muuttuminen verotettavaksi tuloksi ei S-ryhm\u00e4n mukaan anna pohtia sen maksamien bonusten verokohtelua. <\/p>\n<p class=\"RichTextParagraph_richTextParagraph__Wxs3t undefined\">\u201dS-ryhm\u00e4n bonus kertyy eri logiikalla kuin finanssialan bonukset, eik\u00e4 niit\u00e4 pid\u00e4 rinnastaa toisiinsa\u201d, Kopra sanoo <a href=\"https:\/\/www.talouselama.fi\/uutiset\/a\/62365501-021b-4cc4-8045-0393cce9b3e0?ref=ampparit%3Acab5&amp;_gl=1*nrfks*_ga*OTEwMDAxODY2LjE3NjQwNTIxNjQ.*_ga_3L539PMN3X*czE3NjQxMzgzMTMkbzIkZzEkdDE3NjQxMzgzMjkkajQ0JGwwJGgw\" id=\"link-6fce0ee742fa62718fe1c6e725287847\" rel=\"nofollow noopener\" target=\"_blank\">Talousel\u00e4m\u00e4<\/a>-lehdess\u00e4.<\/p>\n<p class=\"RichTextParagraph_richTextParagraph__Wxs3t undefined\">Bonusmaksujen verottamisesta on k\u00e4yty keskustelua, jota OP-bonusten muuttuminen verollisiksi on entisest\u00e4\u00e4n kiihdytt\u00e4nyt. S-ryhm\u00e4n n\u00e4kemyksen mukaan sen maksamat bonukset ovat ostoksista j\u00e4lkik\u00e4teen annettuja alennuksia, kun OP-bonukset kertyv\u00e4t pankin palveluiden k\u00e4yt\u00f6st\u00e4.<\/p>\n<p class=\"RichTextParagraph_richTextParagraph__Wxs3t undefined\">Kilpailuviraston mukaan ostobonukset vaikuttavat kuluttajien ostok\u00e4ytt\u00e4ytymiseen ja johtavat ostosten keskitt\u00e4miseen saman ketjun myym\u00e4l\u00f6ihin. Viraston mukaan mekanismi  v\u00e4\u00e4rist\u00e4\u00e4 kaupan kilpailua samalla tavalla kuin OP-pankin maksamat bonukset v\u00e4\u00e4rist\u00e4v\u00e4t finanssitalojen v\u00e4list\u00e4 kilpailua. Se oli yksi peruste, jonka vuoksi vuoksi kilpailuvirasto vaati jo 2021 laittamaan OP-bonukset verolle.<\/p>\n","protected":false},"excerpt":{"rendered":"Palveluiden k\u00e4yt\u00f6st\u00e4 tai ostoksista maksettava j\u00e4lkik\u00e4teisalennuksia ei voi S-ryhm\u00e4n mukaan rinnastaa toisiinsa. Kilpailuviraston mukaan S-ryhm\u00e4n bonusj\u00e4rjestelm\u00e4ss\u00e4 on kilpailua&hellip;\n","protected":false},"author":2,"featured_media":101638,"comment_status":"","ping_status":"","sticky":false,"template":"","format":"standard","meta":{"footnotes":""},"categories":[76],"tags":[79,77,33,31,30,32,78],"class_list":{"0":"post-101637","1":"post","2":"type-post","3":"status-publish","4":"format-standard","5":"has-post-thumbnail","7":"category-talous","8":"tag-business","9":"tag-economy","10":"tag-fi","11":"tag-finland","12":"tag-finnish","13":"tag-suomi","14":"tag-talous"},"share_on_mastodon":{"url":"https:\/\/pubeurope.com\/@fi\/115622758736434937","error":""},"_links":{"self":[{"href":"https:\/\/www.europesays.com\/fi\/wp-json\/wp\/v2\/posts\/101637","targetHints":{"allow":["GET"]}}],"collection":[{"href":"https:\/\/www.europesays.com\/fi\/wp-json\/wp\/v2\/posts"}],"about":[{"href":"https:\/\/www.europesays.com\/fi\/wp-json\/wp\/v2\/types\/post"}],"author":[{"embeddable":true,"href":"https:\/\/www.europesays.com\/fi\/wp-json\/wp\/v2\/users\/2"}],"replies":[{"embeddable":true,"href":"https:\/\/www.europesays.com\/fi\/wp-json\/wp\/v2\/comments?post=101637"}],"version-history":[{"count":0,"href":"https:\/\/www.europesays.com\/fi\/wp-json\/wp\/v2\/posts\/101637\/revisions"}],"wp:featuredmedia":[{"embeddable":true,"href":"https:\/\/www.europesays.com\/fi\/wp-json\/wp\/v2\/media\/101638"}],"wp:attachment":[{"href":"https:\/\/www.europesays.com\/fi\/wp-json\/wp\/v2\/media?parent=101637"}],"wp:term":[{"taxonomy":"category","embeddable":true,"href":"https:\/\/www.europesays.com\/fi\/wp-json\/wp\/v2\/categories?post=101637"},{"taxonomy":"post_tag","embeddable":true,"href":"https:\/\/www.europesays.com\/fi\/wp-json\/wp\/v2\/tags?post=101637"}],"curies":[{"name":"wp","href":"https:\/\/api.w.org\/{rel}","templated":true}]}}