{"id":101676,"date":"2025-11-27T18:13:10","date_gmt":"2025-11-27T18:13:10","guid":{"rendered":"https:\/\/www.europesays.com\/fi\/101676\/"},"modified":"2025-11-27T18:13:10","modified_gmt":"2025-11-27T18:13:10","slug":"krista-parmakosken-oli-pakko-valehdella-medialle-rukalla-tuli-anteeksipyynto","status":"publish","type":"post","link":"https:\/\/www.europesays.com\/fi\/101676\/","title":{"rendered":"Krista P\u00e4rm\u00e4kosken oli pakko valehdella medialle \u2013 Rukalla tuli anteeksipyynt\u00f6"},"content":{"rendered":"<p>Krista P\u00e4rm\u00e4koski ilmoitti torstaina lopettavansa menestyksekk\u00e4\u00e4n uransa t\u00e4h\u00e4n kauteen.<\/p>\n<p class=\"article-body mb-nof-24 px-nof-16\">Aamulehti, Kuusamo<\/p>\n<p>Lue tiivistelm\u00e4<\/p>\n<p>Tiivistelm\u00e4 on teko\u00e4lyn tekem\u00e4 ja ihmisen tarkistama.<\/p>\n<p class=\"article-body mb-nof-24 px-nof-16 sndp-summary-bullet-point-font\">Hiiht\u00e4j\u00e4 Krista P\u00e4rm\u00e4koski ilmoitti lopettavansa kilpa-uransa t\u00e4h\u00e4n kauteen.<\/p>\n<p class=\"article-body mb-nof-24 px-nof-16 sndp-summary-bullet-point-font\">34-vuotias P\u00e4rm\u00e4koski on voittanut urallaan viisi olympiamitalia ja seitsem\u00e4n MM-mitalia.<\/p>\n<p class=\"article-body mb-nof-24 px-nof-16 sndp-summary-bullet-point-font\">P\u00e4\u00e4t\u00f6s lopettamisesta on kypsynyt kes\u00e4n aikana, ja P\u00e4rm\u00e4koski pahoittelee joutuneensa valehdella medialle asian pysyess\u00e4 salassa.<\/p>\n<p class=\"article-body mb-nof-24 px-nof-16 sndp-summary-bullet-point-font\">P\u00e4rm\u00e4koskella on viel\u00e4 mahdollisuus uransa suurimpaan unelmaan.<\/p>\n<p class=\"article-body mb-nof-24 px-nof-16\">Kyynel kimmelt\u00e4\u00e4 <a class=\"article-personlink\" href=\"https:\/\/www.aamulehti.fi\/haku\/?query=Krista%20P%C3%A4rm%C3%A4kosken\" rel=\"nofollow noopener\" target=\"_blank\">Krista P\u00e4rm\u00e4kosken<\/a> silm\u00e4kulmassa, kun nainen rient\u00e4\u00e4 haastattelupisteelt\u00e4 toiselle Rukan hiihtostadionin maalialueella. P\u00e4rm\u00e4koski, 34, kertoi torstaiaamuna Instagramissa, ett\u00e4 h\u00e4nen kilpa-uransa p\u00e4\u00e4ttyy t\u00e4h\u00e4n kauteen.<\/p>\n<p class=\"article-body mb-nof-24 px-nof-16\">Nainen on sinut p\u00e4\u00e4t\u00f6ksen kanssa. Kyynel johtuu tuulesta ja pakkasesta.<\/p>\n<p class=\"article-body mb-nof-24 px-nof-16\">\u201dT\u00e4m\u00e4 tuo tietynlaista rauhaa. Kaikki on hyvin. P\u00e4\u00e4t\u00f6s on kuitenkin kypsynyt jo kes\u00e4n aikana. Halusin ilmoittaa siit\u00e4 vasta nyt, mink\u00e4 takia t\u00e4ss\u00e4 on pit\u00e4nyt v\u00e4h\u00e4n valehdellakin medialle. Anteeksi siit\u00e4\u201d, P\u00e4rm\u00e4koski toteaa hymy huulillaan ja saa toimittajilta anteeksi.<\/p>\n<p class=\"article-body mb-nof-24 px-nof-16\">Ikaalisista ponnistanut P\u00e4rm\u00e4koski on hiiht\u00e4nyt huipputasolla kohta 20 vuotta. H\u00e4n debytoi maailmancupissa loppuvuodesta 2008 ja korkkasi aikuisten MM-kisat saman kauden kev\u00e4\u00e4ll\u00e4.<\/p>\n<p class=\"article-body mb-nof-24 px-nof-16\">Maajoukkueen luottotykin uran jatkolla on spekuloitu parin viime vuoden ajan, mutta nyt spekulointi voidaan lopettaa. P\u00e4rm\u00e4koski painoi julkaisunappia.<\/p>\n<p class=\"article-body mb-nof-24 px-nof-16\">\u201dSen j\u00e4lkeen l\u00e4hdin ladulle, enk\u00e4 ehtinyt heti n\u00e4hd\u00e4 reaktioita. P\u00e4iv\u00e4n mittaan minulle on tullut paljon viestej\u00e4. Enimm\u00e4kseen niiss\u00e4 toivotetaan tsemppi\u00e4 alkavaan kauteen. Se sopii, koska eih\u00e4n t\u00e4ss\u00e4 viel\u00e4 ole ly\u00f6ty hanskoja tiskiin.\u201d<\/p>\n<p class=\"article-body mb-nof-24 px-nof-16\">P\u00e4rm\u00e4koski piti p\u00e4\u00e4t\u00f6ksen hyvin pienen porukan tiedossa ennen torstaita. Esimerkiksi h\u00e4nen pitk\u00e4aikainen valmentajansa <a class=\"article-personlink\" href=\"https:\/\/www.aamulehti.fi\/haku\/?query=Matti%20Haavisto\" rel=\"nofollow noopener\" target=\"_blank\">Matti Haavisto<\/a> kuuli asiasta vain v\u00e4h\u00e4n aiemmin kuin hiihtokansa.<\/p>\n<p class=\"article-body mb-nof-24 px-nof-16\">\u201cUran jatko on ollut harkinnassa jo pidemm\u00e4n aikaa, joten ei t\u00e4m\u00e4 suurena yll\u00e4tyksen\u00e4 tullut. Ymm\u00e4rr\u00e4n hyvin urheilijan ratkaisun, mutta onhan mieli v\u00e4h\u00e4n haikea\u201d, Haavisto kommentoi.<\/p>\n<p class=\"article-body mb-nof-24 px-nof-16\">Nyt pit\u00e4\u00e4 kuitenkin ly\u00f6d\u00e4 viel\u00e4 kerran kaikki peliin. Olympiakausi tarjoaa melkoiset n\u00e4ytt\u00e4m\u00f6n uran viimeiseen kauteen.<\/p>\n<p class=\"article-body mb-nof-24 px-nof-16\">\u201dTy\u00f6 kauden eteen on tietysti tehty kes\u00e4ll\u00e4 ja syksyll\u00e4, joten ei t\u00e4m\u00e4 harjoituksellisesti vaikuta. Henkiseen puoleen p\u00e4\u00e4t\u00f6ksell\u00e4 voi olla jokin merkitys. Ehk\u00e4 h\u00e4n voi kaivaa jossain kisatilanteessa viel\u00e4 v\u00e4h\u00e4n ekstraa, koska viimeisi\u00e4 vied\u00e4\u00e4n\u201d, valmentaja miettii.<\/p>\n<p><img decoding=\"async\" src=\"https:\/\/www.europesays.com\/fi\/wp-content\/uploads\/2025\/11\/1764267190_809_468.jpg\" alt=\"Matti Haaviston ja Krista P\u00e4rm\u00e4kosken yhteisty\u00f6 on tuottanut 12 arvokisamitalia. Kuva on vuodelta 2018 Vierum\u00e4elt\u00e4.\" class=\"_Img_1rerz_1\" style=\"aspect-ratio:1.5\" loading=\"eager\"\/><\/p>\n<p class=\"article-picture-caption\">Matti Haaviston ja Krista P\u00e4rm\u00e4kosken yhteisty\u00f6 on tuottanut 12 arvokisamitalia. Kuva on vuodelta 2018 Vierum\u00e4elt\u00e4. Kuva:\u00a0Silja Viitala \/ Aamulehden arkisto<\/p>\n<p class=\"article-body mb-nof-24 px-nof-16\">Maailman huipuista my\u00f6s ainakin Yhdysvaltojen <a class=\"article-personlink\" href=\"https:\/\/www.aamulehti.fi\/haku\/?query=Jessie%20Diggins\" rel=\"nofollow noopener\" target=\"_blank\">Jessie Diggins<\/a> hiiht\u00e4\u00e4 viimeist\u00e4 kauttaan huipulla. P\u00e4rm\u00e4koski puhuu leikkis\u00e4sti \u201dj\u00e4\u00e4hyv\u00e4iskiertueestaan\u201d.<\/p>\n<p class=\"article-body mb-nof-24 px-nof-16\">\u201dT\u00e4m\u00e4 p\u00e4iv\u00e4 on ollut urheilijan normaaliarkea. Treenataan, k\u00e4yd\u00e4\u00e4n fysioterapeutilla, sy\u00f6d\u00e4\u00e4n. Hirve\u00e4sti en ole asiaa fiilistellyt. Veikkaan, ett\u00e4 kauden mittaan tulee monenlaisia muistoja mieleen, kun kiert\u00e4\u00e4 eri paikkakuntia.\u201d<\/p>\n<p>Suurin unelma puuttuu<\/p>\n<p class=\"article-body mb-nof-24 px-nof-16\">P\u00e4rm\u00e4koskella on viisi olympiamitalia ja seitsem\u00e4n MM-mitalia, joista viisi on henkil\u00f6kohtaisista kisoista. Arvokisavoitto puuttuu, mutta viel\u00e4 on yksi mahdollisuus helmikuussa Val di Fiemmen laduilla.<\/p>\n<p class=\"article-body mb-nof-24 px-nof-16\">\u201dArvokisamitalit olivat se syy, miksi ryhdyin kilpahiiht\u00e4j\u00e4ksi. Suurin unelma puuttuu viel\u00e4\u201d, nainen sanoo.<\/p>\n<p class=\"article-body mb-nof-24 px-nof-16\">\u201dT\u00e4ss\u00e4 vuosien aikana on oppinut arvostamaan my\u00f6s sit\u00e4, ett\u00e4 saa tehd\u00e4 sairaan makeaa ty\u00f6t\u00e4. Harvassa ammatissa saa liikkua n\u00e4in paljon luonnossa.\u201d<\/p>\n<p class=\"article-body mb-nof-24 px-nof-16\">P\u00e4rm\u00e4koski ei viel\u00e4 tied\u00e4, mit\u00e4 el\u00e4m\u00e4 urheilu-uran j\u00e4lkeen pit\u00e4\u00e4 sis\u00e4ll\u00e4\u00e4n. Pitk\u00e4 ja menestyksek\u00e4s ura on tuonut taloudellista turvaa, joten hirvitt\u00e4v\u00e4\u00e4 kiirett\u00e4 ei ole.<\/p>\n<p class=\"article-body mb-nof-24 px-nof-16\">Aiemmin P\u00e4rm\u00e4koski on puhunut julkisuudessa haaveestaan ryhty\u00e4 puusep\u00e4ksi, mutta torstaina haastatteluringiss\u00e4 h\u00e4n ei tuonut t\u00e4t\u00e4 esiin.<\/p>\n<p class=\"article-body mb-nof-24 px-nof-16\">\u201dMinulla ei ole mietittyn\u00e4 mit\u00e4\u00e4n tietty\u00e4 ammattia. Joitain mahdollisuuksia ja kyselyit\u00e4 on tullut eteen. Aika n\u00e4ytt\u00e4\u00e4, mihin sitten tartun. Opiskelut varmaan odottavat.\u201d<\/p>\n<p class=\"fact-box__label fact-box__label--container\">Ohjelma<\/p>\n<p>Rukan kisatapahtumat<\/p>\n<p class=\"article-body mb-nof-24 px-nof-16\">Perjantai: 11.30 naisten 10 km (p), 13.15 yhdistetyn m\u00e4ki, 14.15 miesten 10 km (p), 16.15 yhdistetyn 7,5 km, 18.15 m\u00e4kikarsinta.<\/p>\n<p class=\"article-body mb-nof-24 px-nof-16\">Lauantai: 9.55 sprintin (p) karsinnat, 11.15 yhdistetyn m\u00e4ki, 12.25 sprintin (p) er\u00e4vaihe ja finaalit, 15.35 yhdistetyn 10 km, 16.05 m\u00e4ki.<\/p>\n<p class=\"article-body mb-nof-24 px-nof-16\">Sunnuntai: 10.00 m\u00e4kikarsinta, 10.00 yhdistetyn 10 km, 11.00 miesten 20 km (v) yhteisl\u00e4ht\u00f6, 12.45 naisten 20 km (v) yhteisl\u00e4ht\u00f6, 14.00 yhdistetyn m\u00e4ki, 15.50 m\u00e4ki.<\/p>\n<p class=\"article-body mb-nof-24 px-nof-16\">Yle ja Viaplay n\u00e4ytt\u00e4v\u00e4t Rukan tapahtumat suorina l\u00e4hetyksin\u00e4.<\/p>\n","protected":false},"excerpt":{"rendered":"Krista P\u00e4rm\u00e4koski ilmoitti torstaina lopettavansa menestyksekk\u00e4\u00e4n uransa t\u00e4h\u00e4n kauteen. Aamulehti, Kuusamo Lue tiivistelm\u00e4 Tiivistelm\u00e4 on teko\u00e4lyn tekem\u00e4 ja&hellip;\n","protected":false},"author":2,"featured_media":101677,"comment_status":"","ping_status":"","sticky":false,"template":"","format":"standard","meta":{"footnotes":""},"categories":[136],"tags":[157,407,137,33,31,30,408,32,109],"class_list":{"0":"post-101676","1":"post","2":"type-post","3":"status-publish","4":"format-standard","5":"has-post-thumbnail","7":"category-julkkikset","8":"tag-aamulehti","9":"tag-celebrities","10":"tag-entertainment","11":"tag-fi","12":"tag-finland","13":"tag-finnish","14":"tag-julkkikset","15":"tag-suomi","16":"tag-viihde"},"share_on_mastodon":{"url":"https:\/\/pubeurope.com\/@fi\/115623022178301374","error":""},"_links":{"self":[{"href":"https:\/\/www.europesays.com\/fi\/wp-json\/wp\/v2\/posts\/101676","targetHints":{"allow":["GET"]}}],"collection":[{"href":"https:\/\/www.europesays.com\/fi\/wp-json\/wp\/v2\/posts"}],"about":[{"href":"https:\/\/www.europesays.com\/fi\/wp-json\/wp\/v2\/types\/post"}],"author":[{"embeddable":true,"href":"https:\/\/www.europesays.com\/fi\/wp-json\/wp\/v2\/users\/2"}],"replies":[{"embeddable":true,"href":"https:\/\/www.europesays.com\/fi\/wp-json\/wp\/v2\/comments?post=101676"}],"version-history":[{"count":0,"href":"https:\/\/www.europesays.com\/fi\/wp-json\/wp\/v2\/posts\/101676\/revisions"}],"wp:featuredmedia":[{"embeddable":true,"href":"https:\/\/www.europesays.com\/fi\/wp-json\/wp\/v2\/media\/101677"}],"wp:attachment":[{"href":"https:\/\/www.europesays.com\/fi\/wp-json\/wp\/v2\/media?parent=101676"}],"wp:term":[{"taxonomy":"category","embeddable":true,"href":"https:\/\/www.europesays.com\/fi\/wp-json\/wp\/v2\/categories?post=101676"},{"taxonomy":"post_tag","embeddable":true,"href":"https:\/\/www.europesays.com\/fi\/wp-json\/wp\/v2\/tags?post=101676"}],"curies":[{"name":"wp","href":"https:\/\/api.w.org\/{rel}","templated":true}]}}