{"id":101704,"date":"2025-11-27T18:53:08","date_gmt":"2025-11-27T18:53:08","guid":{"rendered":"https:\/\/www.europesays.com\/fi\/101704\/"},"modified":"2025-11-27T18:53:08","modified_gmt":"2025-11-27T18:53:08","slug":"venaja-arahti-japanin-suunnitelmista-sijoittaa-ohjuksia-taiwanin-lahelle-uutisia-lyhyesti","status":"publish","type":"post","link":"https:\/\/www.europesays.com\/fi\/101704\/","title":{"rendered":"Ven\u00e4j\u00e4 \u00e4r\u00e4hti Japanin suunnitelmista sijoittaa ohjuksia Taiwanin l\u00e4helle | Uutisia lyhyesti"},"content":{"rendered":"<p class=\"aw-1gybjub aw-5vja16 kEtdKx kmuxyA yle__article__paragraph\">Japani valmistelee keskikantaman ilmatorjuntaohjuksien sijoittamista saarelle.<\/p>\n<p class=\"aw-1gybjub aw-1p7kakr kEtdKx cEmitX yle__article__paragraph\">Ven\u00e4j\u00e4n ulkoministeri\u00f6 varoitti torstaina, ett\u00e4 sill\u00e4 on oikeus vastata kovin toimin Japanin suunnitelmiin sijoittaa ohjuksia Yonagunin saarelle Taiwanin rannikon l\u00e4heisyyteen.<\/p>\n<p class=\"aw-1gybjub aw-1p7kakr kEtdKx cEmitX yle__article__paragraph\">Ven\u00e4j\u00e4 syytti Japania Yhdysvaltojen k\u00e4skyst\u00e4 toimimisesta ja v\u00e4itti, ett\u00e4 Japani pumppaa saarivaltion etel\u00e4osissa sijaitseviaan saariaan t\u00e4yteen aseita.<\/p>\n<p class=\"aw-1gybjub aw-1p7kakr kEtdKx cEmitX yle__article__paragraph\">Ven\u00e4j\u00e4 pit\u00e4\u00e4 kumppaninsa Kiinan tavoin Taiwania Kiinan osana ja vastustaa saaren itsen\u00e4isyytt\u00e4.<\/p>\n<p class=\"aw-1gybjub aw-1p7kakr kEtdKx cEmitX yle__article__paragraph\">Japanin puolustusministeri <strong class=\"aw-ak79eh KyCXm yle__article__strong\">Shinjiro Koizumi<\/strong> vieraili sunnuntaina Yonagunilla sijaitsevassa sotilastukikohdassa ja sanoi, ett\u00e4 valmistelut keskikantaman ilmatorjuntaohjuksien sijoittamisesta saarelle etenev\u00e4t, sanomalehti <a class=\"aw-iao6s4 iHOxEa yle__article__link\" href=\"https:\/\/www.japantimes.co.jp\/news\/2025\/11\/23\/japan\/japan-deploying-missiles-to-island-near-taiwan\/\" role=\"link\" rel=\"nofollow noopener\" target=\"_blank\">Japan Times<\/a> kertoo.<\/p>\n<p class=\"aw-1gybjub aw-1p7kakr kEtdKx cEmitX yle__article__paragraph\">Japani on huolissaan Kiinan kasvavasta sotilaallisesta voimasta alueella ja mahdollisuudesta yhteenottoon Taiwanista.<\/p>\n<p class=\"aw-1gybjub aw-1p7kakr kEtdKx cEmitX yle__article__paragraph\">Koizumi sanoi, ett\u00e4 Japanin on vahvistettava sotilaallista pelotettaan, kasvatettava omia kykyj\u00e4\u00e4n ja syvennett\u00e4v\u00e4 yhteisty\u00f6t\u00e4 Yhdysvaltain armeijan kanssa.<\/p>\n<p class=\"aw-1gybjub aw-1p7kakr kEtdKx cEmitX yle__article__paragraph\">\u2013 Japani kohtaa vakavimman ja monimutkaisimman turvallisuusymp\u00e4rist\u00f6n sitten toisen maailmansodan, Koizumi sanoi Japan Timesin mukaan.<\/p>\n<p class=\"aw-1gybjub aw-1p7kakr kEtdKx cEmitX yle__article__paragraph\">L\u00e4hde: Reuters<\/p>\n","protected":false},"excerpt":{"rendered":"Japani valmistelee keskikantaman ilmatorjuntaohjuksien sijoittamista saarelle. Ven\u00e4j\u00e4n ulkoministeri\u00f6 varoitti torstaina, ett\u00e4 sill\u00e4 on oikeus vastata kovin toimin Japanin&hellip;\n","protected":false},"author":2,"featured_media":74,"comment_status":"","ping_status":"","sticky":false,"template":"","format":"standard","meta":{"footnotes":""},"categories":[5],"tags":[22,23,26,27,33,31,30,17,1343,510,24,25,28,29,15,18,21,32,3019,19,20,546,56,16,547],"class_list":{"0":"post-101704","1":"post","2":"type-post","3":"status-publish","4":"format-standard","5":"has-post-thumbnail","7":"category-otsikot","8":"tag-breaking-news","9":"tag-breakingnews","10":"tag-featured-news","11":"tag-featurednews","12":"tag-fi","13":"tag-finland","14":"tag-finnish","15":"tag-headlines","16":"tag-japani","17":"tag-kiina","18":"tag-latest-news","19":"tag-latestnews","20":"tag-main-news","21":"tag-mainnews","22":"tag-news","23":"tag-otsikot","24":"tag-paauutiset","25":"tag-suomi","26":"tag-taiwan","27":"tag-top-stories","28":"tag-topstories","29":"tag-turvallisuus","30":"tag-ulkomaat","31":"tag-uutiset","32":"tag-venaja"},"share_on_mastodon":{"url":"https:\/\/pubeurope.com\/@fi\/115623179277927380","error":""},"_links":{"self":[{"href":"https:\/\/www.europesays.com\/fi\/wp-json\/wp\/v2\/posts\/101704","targetHints":{"allow":["GET"]}}],"collection":[{"href":"https:\/\/www.europesays.com\/fi\/wp-json\/wp\/v2\/posts"}],"about":[{"href":"https:\/\/www.europesays.com\/fi\/wp-json\/wp\/v2\/types\/post"}],"author":[{"embeddable":true,"href":"https:\/\/www.europesays.com\/fi\/wp-json\/wp\/v2\/users\/2"}],"replies":[{"embeddable":true,"href":"https:\/\/www.europesays.com\/fi\/wp-json\/wp\/v2\/comments?post=101704"}],"version-history":[{"count":0,"href":"https:\/\/www.europesays.com\/fi\/wp-json\/wp\/v2\/posts\/101704\/revisions"}],"wp:featuredmedia":[{"embeddable":true,"href":"https:\/\/www.europesays.com\/fi\/wp-json\/wp\/v2\/media\/74"}],"wp:attachment":[{"href":"https:\/\/www.europesays.com\/fi\/wp-json\/wp\/v2\/media?parent=101704"}],"wp:term":[{"taxonomy":"category","embeddable":true,"href":"https:\/\/www.europesays.com\/fi\/wp-json\/wp\/v2\/categories?post=101704"},{"taxonomy":"post_tag","embeddable":true,"href":"https:\/\/www.europesays.com\/fi\/wp-json\/wp\/v2\/tags?post=101704"}],"curies":[{"name":"wp","href":"https:\/\/api.w.org\/{rel}","templated":true}]}}