{"id":101711,"date":"2025-11-27T19:13:08","date_gmt":"2025-11-27T19:13:08","guid":{"rendered":"https:\/\/www.europesays.com\/fi\/101711\/"},"modified":"2025-11-27T19:13:08","modified_gmt":"2025-11-27T19:13:08","slug":"timo-jutila-pudotti-painoa-olet-mita-syot-ohjelmassa","status":"publish","type":"post","link":"https:\/\/www.europesays.com\/fi\/101711\/","title":{"rendered":"Timo Jutila pudotti painoa Olet mit\u00e4 sy\u00f6t -ohjelmassa"},"content":{"rendered":"<p>\n            Timo Jutila, Pippa Laukka<br \/>\n            MTV\n        <\/p>\n<p class=\"subtitle \">Timo Jutila muutti elintapojaan Olet mit\u00e4 sy\u00f6t -ohjelman avulla.<\/p>\n<p class=\"article-content article-content-width !bg-background\">J\u00e4\u00e4kiekkolegenda  on mukana uudella Olet mit\u00e4 sy\u00f6t -ohjelman kaudella. Entisen ammattiurheilijan elintavat ovat olleet retuper\u00e4ll\u00e4 jo pidemm\u00e4n aikaa.<\/p>\n<p class=\"font-weight-bold m-font-weight-bold article-content article-content-width !bg-background\">Video: T\u00e4llaisia paheita julkkiksilla on.\u00a0<\/p>\n<p class=\"article-content article-content-width !bg-background\">Vihre\u00e4\u00e4 ei Jutin lautaselta l\u00f6ytynyt muuta kuin kurkkua ja tomaattia. Sokerilimsaa kului p\u00e4ivitt\u00e4in litroja, ja jalostelihat kuuluivat jokap\u00e4iv\u00e4iseen ruokavalioon.<\/p>\n<p class=\"article-content article-content-width !bg-background\">Terveys sakkasi, sill\u00e4 Jutilla on todettu uniapnea. Lis\u00e4ksi vuonna 2016 h\u00e4nelle tehtiin kaulavaltimoleikkaus.<\/p>\n<p class=\"article-content article-content-width !bg-background\">L\u00e4\u00e4k\u00e4ri  laittoi ohjelmassa Jutin elintottumukset uuteen uskoon. Lihajalosteet muuttuivat vaaleaan lihaan, ja lis\u00e4ksi h\u00e4nen piti nauttia 800 grammaa vihanneksia, hedelmi\u00e4 ja kasviksia p\u00e4iv\u00e4ss\u00e4. My\u00f6s uniapneaan tarkoitettua CPAP-laitetta Jutin tulisi k\u00e4ytt\u00e4\u00e4 s\u00e4\u00e4nn\u00f6llisesti, ja liikunta tuli ottaa osaksi arkea.<\/p>\n<p>        <a itemprop=\"url\" href=\"https:\/\/www.seiska.fi\/katso\/timo-jutilalta-pysayttava-avautuminen-terveydentilasta-olen-jatkoajalla\/1975349\" rel=\"nofollow noopener\" target=\"_blank\"><\/p>\n<p>\nPys\u00e4ytt\u00e4v\u00e4 terveystilitys\n<\/p>\n<p class=\"section-date\">\n        <strong class=\"article-section\" data-section=\"katso\"><br \/>\n            katso<br \/>\n        <\/strong><br \/>\n        28.10. 15:15\n    <\/p>\n<p>Timo Jutilalta pys\u00e4ytt\u00e4v\u00e4 avautuminen terveydentilasta: &#8221;Olen jatkoajalla&#8221;\n    <\/p>\n<p itemprop=\"description\" class=\"subtitle \">\n    Olet mit\u00e4 sy\u00f6t -ohjelmassa ex-kiekkoilija ottaa itse\u00e4\u00e4n niskasta kiinni.\n<\/p>\n<p>        <\/a><\/p>\n<p>Haaste<\/p>\n<p class=\"article-content article-content-width !bg-background\">Pippa ja Juti tapasivat toisensa nelj\u00e4n viikon j\u00e4lkeen. Sanojensa mittainen mies oli noudattanut l\u00e4hes kaikkea m\u00e4\u00e4r\u00e4tty\u00e4. H\u00e4n oli sy\u00f6nyt p\u00e4ivitt\u00e4in kasviksia, vaikka ei aina tavoitteeseen ole t\u00e4ysin p\u00e4\u00e4ssyt. Makkaran grillaus oli ollut my\u00f6s minimiss\u00e4.<\/p>\n<p class=\"article-content article-content-width !bg-background\">Pippa oli kuullut, ett\u00e4 yhden asian kanssa Jutilla l\u00f6ytyi viel\u00e4 haasteita, nimitt\u00e4in CPAP-laitteen.<\/p>\n<p class=\"article-content article-content-width !bg-background\"> \u2013 Sit\u00e4 ei ole kyll\u00e4 hirve\u00e4sti tullut k\u00e4ytetty\u00e4. Siin\u00e4 on seuraava haaste, Juti totesi hyvinvointil\u00e4\u00e4k\u00e4rille.<\/p>\n<p>        <a itemprop=\"url\" href=\"https:\/\/www.seiska.fi\/katso\/timo-jutila-valehtelee-pippa-laukalle-tv-laakari-jarkyttyy\/2004705\" rel=\"nofollow noopener\" target=\"_blank\"><\/p>\n<p>\nTimo Jutila\n<\/p>\n<p class=\"section-date\">\n        <strong class=\"article-section\" data-section=\"katso\"><br \/>\n            katso<br \/>\n        <\/strong><br \/>\n        05:15\n    <\/p>\n<p>Timo Jutila valehtelee Pippa Laukalle \u2013 tv-l\u00e4\u00e4k\u00e4ri j\u00e4rkyttyy\n    <\/p>\n<p itemprop=\"description\" class=\"subtitle \">\n    Timo Jutilan elintavat ovat retuper\u00e4ll\u00e4. Lihajalosteita ja limsaa rakastava kiekkolegenda joutuu hyvinvointil\u00e4\u00e4k\u00e4ri Pippa Laukan syyniin Olet mit\u00e4 sy\u00f6t -ohjelmassa.\n<\/p>\n<p>        <\/a><\/p>\n<p>MuodonmuutosEl\u00e4m\u00e4ntaparemontin p\u00e4\u00e4tteeksi Pippa ja Juti tapasivat j\u00e4lleen.<\/p>\n<p class=\"article-content article-content-width !bg-background\">Juti pyyh\u00e4lsi Pipan eteen hyvinvoivan n\u00e4k\u00f6isen\u00e4. Juti oli pit\u00e4nyt sanansa kahdeksan viikon j\u00e4lkeenkin.\u00a0<\/p>\n<p>                <img decoding=\"async\" src=\"https:\/\/www.europesays.com\/fi\/wp-content\/uploads\/2025\/11\/2004865.webp\" width=\"576\" height=\"538\" alt=\"Timo Jutila painoi ennen elintaparemonttia 123, 5 kiloa.\" loading=\"lazy\" \/>            <\/p>\n<p>\n            Timo Jutila painoi ennen elintaparemonttia 123, 5 kiloa.<br \/>\n            MTV\n        <\/p>\n<p class=\"article-content article-content-width !bg-background\">Ennen elintaparemonttia kuusikymppisen Jutin paino oli 123,5 kiloa. Mittauksessa selvisi, ett\u00e4 painoa oli l\u00e4htenyt kahdeksan viikon aikana per\u00e4ti kymmenen kiloa. My\u00f6s senttej\u00e4 oli l\u00e4htenyt vy\u00f6t\u00e4r\u00f6lt\u00e4. Alkujaan vy\u00f6t\u00e4r\u00f6n ymp\u00e4rys oli 138,5 senttimetri\u00e4, nyt 126 senttimetri\u00e4.<\/p>\n<p class=\"article-content article-content-width !bg-background\"> \u2013 Huh huh, mulla menee ihan kananlihalle iho, Pippa ihasteli tuloksia.<\/p>\n<p class=\"article-content article-content-width !bg-background\">Uniapnealaitteen kanssa Jutilla on edelleen haasteita.<\/p>\n<p class=\"article-content article-content-width !bg-background\"> \u2013 Siin\u00e4 on parannettavaa. Sit\u00e4 on haaste k\u00e4ytt\u00e4\u00e4 s\u00e4\u00e4nn\u00f6llisesti, Juti my\u00f6nsi.<\/p>\n<p>        <a itemprop=\"url\" href=\"https:\/\/www.seiska.fi\/katso\/pippa-laukalta-suora-mielipide-ozempic-laihduttamisesta\/1967798\" rel=\"nofollow noopener\" target=\"_blank\"><\/p>\n<p>\nPippa Laukka\n<\/p>\n<p class=\"section-date\">\n        <strong class=\"article-section\" data-section=\"katso\"><br \/>\n            katso<br \/>\n        <\/strong><br \/>\n        21.10. 06:15\n    <\/p>\n<p>Pippa Laukalta suora mielipide Ozempic-laihduttamisesta\n    <\/p>\n<p itemprop=\"description\" class=\"subtitle \">\n    Julkkisl\u00e4\u00e4k\u00e4ri my\u00f6nt\u00e4\u00e4, ett\u00e4 h\u00e4ness\u00e4 on paljon ep\u00e4varmuuksia ja keskener\u00e4isyytt\u00e4.\n<\/p>\n<p>        <\/a><\/p>\n<p>                <img decoding=\"async\" src=\"https:\/\/www.europesays.com\/fi\/wp-content\/uploads\/2025\/11\/2004866.webp\" width=\"576\" height=\"485\" alt=\"Jutila l\u00f6ysi vihannekset Olet mit\u00e4 sy\u00f6t -ohjelman avulla.\" loading=\"lazy\" \/>            <\/p>\n<p>\n            Jutila l\u00f6ysi vihannekset Olet mit\u00e4 sy\u00f6t -ohjelman avulla.<br \/>\n            MTV\n        <\/p>\n<p class=\"article-content article-content-width !bg-background\">Juti aikoi jatkaa valitsemallaan tiell\u00e4\u00e4n. Pippa oli ylpe\u00e4 h\u00e4nest\u00e4:<\/p>\n<p class=\"article-content article-content-width !bg-background\"> \u2013 Juti on loistava esimerkki suomalaisille miehille siit\u00e4, ett\u00e4 miten pit\u00e4\u00e4 itsest\u00e4\u00e4n huolta eik\u00e4 se ole koskaan liian my\u00f6h\u00e4ist\u00e4.<\/p>\n<p class=\"article-content article-content-width !bg-background\">Juti kertoi ohjelman p\u00e4\u00e4tteeksi kuulumisensa videotervehdyksen merkeiss\u00e4. Juhannuksen j\u00e4lkeen sama tie oli jatkunut. Makkaraa ei en\u00e4\u00e4 tamperelaismiehen grilliss\u00e4 n\u00e4kynyt.\u00a0<\/p>\n<p class=\"article-content article-content-width !bg-background\"> \u2013 Paprikaa, tomaattia ja sipulia on grillattu, Juti vakuutti.<\/p>\n<p class=\"font-weight-normal m-font-weight-normal italic m-italic article-content article-content-width !bg-background\">Olet mit\u00e4 sy\u00f6t torstaisin MTV3-kanavalla ja MTV Katsomossa.\u00a0<\/p>\n<p>        <a itemprop=\"url\" href=\"https:\/\/www.seiska.fi\/katso\/tassa-ovat-olet-mita-syot-osallistujat-mukana-timo-jutila-ja-jasmine-pajari\/1967344\" rel=\"nofollow noopener\" target=\"_blank\"><\/p>\n<p>\nOlet mit\u00e4 sy\u00f6t\n<\/p>\n<p class=\"section-date\">\n        <strong class=\"article-section\" data-section=\"katso\"><br \/>\n            katso<br \/>\n        <\/strong><br \/>\n        20.10. 10:43\n    <\/p>\n<p>T\u00e4ss\u00e4 ovat Olet mit\u00e4 sy\u00f6t -osallistujat \u2013 mukana Timo Jutila ja Jasmine Pajari\n    <\/p>\n<p itemprop=\"description\" class=\"subtitle \">\n    Pippa Laukka ohjaa j\u00e4lleen julkisuuden henkil\u00f6it\u00e4 kohti kokonaisvaltaista hyvinvointia.\n<\/p>\n<p>        <\/a><\/p>\n","protected":false},"excerpt":{"rendered":"Timo Jutila, Pippa Laukka MTV Timo Jutila muutti elintapojaan Olet mit\u00e4 sy\u00f6t -ohjelman avulla. J\u00e4\u00e4kiekkolegenda on mukana uudella&hellip;\n","protected":false},"author":2,"featured_media":101712,"comment_status":"","ping_status":"","sticky":false,"template":"","format":"standard","meta":{"footnotes":""},"categories":[130],"tags":[3644,137,33,31,30,2233,905,1151,4177,2882,2999,32,167,15128,16106,109,2213],"class_list":{"0":"post-101711","1":"post","2":"type-post","3":"status-publish","4":"format-standard","5":"has-post-thumbnail","7":"category-viihde","8":"tag-elamantaparemontti","9":"tag-entertainment","10":"tag-fi","11":"tag-finland","12":"tag-finnish","13":"tag-hyvinvointi","14":"tag-mtv3","15":"tag-ohjelma","16":"tag-olet-mita-syot","17":"tag-painonpudotus","18":"tag-ruokavalio","19":"tag-suomi","20":"tag-terveys","21":"tag-timo-jutila","22":"tag-uniapnea","23":"tag-viihde","24":"tag-viihdeohjelma"},"share_on_mastodon":{"url":"https:\/\/pubeurope.com\/@fi\/115623258263891465","error":""},"_links":{"self":[{"href":"https:\/\/www.europesays.com\/fi\/wp-json\/wp\/v2\/posts\/101711","targetHints":{"allow":["GET"]}}],"collection":[{"href":"https:\/\/www.europesays.com\/fi\/wp-json\/wp\/v2\/posts"}],"about":[{"href":"https:\/\/www.europesays.com\/fi\/wp-json\/wp\/v2\/types\/post"}],"author":[{"embeddable":true,"href":"https:\/\/www.europesays.com\/fi\/wp-json\/wp\/v2\/users\/2"}],"replies":[{"embeddable":true,"href":"https:\/\/www.europesays.com\/fi\/wp-json\/wp\/v2\/comments?post=101711"}],"version-history":[{"count":0,"href":"https:\/\/www.europesays.com\/fi\/wp-json\/wp\/v2\/posts\/101711\/revisions"}],"wp:featuredmedia":[{"embeddable":true,"href":"https:\/\/www.europesays.com\/fi\/wp-json\/wp\/v2\/media\/101712"}],"wp:attachment":[{"href":"https:\/\/www.europesays.com\/fi\/wp-json\/wp\/v2\/media?parent=101711"}],"wp:term":[{"taxonomy":"category","embeddable":true,"href":"https:\/\/www.europesays.com\/fi\/wp-json\/wp\/v2\/categories?post=101711"},{"taxonomy":"post_tag","embeddable":true,"href":"https:\/\/www.europesays.com\/fi\/wp-json\/wp\/v2\/tags?post=101711"}],"curies":[{"name":"wp","href":"https:\/\/api.w.org\/{rel}","templated":true}]}}