{"id":101713,"date":"2025-11-27T19:14:10","date_gmt":"2025-11-27T19:14:10","guid":{"rendered":"https:\/\/www.europesays.com\/fi\/101713\/"},"modified":"2025-11-27T19:14:10","modified_gmt":"2025-11-27T19:14:10","slug":"joutsenet-pysayttelevat-junia-helsingissa-koska-niiden-tavallinen-kulkureitti-on-tukossa-uusimaa","status":"publish","type":"post","link":"https:\/\/www.europesays.com\/fi\/101713\/","title":{"rendered":"Joutsenet pys\u00e4yttelev\u00e4t junia Helsingiss\u00e4, koska niiden tavallinen kulkureitti on tukossa | Uusimaa"},"content":{"rendered":"<p class=\"aw-1gybjub aw-1p7kakr kEtdKx cEmitX yle__article__paragraph\">Helsingiss\u00e4 T\u00f6\u00f6l\u00f6nlahden junaratojen s\u00e4hk\u00f6linjoihin on t\u00f6rm\u00e4nnyt lyhyen ajan sis\u00e4ll\u00e4 useita joutsenia.<\/p>\n<p class=\"aw-1gybjub aw-1p7kakr kEtdKx cEmitX yle__article__paragraph\">N\u00e4in kertoo T\u00f6\u00f6l\u00f6nlahden joutsenia kymmenen vuotta tarkkaillut <strong class=\"aw-ak79eh KyCXm yle__article__strong\">Marja Saarinen<\/strong>. H\u00e4n seuraa T\u00f6\u00f6l\u00f6nlahden joutsenia <a class=\"aw-iao6s4 iHOxEa yle__article__link\" href=\"https:\/\/marjalintu.blogspot.com\/\" role=\"link\" rel=\"nofollow noopener\" target=\"_blank\">blogissaan<\/a>.<\/p>\n<p class=\"aw-1gybjub aw-1p7kakr kEtdKx cEmitX yle__article__paragraph\">Keskiviikkoiltana kolme l\u00e4hijunaa jouduttiin perumaan junaradalla olleen loukkaantuneen joutsenen takia. Junaliikenne oli poikki kahdelta raiteelta puolen tunnin ajan.<\/p>\n<p class=\"aw-1gybjub aw-1p7kakr kEtdKx cEmitX yle__article__paragraph\">Saarisen mukaan eilen loukkaantunut nuori kyhmyjoutsen on osa joutsenperhett\u00e4, joka on asunut kes\u00e4st\u00e4 alkaen T\u00f6\u00f6l\u00f6nlahdella. Perheeseen on kuulunut kaksi emoa ja kolme poikasta.<\/p>\n<p class=\"aw-1gybjub aw-1p7kakr kEtdKx cEmitX yle__article__paragraph\">Saarisen mukaan toinen joutsenperheen emoista kuoli t\u00e4m\u00e4n viikon maanantaina samassa paikassa tapahtuneessa onnettomuudessa.<\/p>\n<p class=\"aw-1gybjub aw-1p7kakr kEtdKx cEmitX yle__article__paragraph\">\u2013 Silloin my\u00f6s perheen ensimm\u00e4inen poikanen loukkaantui, Saarinen kertoo.<\/p>\n<p class=\"aw-1gybjub aw-1p7kakr kEtdKx cEmitX yle__article__paragraph\">Toisen lintuharrastajan <strong class=\"aw-ak79eh KyCXm yle__article__strong\">Laura Kuivalaisen<\/strong> mukaan eilinen onnettomuus tapahtui, kun emo lensi j\u00e4ljelle j\u00e4\u00e4neiden poikastensa kanssa kohti merta.<\/p>\n<p class=\"aw-1gybjub aw-1p7kakr kEtdKx cEmitX yle__article__paragraph\">Onnettomuudessa loukkaantunut poikanen vietiin Korkeasaareen. Viimeinen poikasista katosi.<\/p>\n<p class=\"aw-1gybjub aw-1p7kakr kEtdKx cEmitX yle__article__paragraph\">\u2013 Yksi emo on n\u00e4hty onnettomuuden j\u00e4lkeen flegmaattisena T\u00f6\u00f6l\u00f6nlahdella. Mutta nyt sekin on kadonnut, Kuivalainen kertoo<\/p>\n<p class=\"aw-1gybjub aw-1p7kakr kEtdKx cEmitX yle__article__paragraph\">Eilinen uutinen T\u00f6\u00f6l\u00f6nlahden<a class=\"aw-iao6s4 iHOxEa yle__article__link\" href=\"https:\/\/yle.fi\/a\/74-20196383\" role=\"link\" rel=\"nofollow noopener\" target=\"_blank\"> junaratojen lankoihin<\/a> lent\u00e4neest\u00e4 joutsenesta Helsingiss\u00e4 ei ollut ainoa kerta, kun joutsen teloo itsens\u00e4 kyseisiin junalankoihin.<\/p>\n<p><img decoding=\"async\" alt=\"Yksin\u00e4inen joutsen uiskentelee illalla T\u00f6\u00f6l\u00f6nlahdella. \" src=\"https:\/\/www.europesays.com\/fi\/wp-content\/uploads\/2025\/11\/39-156033969280353b15bb.jpeg\" loading=\"lazy\" class=\"aw-1l9m598 hKVVvP\"\/><\/p>\n<p>Avaa kuvien katselu<\/p>\n<p>Joutsen kuvattiin T\u00f6\u00f6l\u00f6nlahdella keskiviikkona 26. marraskuuta. Kuva: Jussi Mankkinen \/ YleKorkeasaaressa nyt kaksi nuorta joutsenta<\/p>\n<p class=\"aw-1gybjub aw-1p7kakr kEtdKx cEmitX yle__article__paragraph\">Korkeasaaresta vahvistetaan, ett\u00e4 heill\u00e4 on nyt kaksi nuorta kyhmyjoutsenta el\u00e4insairaalassa hoidossa. Toinen niist\u00e4 tuotiin keskiviikkona ja toinen maanantaina.<\/p>\n<p class=\"aw-1gybjub aw-1p7kakr kEtdKx cEmitX yle__article__paragraph\">Korkeasaaren el\u00e4intenhoidon ja -suojelun johtaja <strong class=\"aw-ak79eh KyCXm yle__article__strong\">Nina Trontti<\/strong> kertoo, ett\u00e4 toisen nuoren joutsenen mukana heille tuotiin maanantaina my\u00f6s aikuinen loukkaantunut joutsen, joka kuoli matkalla sairaalaan.<\/p>\n<p class=\"aw-1gybjub aw-1p7kakr kEtdKx cEmitX yle__article__paragraph\">Kaikki joutsenet on tuotu Korkeasaareen Helsingin ratapihalta. Loukkaantuneiden joutsenten tilanne on vakava. Molemmilla on pahoja vammoja.<\/p>\n<p class=\"aw-1gybjub aw-1p7kakr kEtdKx cEmitX yle__article__paragraph\">\u2013 Emme tied\u00e4 selvi\u00e4v\u00e4tk\u00f6 ne hengiss\u00e4. Toinen lintu ei p\u00e4\u00e4se nousemaan omille jaloilleen, toisella on vamma siivess\u00e4 ja iso haava.<\/p>\n<p class=\"aw-1gybjub aw-1p7kakr kEtdKx cEmitX yle__article__paragraph\">Viel\u00e4 ei tiedet\u00e4 onko poikasten palauttaminen luontoon mahdollista.<\/p>\n<p class=\"aw-1gybjub aw-1p7kakr kEtdKx cEmitX yle__article__paragraph\">\u2013 Nyt on huoli miss\u00e4 loppuperhe liikkuu, Trontti sanoo.<\/p>\n<p class=\"aw-1gybjub aw-1p7kakr kEtdKx cEmitX yle__article__paragraph\">Trontin mukaan loukkaantuneita joutsenia tuodaan heille vuosittain. H\u00e4n jakaa lintuharrastajien kanssa huolen T\u00f6\u00f6l\u00f6nlahden junaratojen s\u00e4hk\u00f6lankojen vaarallisuudesta linnuille.<\/p>\n<p class=\"aw-1gybjub aw-1p7kakr kEtdKx cEmitX yle__article__paragraph\">\u2013 Meill\u00e4 on harrastajien kanssa yhteinen tavoite, ett\u00e4 linnut voivat hyvin. Lintuharrastajat ovat yritt\u00e4neet saada linnuille varoittimia T\u00f6\u00f6l\u00f6nlahden ratapihan ylle. Olisi todella hyv\u00e4 idea, ett\u00e4 linnut huomioitaisiin, Trontti sanoo.<\/p>\n<p>Ongelmana vesiv\u00e4yl\u00e4n puuttuminen<\/p>\n<p class=\"aw-1gybjub aw-1p7kakr kEtdKx cEmitX yle__article__paragraph\">Ongelma on lintuharrastajien mukaan pahentunut, kun Helsingin kaupunki sulki T\u00f6\u00f6l\u00f6nlahden vesiv\u00e4yl\u00e4n rautatien alla. Paikalle <a class=\"aw-iao6s4 iHOxEa yle__article__link\" href=\"https:\/\/yle.fi\/a\/74-20180884\" role=\"link\" rel=\"nofollow noopener\" target=\"_blank\">tehd\u00e4\u00e4n tulvasuojausta.<\/a><\/p>\n<p class=\"aw-1gybjub aw-1p7kakr kEtdKx cEmitX yle__article__paragraph\">Remontin takia joutsenet joutuvat lent\u00e4m\u00e4\u00e4n junaradan yli.<\/p>\n<p class=\"aw-1gybjub aw-1p7kakr kEtdKx cEmitX yle__article__paragraph\">Lintuharrastaja Kuivalaisen mukaan he ovat viestitt\u00e4neet radoista huolehtivalle V\u00e4yl\u00e4virastolle, ett\u00e4 he laittaisivat lankoihin oransseja palloja tai jotain muuta, joka auttaa lintuja n\u00e4kem\u00e4\u00e4n ratalangat. Mit\u00e4\u00e4n ei ole tapahtunut.<\/p>\n<p class=\"aw-1gybjub aw-1p7kakr kEtdKx cEmitX yle__article__paragraph\">Lintuharrastaja <strong class=\"aw-ak79eh KyCXm yle__article__strong\">Christa Granroth<\/strong> on my\u00f6s asiasta tuohtunut.<\/p>\n<p class=\"aw-1gybjub aw-1p7kakr kEtdKx cEmitX yle__article__paragraph\">\u2013 Homma pit\u00e4isi vain saada hoidettua. Liikenne seisoo aina paikallaan, kun joutsenia vedet\u00e4\u00e4n pois raiteilta. .<\/p>\n<p class=\"aw-1gybjub aw-1p7kakr kEtdKx cEmitX yle__article__paragraph\">Granrothin mukaan V\u00e4yl\u00e4virasto on tietoinen ongelmasta. Sama tilanne on jatkunut Granrothin mukaan jo ainakin kymmenen vuotta.<\/p>\n<p class=\"aw-1gybjub aw-1p7kakr kEtdKx cEmitX yle__article__paragraph\">Granroth sanoo n\u00e4hneens\u00e4, ett\u00e4 Mikkeliss\u00e4 moottoritien varrelle oli laitettu punaista lokkiverkkoa, jotta lokit eiv\u00e4t lenn\u00e4 moottoritielle.<\/p>\n<p class=\"aw-1gybjub aw-1p7kakr kEtdKx cEmitX yle__article__paragraph\">\u2013 T\u00e4\u00e4ll\u00e4 Helsingiss\u00e4kin voisi olla molemmin puolin rataa verkkoa, tai s\u00e4hk\u00f6linjoihin jotain heijastimia. Sellaisia on kaupunki laittanut jo Pitk\u00e4llesillalle, Granroth sanoo.<\/p>\n<p>V\u00e4yl\u00e4virasto: tapauksia tulee tietoomme suhteellisen harvoin<\/p>\n<p class=\"aw-1gybjub aw-1p7kakr kEtdKx cEmitX yle__article__paragraph\">V\u00e4yl\u00e4viraston viestint\u00e4 vastaa Ylelle s\u00e4hk\u00f6postitse. Sen mukaan joutsenia ja muita lintuja lent\u00e4\u00e4 aika ajoin ajolankoihin, mutta viraston tietoon tapauksia tulee kuitenkin suhteellisen harvoin.<\/p>\n<p class=\"aw-1gybjub aw-1p7kakr kEtdKx cEmitX yle__article__paragraph\">V\u00e4yl\u00e4viraston mukaan sill\u00e4 ei ole juuri keinoja ennaltaehk\u00e4ist\u00e4 tapauksia. Virasto kertoo pohtineensa esimerkiksi \u00e4\u00e4nimuuria tai valoverhoa linnuille esteeksi. Virasto toteaa p\u00e4\u00e4tyneens\u00e4 siihen, ett\u00e4 n\u00e4ist\u00e4 olisi enemm\u00e4n haittaa kuin hy\u00f6ty\u00e4, esimerkiksi l\u00e4hell\u00e4 asuville ihmisille.<\/p>\n<p class=\"aw-1gybjub aw-1p7kakr kEtdKx cEmitX yle__article__paragraph\">Erilaisten esteiden, kuten lintupallojen, laittaminen ajolankoihin ei viraston mukaan ole mahdollista, koska s\u00e4hk\u00f6ratarakenteissa ei ole johtimia, joihin lintupalloja voisi ripustaa turvallisesti.<\/p>\n","protected":false},"excerpt":{"rendered":"Helsingiss\u00e4 T\u00f6\u00f6l\u00f6nlahden junaratojen s\u00e4hk\u00f6linjoihin on t\u00f6rm\u00e4nnyt lyhyen ajan sis\u00e4ll\u00e4 useita joutsenia. N\u00e4in kertoo T\u00f6\u00f6l\u00f6nlahden joutsenia kymmenen vuotta tarkkaillut&hellip;\n","protected":false},"author":2,"featured_media":101714,"comment_status":"","ping_status":"","sticky":false,"template":"","format":"standard","meta":{"footnotes":""},"categories":[112],"tags":[404,33,31,30,104,16898,3771,71,19461,1425,1426,72,1711,118,19460,32,119,6695,1168],"class_list":{"0":"post-101713","1":"post","2":"type-post","3":"status-publish","4":"format-standard","5":"has-post-thumbnail","7":"category-tiede","8":"tag-elaimet","9":"tag-fi","10":"tag-finland","11":"tag-finnish","12":"tag-helsinki","13":"tag-joutsenet","14":"tag-junat","15":"tag-kotimaa","16":"tag-kyhmyjoutsen","17":"tag-linnut","18":"tag-lintuharrastus","19":"tag-luonto","20":"tag-rautatieliikenne","21":"tag-science","22":"tag-sorsalinnut","23":"tag-suomi","24":"tag-tiede","25":"tag-toolo","26":"tag-uusimaa"},"share_on_mastodon":{"url":"https:\/\/pubeurope.com\/@fi\/115623261910321532","error":""},"_links":{"self":[{"href":"https:\/\/www.europesays.com\/fi\/wp-json\/wp\/v2\/posts\/101713","targetHints":{"allow":["GET"]}}],"collection":[{"href":"https:\/\/www.europesays.com\/fi\/wp-json\/wp\/v2\/posts"}],"about":[{"href":"https:\/\/www.europesays.com\/fi\/wp-json\/wp\/v2\/types\/post"}],"author":[{"embeddable":true,"href":"https:\/\/www.europesays.com\/fi\/wp-json\/wp\/v2\/users\/2"}],"replies":[{"embeddable":true,"href":"https:\/\/www.europesays.com\/fi\/wp-json\/wp\/v2\/comments?post=101713"}],"version-history":[{"count":0,"href":"https:\/\/www.europesays.com\/fi\/wp-json\/wp\/v2\/posts\/101713\/revisions"}],"wp:featuredmedia":[{"embeddable":true,"href":"https:\/\/www.europesays.com\/fi\/wp-json\/wp\/v2\/media\/101714"}],"wp:attachment":[{"href":"https:\/\/www.europesays.com\/fi\/wp-json\/wp\/v2\/media?parent=101713"}],"wp:term":[{"taxonomy":"category","embeddable":true,"href":"https:\/\/www.europesays.com\/fi\/wp-json\/wp\/v2\/categories?post=101713"},{"taxonomy":"post_tag","embeddable":true,"href":"https:\/\/www.europesays.com\/fi\/wp-json\/wp\/v2\/tags?post=101713"}],"curies":[{"name":"wp","href":"https:\/\/api.w.org\/{rel}","templated":true}]}}