{"id":101721,"date":"2025-11-27T19:19:09","date_gmt":"2025-11-27T19:19:09","guid":{"rendered":"https:\/\/www.europesays.com\/fi\/101721\/"},"modified":"2025-11-27T19:19:09","modified_gmt":"2025-11-27T19:19:09","slug":"monika-fagerholm-voitti-kaunokirjallisuuden-finlandia-palkinnon","status":"publish","type":"post","link":"https:\/\/www.europesays.com\/fi\/101721\/","title":{"rendered":"Monika Fagerholm voitti kaunokirjallisuuden Finlandia-palkinnon"},"content":{"rendered":"<p class=\"hs-section-removal article-ingress--medium\">Finlandia-voittaja|Kaunokirjallisuuden Finlandia-palkinnon voitti Monika Fagerholm, joka halusi kirjallaan selvitt\u00e4\u00e4, miten me olemme p\u00e4\u00e4tyneet t\u00e4h\u00e4n maailmantilanteeseen.<\/p>\n<p><img decoding=\"async\" src=\"https:\/\/www.europesays.com\/fi\/wp-content\/uploads\/2025\/11\/1764271149_77_468.jpg\" alt=\"Monika Fagerholm tunnetaan erityisesti nuoruuden ja nuorten naisten taitavana kuvaajana. Finlandia-palkintokin osui teokselle, joka kertoo ihmisest\u00e4 el\u00e4m\u00e4n ja kirjailijuuden alussa. \" class=\"_Img_1rerz_1\" style=\"aspect-ratio:1.3333333333333333\" loading=\"eager\"\/><\/p>\n<p class=\"article-picture-caption\">Monika Fagerholm tunnetaan erityisesti nuoruuden ja nuorten naisten taitavana kuvaajana. Finlandia-palkintokin osui teokselle, joka kertoo ihmisest\u00e4 el\u00e4m\u00e4n ja kirjailijuuden alussa.  Kuva:\u00a0Karoliina Redsven \/ HS<\/p>\n<p><a href=\"https:\/\/www.hs.fi\/haku\/?query=Susanna+Laari+HS\" rel=\"nofollow noopener\" target=\"_blank\"><\/p>\n<p>Susanna Laari HS<\/p>\n<p><\/a><\/p>\n<p>20:19<\/p>\n<p class=\"article-body mb-nof-24 px-nof-16\">Jo oli aikakin!<\/p>\n<p class=\"article-body mb-nof-24 px-nof-16\">N\u00e4in saattaa moni ajatella <a class=\"article-personlink\" href=\"https:\/\/www.hs.fi\/haku\/?query=Monika%20Fagerholmin\" rel=\"nofollow noopener\" target=\"_blank\">Monika Fagerholmin<\/a> Finlandia-voitosta. Ovathan h\u00e4nen teoksensa olleet ehdolla palkinnon saajaksi jo kahdesti aiemmin. Naapurimaistakin arvostusta on satanut August-palkinnon (2005) ja Pohjoismaiden neuvoston kirjallisuuspalkinnon (2020) muodossa.<\/p>\n<p>KommentoiIlmoita asiavirheest\u00e4KommentoiIlmoita asiavirheest\u00e4<\/p>\n","protected":false},"excerpt":{"rendered":"Finlandia-voittaja|Kaunokirjallisuuden Finlandia-palkinnon voitti Monika Fagerholm, joka halusi kirjallaan selvitt\u00e4\u00e4, miten me olemme p\u00e4\u00e4tyneet t\u00e4h\u00e4n maailmantilanteeseen. Monika Fagerholm tunnetaan&hellip;\n","protected":false},"author":2,"featured_media":101722,"comment_status":"","ping_status":"","sticky":false,"template":"","format":"standard","meta":{"footnotes":""},"categories":[5],"tags":[22,23,26,27,33,31,30,17,46,24,25,28,29,15,18,21,32,19,20,16],"class_list":{"0":"post-101721","1":"post","2":"type-post","3":"status-publish","4":"format-standard","5":"has-post-thumbnail","7":"category-otsikot","8":"tag-breaking-news","9":"tag-breakingnews","10":"tag-featured-news","11":"tag-featurednews","12":"tag-fi","13":"tag-finland","14":"tag-finnish","15":"tag-headlines","16":"tag-helsingin-sanomat","17":"tag-latest-news","18":"tag-latestnews","19":"tag-main-news","20":"tag-mainnews","21":"tag-news","22":"tag-otsikot","23":"tag-paauutiset","24":"tag-suomi","25":"tag-top-stories","26":"tag-topstories","27":"tag-uutiset"},"share_on_mastodon":{"url":"https:\/\/pubeurope.com\/@fi\/115623281727723966","error":""},"_links":{"self":[{"href":"https:\/\/www.europesays.com\/fi\/wp-json\/wp\/v2\/posts\/101721","targetHints":{"allow":["GET"]}}],"collection":[{"href":"https:\/\/www.europesays.com\/fi\/wp-json\/wp\/v2\/posts"}],"about":[{"href":"https:\/\/www.europesays.com\/fi\/wp-json\/wp\/v2\/types\/post"}],"author":[{"embeddable":true,"href":"https:\/\/www.europesays.com\/fi\/wp-json\/wp\/v2\/users\/2"}],"replies":[{"embeddable":true,"href":"https:\/\/www.europesays.com\/fi\/wp-json\/wp\/v2\/comments?post=101721"}],"version-history":[{"count":0,"href":"https:\/\/www.europesays.com\/fi\/wp-json\/wp\/v2\/posts\/101721\/revisions"}],"wp:featuredmedia":[{"embeddable":true,"href":"https:\/\/www.europesays.com\/fi\/wp-json\/wp\/v2\/media\/101722"}],"wp:attachment":[{"href":"https:\/\/www.europesays.com\/fi\/wp-json\/wp\/v2\/media?parent=101721"}],"wp:term":[{"taxonomy":"category","embeddable":true,"href":"https:\/\/www.europesays.com\/fi\/wp-json\/wp\/v2\/categories?post=101721"},{"taxonomy":"post_tag","embeddable":true,"href":"https:\/\/www.europesays.com\/fi\/wp-json\/wp\/v2\/tags?post=101721"}],"curies":[{"name":"wp","href":"https:\/\/api.w.org\/{rel}","templated":true}]}}