{"id":101725,"date":"2025-11-27T19:34:09","date_gmt":"2025-11-27T19:34:09","guid":{"rendered":"https:\/\/www.europesays.com\/fi\/101725\/"},"modified":"2025-11-27T19:34:09","modified_gmt":"2025-11-27T19:34:09","slug":"oletko-katsonut-tata-sarjaa-innoituksena-toimi-george-orwellin-1984","status":"publish","type":"post","link":"https:\/\/www.europesays.com\/fi\/101725\/","title":{"rendered":"Oletko katsonut t\u00e4t\u00e4 sarjaa? \u2013 Innoituksena toimi George Orwellin 1984"},"content":{"rendered":"<p>Loistoarviot saanut Siilo-sarja ammentaa voimakkaasti <strong>George Orwellin<\/strong> kuuluisasta dystopiateoksesta Vuonna 1984 (julk. 1949).<\/p>\n<p>Siilon saaga -kirjasarjan kirjoittaja <strong>Hugh Howey<\/strong> mainitsi haastattelussa inspiraatiokseen my\u00f6s <strong>Aldous Huxleyn<\/strong> Uusi uljas maailma (1932), sek\u00e4 <strong>Ray Bradburyn<\/strong> Fahrenheit 451 -teokset.<\/p>\n<p>Siilon dystoopiset teemat heijastavat Orwellin teoksen synkk\u00e4\u00e4 asetelmaa, jossa totalitaarinen hallinto pit\u00e4\u00e4 kansalaiset tiukasti alistettuina, valvoo jatkuvasti ja rajoittaa teknologian k\u00e4ytt\u00f6\u00e4.<\/p>\n<p>Lue my\u00f6s: <a href=\"https:\/\/www.episodi.fi\/uutiset\/ruotsitar-rebecca-fergusonin-ura-oli-paattya-lyhyeen-mutta-jatkui-sattumalta-talta-42-vuotias-tahti-nayttaa-nyt\/\" title=\"Ruotsitar Rebecca Fergusonin ura oli p\u00e4\u00e4tty\u00e4 lyhyeen mutta jatkui sattumalta \u2013 t\u00e4lt\u00e4 42-vuotias t\u00e4hti n\u00e4ytt\u00e4\u00e4 nyt\" class=\"underline-custom !font-montserrat !font-bold !underline-offset-4 !decoration-4 !decoration-episodi-blue !text-md\" rel=\"nofollow noopener\" target=\"_blank\">Ruotsitar Rebecca Fergusonin ura oli p\u00e4\u00e4tty\u00e4 lyhyeen mutta jatkui sattumalta \u2013 t\u00e4lt\u00e4 42-vuotias t\u00e4hti n\u00e4ytt\u00e4\u00e4 nyt<\/a><\/p>\n<p>Lue my\u00f6s: <a href=\"https:\/\/www.episodi.fi\/uutiset\/rebecca-fergusonin-mainio-scifisarja-sai-kolmannen-kautensa-purkkiin\/\" title=\"Rebecca Fergusonin mainio scifisarja sai kolmannen kautensa purkkiin\" class=\"underline-custom !font-montserrat !font-bold !underline-offset-4 !decoration-4 !decoration-episodi-blue !text-md\" rel=\"nofollow noopener\" target=\"_blank\">Rebecca Fergusonin mainio scifisarja sai kolmannen kautensa purkkiin<\/a><\/p>\n<p>Vuonna 1984:n kuuluisa lainaus \u201dHe who controls the past controls the future. He who controls the present controls the past\u201d heijastuu Siilossa siten, maanalaisen kaupungin historia on manipuloitu tai salattu.<\/p>\n<p>Kummassakin tarinassa yhdistyv\u00e4t vallan v\u00e4\u00e4rink\u00e4ytt\u00f6, totuuden manipulointi ja yksil\u00f6vapauden tukahduttaminen. <strong>Rebecca Fergusonin <\/strong>t\u00e4hditt\u00e4m\u00e4n Siilon juoni k\u00e4rjistyy tilanteeseen, jossa er\u00e4s hahmoista ymm\u00e4rt\u00e4\u00e4 totuuden ja saa aikaan kapinan, joka haastaa hallinnon.<\/p>\n<p>Suomessa Siiloa n\u00e4ytt\u00e4\u00e4 Apple TV Plus.<\/p>\n<p><img loading=\"lazy\" decoding=\"async\" alt=\"YouTube video\" width=\"480\" height=\"360\" data-pin-nopin=\"true\" nopin=\"nopin\" class=\"perfmatters-lazy\" src=\"https:\/\/www.europesays.com\/fi\/wp-content\/uploads\/2025\/11\/1764272049_596_hqdefault.jpg\"\/><\/p>\n<p>L\u00e4hde: <a href=\"https:\/\/screenrant.com\/apple-tv-silo-george-orwell-1984-inspiration\/?link_source=ta_first_comment&amp;taid=69283d51cd71240001297db9&amp;utm_campaign=TrueAnthem-SR&amp;utm_medium=Social-Distribution&amp;utm_source=Facebook&amp;fbclid=IwY2xjawOVH-5leHRuA2FlbQIxMABicmlkETBwQlY2QXNJQ1J6ZXJGZ2V6c3J0YwZhcHBfaWQQMjIyMDM5MTc4ODIwMDg5MgABHn7iuTdKTq8TGaoYJCWBhfqH6ob4b8HEJYgyxR9ccIlCv5zqBvdx5DSkFSEm_aem_UlWmB0zCN4UHfikZLhSuow\" rel=\"nofollow noopener\" target=\"_blank\">ScreenRant<\/a><\/p>\n","protected":false},"excerpt":{"rendered":"Loistoarviot saanut Siilo-sarja ammentaa voimakkaasti George Orwellin kuuluisasta dystopiateoksesta Vuonna 1984 (julk. 1949). Siilon saaga -kirjasarjan kirjoittaja Hugh&hellip;\n","protected":false},"author":2,"featured_media":101726,"comment_status":"","ping_status":"","sticky":false,"template":"","format":"standard","meta":{"footnotes":""},"categories":[133],"tags":[137,33,31,30,19462,32,206,156,109,19463],"class_list":{"0":"post-101725","1":"post","2":"type-post","3":"status-publish","4":"format-standard","5":"has-post-thumbnail","7":"category-televisiot","8":"tag-entertainment","9":"tag-fi","10":"tag-finland","11":"tag-finnish","12":"tag-siilo","13":"tag-suomi","14":"tag-televisiot","15":"tag-tv","16":"tag-viihde","17":"tag-vuonna-1984"},"share_on_mastodon":{"url":"https:\/\/pubeurope.com\/@fi\/115623340835107972","error":""},"_links":{"self":[{"href":"https:\/\/www.europesays.com\/fi\/wp-json\/wp\/v2\/posts\/101725","targetHints":{"allow":["GET"]}}],"collection":[{"href":"https:\/\/www.europesays.com\/fi\/wp-json\/wp\/v2\/posts"}],"about":[{"href":"https:\/\/www.europesays.com\/fi\/wp-json\/wp\/v2\/types\/post"}],"author":[{"embeddable":true,"href":"https:\/\/www.europesays.com\/fi\/wp-json\/wp\/v2\/users\/2"}],"replies":[{"embeddable":true,"href":"https:\/\/www.europesays.com\/fi\/wp-json\/wp\/v2\/comments?post=101725"}],"version-history":[{"count":0,"href":"https:\/\/www.europesays.com\/fi\/wp-json\/wp\/v2\/posts\/101725\/revisions"}],"wp:featuredmedia":[{"embeddable":true,"href":"https:\/\/www.europesays.com\/fi\/wp-json\/wp\/v2\/media\/101726"}],"wp:attachment":[{"href":"https:\/\/www.europesays.com\/fi\/wp-json\/wp\/v2\/media?parent=101725"}],"wp:term":[{"taxonomy":"category","embeddable":true,"href":"https:\/\/www.europesays.com\/fi\/wp-json\/wp\/v2\/categories?post=101725"},{"taxonomy":"post_tag","embeddable":true,"href":"https:\/\/www.europesays.com\/fi\/wp-json\/wp\/v2\/tags?post=101725"}],"curies":[{"name":"wp","href":"https:\/\/api.w.org\/{rel}","templated":true}]}}