{"id":101729,"date":"2025-11-27T19:36:09","date_gmt":"2025-11-27T19:36:09","guid":{"rendered":"https:\/\/www.europesays.com\/fi\/101729\/"},"modified":"2025-11-27T19:36:09","modified_gmt":"2025-11-27T19:36:09","slug":"pelko-on-uusi-usko-28-vuotta-myohemmin-luutemppeli-sai-uuden-julisteen-traileri-tulee-ensi-viikolla","status":"publish","type":"post","link":"https:\/\/www.europesays.com\/fi\/101729\/","title":{"rendered":"&#8221;Pelko on uusi usko&#8221; &#8211; 28 vuotta my\u00f6hemmin: Luutemppeli sai uuden julisteen, traileri tulee ensi viikolla"},"content":{"rendered":"<p>Kuva: \u00a9 2024 CTMG, Inc.<\/p>\n<p>Viime kes\u00e4n 28 vuotta my\u00f6hemmin saa jatkoa poikkeuksellisen nopeasti. Luutemppeliin astutaan jo tammikuussa.<\/p>\n<p>Sony Pictures on julkaissut uuden julisteen <a href=\"https:\/\/muropaketti.com\/avainsana\/28-vuotta-myohemmin-luutemppeli\/\" rel=\"nofollow noopener\" target=\"_blank\">28 vuotta my\u00f6hemmin: Luutemppeli -elokuvasta<\/a> (28 Years Later: The Bone Temple) ja luvannut samalla elokuvan toisen trailerin ilmestyv\u00e4n ensi viikolla.<\/p>\n<p>28 vuotta my\u00f6hemmin: Luutemppeli jatkaa suoraan siit\u00e4, mihin cliffhangeriin p\u00e4\u00e4ttynyt 28 vuotta my\u00f6hemmin kes\u00e4ll\u00e4 j\u00e4i. Ohjaaja Danny Boyle on luovuttanut ruorin Candymanista ja The Marvelsista tutulle Nia DaCostalle, mutta jatkaa edelleen elokuvasarjan tuottajana. <\/p>\n<p>Luutemppelin k\u00e4sikirjoitus on edelleen Alex Garlandin k\u00e4sialaa.<\/p>\n<p>Suomen teattereihin perjantaina 16. tammikuuta saapuvan elokuvan p\u00e4\u00e4osissa n\u00e4hd\u00e4\u00e4n Ralph Fiennes, Emma Laird, Alfie Williams, Chi Lewis-Parry ja Jack O\u2019Connell.<\/p>\n<blockquote class=\"twitter-tweet\">\n<p lang=\"en\" dir=\"ltr\">Fear is the new faith. 1 week to the new trailer. <a href=\"https:\/\/twitter.com\/hashtag\/28YearsLater?src=hash&amp;ref_src=twsrc%5Etfw\" rel=\"nofollow noopener\" target=\"_blank\">#28YearsLater<\/a>: The Bone Temple is only in cinemas January 14. <a href=\"https:\/\/t.co\/mxw9ChNKAB\" rel=\"nofollow\">pic.twitter.com\/mxw9ChNKAB<\/a><\/p>\n<p>\u2014 Sony Pictures UK \ud83c\udfac (@SonyPicturesUK) <a href=\"https:\/\/twitter.com\/SonyPicturesUK\/status\/1993606168179286401?ref_src=twsrc%5Etfw\" rel=\"nofollow noopener\" target=\"_blank\">November 26, 2025<\/a><\/p>\n<\/blockquote>\n<p><script async src=\"https:\/\/platform.twitter.com\/widgets.js\" charset=\"utf-8\"><\/script><\/p>\n","protected":false},"excerpt":{"rendered":"Kuva: \u00a9 2024 CTMG, Inc. Viime kes\u00e4n 28 vuotta my\u00f6hemmin saa jatkoa poikkeuksellisen nopeasti. Luutemppeliin astutaan jo tammikuussa.&hellip;\n","protected":false},"author":2,"featured_media":101730,"comment_status":"","ping_status":"","sticky":false,"template":"","format":"standard","meta":{"footnotes":""},"categories":[131],"tags":[3186,7892,6758,155,137,33,173,31,30,172,32,109],"class_list":{"0":"post-101729","1":"post","2":"type-post","3":"status-publish","4":"format-standard","5":"has-post-thumbnail","7":"category-elokuvat","8":"tag-28-vuotta-myohemmin","9":"tag-28-vuotta-myohemmin-luutemppeli","10":"tag-elokuvajulisteet","11":"tag-elokuvat","12":"tag-entertainment","13":"tag-fi","14":"tag-film","15":"tag-finland","16":"tag-finnish","17":"tag-movies","18":"tag-suomi","19":"tag-viihde"},"share_on_mastodon":{"url":"https:\/\/pubeurope.com\/@fi\/115623348375165330","error":""},"_links":{"self":[{"href":"https:\/\/www.europesays.com\/fi\/wp-json\/wp\/v2\/posts\/101729","targetHints":{"allow":["GET"]}}],"collection":[{"href":"https:\/\/www.europesays.com\/fi\/wp-json\/wp\/v2\/posts"}],"about":[{"href":"https:\/\/www.europesays.com\/fi\/wp-json\/wp\/v2\/types\/post"}],"author":[{"embeddable":true,"href":"https:\/\/www.europesays.com\/fi\/wp-json\/wp\/v2\/users\/2"}],"replies":[{"embeddable":true,"href":"https:\/\/www.europesays.com\/fi\/wp-json\/wp\/v2\/comments?post=101729"}],"version-history":[{"count":0,"href":"https:\/\/www.europesays.com\/fi\/wp-json\/wp\/v2\/posts\/101729\/revisions"}],"wp:featuredmedia":[{"embeddable":true,"href":"https:\/\/www.europesays.com\/fi\/wp-json\/wp\/v2\/media\/101730"}],"wp:attachment":[{"href":"https:\/\/www.europesays.com\/fi\/wp-json\/wp\/v2\/media?parent=101729"}],"wp:term":[{"taxonomy":"category","embeddable":true,"href":"https:\/\/www.europesays.com\/fi\/wp-json\/wp\/v2\/categories?post=101729"},{"taxonomy":"post_tag","embeddable":true,"href":"https:\/\/www.europesays.com\/fi\/wp-json\/wp\/v2\/tags?post=101729"}],"curies":[{"name":"wp","href":"https:\/\/api.w.org\/{rel}","templated":true}]}}