{"id":101740,"date":"2025-11-27T19:45:09","date_gmt":"2025-11-27T19:45:09","guid":{"rendered":"https:\/\/www.europesays.com\/fi\/101740\/"},"modified":"2025-11-27T19:45:09","modified_gmt":"2025-11-27T19:45:09","slug":"kaksi-ihmista-pelastettiin-vedesta-jyvaskylan-satamassa-sivullisen-toiminta-ensiluokkaista-keski-suomi","status":"publish","type":"post","link":"https:\/\/www.europesays.com\/fi\/101740\/","title":{"rendered":"Kaksi ihmist\u00e4 pelastettiin vedest\u00e4 Jyv\u00e4skyl\u00e4n satamassa \u2013 sivullisen toiminta &#8221;ensiluokkaista&#8221; | Keski-Suomi"},"content":{"rendered":"<p>Keski-Suomen pelastuslaitos pelasti torstaina illalla Jyv\u00e4skyl\u00e4n Lutakon satamassa kaksi ihmist\u00e4 vedest\u00e4. <\/p>\n<p>Keskisuomalaisen paikalla olleen kuvaajan mukaan pelastajat ty\u00f6skenteliv\u00e4t nostotoimissa l\u00e4hell\u00e4 konttiravintola Mortonia rappusten edess\u00e4 ja ambulanssi l\u00e4hti paikalta h\u00e4lytyssireenit p\u00e4\u00e4ll\u00e4.<\/p>\n","protected":false},"excerpt":{"rendered":"Keski-Suomen pelastuslaitos pelasti torstaina illalla Jyv\u00e4skyl\u00e4n Lutakon satamassa kaksi ihmist\u00e4 vedest\u00e4. Keskisuomalaisen paikalla olleen kuvaajan mukaan pelastajat ty\u00f6skenteliv\u00e4t&hellip;\n","protected":false},"author":2,"featured_media":101741,"comment_status":"","ping_status":"","sticky":false,"template":"","format":"standard","meta":{"footnotes":""},"categories":[5],"tags":[22,23,26,27,33,31,30,17,425,24,25,28,29,15,837,129,120,18,21,122,54,32,19,20,16,2568],"class_list":{"0":"post-101740","1":"post","2":"type-post","3":"status-publish","4":"format-standard","5":"has-post-thumbnail","7":"category-otsikot","8":"tag-breaking-news","9":"tag-breakingnews","10":"tag-featured-news","11":"tag-featurednews","12":"tag-fi","13":"tag-finland","14":"tag-finnish","15":"tag-headlines","16":"tag-jyvaskyla","17":"tag-latest-news","18":"tag-latestnews","19":"tag-main-news","20":"tag-mainnews","21":"tag-news","22":"tag-onnettomuudet","23":"tag-onnettomuudet-ja-tuhot","24":"tag-onnettomuustapaus","25":"tag-otsikot","26":"tag-paauutiset","27":"tag-pelastaminen","28":"tag-pelastuspalvelut","29":"tag-suomi","30":"tag-top-stories","31":"tag-topstories","32":"tag-uutiset","33":"tag-vesiliikenne"},"share_on_mastodon":{"url":"https:\/\/pubeurope.com\/@fi\/115623383740690334","error":""},"_links":{"self":[{"href":"https:\/\/www.europesays.com\/fi\/wp-json\/wp\/v2\/posts\/101740","targetHints":{"allow":["GET"]}}],"collection":[{"href":"https:\/\/www.europesays.com\/fi\/wp-json\/wp\/v2\/posts"}],"about":[{"href":"https:\/\/www.europesays.com\/fi\/wp-json\/wp\/v2\/types\/post"}],"author":[{"embeddable":true,"href":"https:\/\/www.europesays.com\/fi\/wp-json\/wp\/v2\/users\/2"}],"replies":[{"embeddable":true,"href":"https:\/\/www.europesays.com\/fi\/wp-json\/wp\/v2\/comments?post=101740"}],"version-history":[{"count":0,"href":"https:\/\/www.europesays.com\/fi\/wp-json\/wp\/v2\/posts\/101740\/revisions"}],"wp:featuredmedia":[{"embeddable":true,"href":"https:\/\/www.europesays.com\/fi\/wp-json\/wp\/v2\/media\/101741"}],"wp:attachment":[{"href":"https:\/\/www.europesays.com\/fi\/wp-json\/wp\/v2\/media?parent=101740"}],"wp:term":[{"taxonomy":"category","embeddable":true,"href":"https:\/\/www.europesays.com\/fi\/wp-json\/wp\/v2\/categories?post=101740"},{"taxonomy":"post_tag","embeddable":true,"href":"https:\/\/www.europesays.com\/fi\/wp-json\/wp\/v2\/tags?post=101740"}],"curies":[{"name":"wp","href":"https:\/\/api.w.org\/{rel}","templated":true}]}}