{"id":101748,"date":"2025-11-27T20:04:07","date_gmt":"2025-11-27T20:04:07","guid":{"rendered":"https:\/\/www.europesays.com\/fi\/101748\/"},"modified":"2025-11-27T20:04:07","modified_gmt":"2025-11-27T20:04:07","slug":"susijengi-ja-unkari-vahvistivat-kokoonpanonsa-perjantain-otteluun","status":"publish","type":"post","link":"https:\/\/www.europesays.com\/fi\/101748\/","title":{"rendered":"Susijengi ja Unkari vahvistivat kokoonpanonsa perjantain otteluun"},"content":{"rendered":"<p class=\"summary\">27.11.2025 18:45 Karsinnat kohti Qatarin vuoden 2027 MM-kisoja aloittavat Susijengi ja Unkari ovat nimenneet miehist\u00f6ns\u00e4 perjantai-illan karsintaotteluun Unkarin Szombathelyssa. Maajoukkueuransa ensimm\u00e4iset arvokisakarsintaottelut pelaavat perjantaina Susijengist\u00e4 Miikka Muurinen ja Mustapha Amzil.<\/p>\n<p>Susijengi ja Unkari kohtaavat Unkarin Szombathelyn Arena Savariassa perjantaina 28.11. klo 19.00 alkaen. Susijengin MM-karsintaottelut ovat vapaasti katsottavissa YLE TV2:ssa ja YLE Areenassa. Ottelut n\u00e4kyv\u00e4t my\u00f6s maksullisessa Ruutu-palvelussa.<\/p>\n<p><strong>Susijengi Unkaria vastaan perjantaina 28.11.<\/strong><\/p>\n<tr>\n<td style=\"height:19px; vertical-align:bottom; width:28px\">\n<p><strong>#<\/strong><\/p>\n<\/td>\n<td style=\"height:19px; vertical-align:bottom; width:184px\">\n<p><strong>Nimi<\/strong><\/p>\n<\/td>\n<td style=\"height:19px; vertical-align:bottom; width:59px\">\n<p><strong>Pituus<\/strong><\/p>\n<\/td>\n<td style=\"height:19px; vertical-align:bottom; width:76px\">\n<p><strong>Syntynyt<\/strong><\/p>\n<\/td>\n<td style=\"height:19px; vertical-align:bottom; width:220px\">\n<p><strong>Seura<\/strong><\/p>\n<\/td>\n<\/tr>\n<tr>\n<td style=\"height:19px; vertical-align:bottom; width:28px\">\n<p>9<\/p>\n<\/td>\n<td style=\"height:19px; vertical-align:bottom; width:184px\">\n<p>Sasu SALIN<\/p>\n<\/td>\n<td style=\"height:19px; vertical-align:bottom; width:59px\">\n<p>191<\/p>\n<\/td>\n<td style=\"height:19px; vertical-align:bottom; width:76px\">\n<p>1991<\/p>\n<\/td>\n<td style=\"height:19px; vertical-align:bottom; width:220px\">\n<p>Estudiantes (ESP)<\/p>\n<\/td>\n<\/tr>\n<tr>\n<td style=\"height:19px; vertical-align:bottom; width:28px\">\n<p>13<\/p>\n<\/td>\n<td style=\"height:19px; vertical-align:bottom; width:184px\">\n<p>Olivier NKAMHOUA<\/p>\n<\/td>\n<td style=\"height:19px; vertical-align:bottom; width:59px\">\n<p>203<\/p>\n<\/td>\n<td style=\"height:19px; vertical-align:bottom; width:76px\">\n<p>2000<\/p>\n<\/td>\n<td style=\"height:19px; vertical-align:bottom; width:220px\">\n<p>Pallacanestro Varese (ITA)<\/p>\n<\/td>\n<\/tr>\n<tr>\n<td style=\"height:19px; vertical-align:bottom; width:28px\">\n<p>14<\/p>\n<\/td>\n<td style=\"height:19px; vertical-align:bottom; width:184px\">\n<p>Henri KANTONEN<\/p>\n<\/td>\n<td style=\"height:19px; vertical-align:bottom; width:59px\">\n<p>198<\/p>\n<\/td>\n<td style=\"height:19px; vertical-align:bottom; width:76px\">\n<p>1997<\/p>\n<\/td>\n<td style=\"height:19px; vertical-align:bottom; width:220px\">\n<p>Kataja Basket, Joensuu<\/p>\n<\/td>\n<\/tr>\n<tr>\n<td style=\"height:19px; vertical-align:bottom; width:28px\">\n<p>16<\/p>\n<\/td>\n<td style=\"height:19px; vertical-align:bottom; width:184px\">\n<p>Perttu BLOMGREN<\/p>\n<\/td>\n<td style=\"height:19px; vertical-align:bottom; width:59px\">\n<p>195<\/p>\n<\/td>\n<td style=\"height:19px; vertical-align:bottom; width:76px\">\n<p>2001<\/p>\n<\/td>\n<td style=\"height:19px; vertical-align:bottom; width:220px\">\n<p>Mitteldeutscher (GER)<\/p>\n<\/td>\n<\/tr>\n<tr>\n<td style=\"height:19px; vertical-align:bottom; width:28px\">\n<p>18<\/p>\n<\/td>\n<td style=\"height:19px; vertical-align:bottom; width:184px\">\n<p>Mikael JANTUNEN<\/p>\n<\/td>\n<td style=\"height:19px; vertical-align:bottom; width:59px\">\n<p>204<\/p>\n<\/td>\n<td style=\"height:19px; vertical-align:bottom; width:76px\">\n<p>2000<\/p>\n<\/td>\n<td style=\"height:19px; vertical-align:bottom; width:220px\">\n<p>Fenerbahce (TUR)<\/p>\n<\/td>\n<\/tr>\n<tr>\n<td style=\"height:19px; vertical-align:bottom; width:28px\">\n<p>19<\/p>\n<\/td>\n<td style=\"height:19px; vertical-align:bottom; width:184px\">\n<p>Elias VALTONEN<\/p>\n<\/td>\n<td style=\"height:19px; vertical-align:bottom; width:59px\">\n<p>200<\/p>\n<\/td>\n<td style=\"height:19px; vertical-align:bottom; width:76px\">\n<p>1999<\/p>\n<\/td>\n<td style=\"height:19px; vertical-align:bottom; width:220px\">\n<p>CB Granada (ESP)<\/p>\n<\/td>\n<\/tr>\n<tr>\n<td style=\"height:19px; vertical-align:bottom; width:28px\">\n<p>20<\/p>\n<\/td>\n<td style=\"height:19px; vertical-align:bottom; width:184px\">\n<p>Alexander MADSEN<\/p>\n<\/td>\n<td style=\"height:19px; vertical-align:bottom; width:59px\">\n<p>208<\/p>\n<\/td>\n<td style=\"height:19px; vertical-align:bottom; width:76px\">\n<p>1995<\/p>\n<\/td>\n<td style=\"height:19px; vertical-align:bottom; width:220px\">\n<p>A.S. Karditsas (GRE)<\/p>\n<\/td>\n<\/tr>\n<tr>\n<td style=\"height:19px; vertical-align:bottom; width:28px\">\n<p>21<\/p>\n<\/td>\n<td style=\"height:19px; vertical-align:bottom; width:184px\">\n<p>Edon MAXHUNI<\/p>\n<\/td>\n<td style=\"height:19px; vertical-align:bottom; width:59px\">\n<p>188<\/p>\n<\/td>\n<td style=\"height:19px; vertical-align:bottom; width:76px\">\n<p>1998<\/p>\n<\/td>\n<td style=\"height:19px; vertical-align:bottom; width:220px\">\n<p>Gravelines-Dunkerque (FRA)<\/p>\n<\/td>\n<\/tr>\n<tr>\n<td style=\"height:19px; vertical-align:bottom; width:28px\">\n<p>24<\/p>\n<\/td>\n<td style=\"height:19px; vertical-align:bottom; width:184px\">\n<p>Miikka MUURINEN<\/p>\n<\/td>\n<td style=\"height:19px; vertical-align:bottom; width:59px\">\n<p>211<\/p>\n<\/td>\n<td style=\"height:19px; vertical-align:bottom; width:76px\">\n<p>2007<\/p>\n<\/td>\n<td style=\"height:19px; vertical-align:bottom; width:220px\">\n<p>Partizan Belgrad (SRB)<\/p>\n<\/td>\n<\/tr>\n<tr>\n<td style=\"height:19px; vertical-align:bottom; width:28px\">\n<p>25<\/p>\n<\/td>\n<td style=\"height:19px; vertical-align:bottom; width:184px\">\n<p>Mustapha AMZIL<\/p>\n<\/td>\n<td style=\"height:19px; vertical-align:bottom; width:59px\">\n<p>206<\/p>\n<\/td>\n<td style=\"height:19px; vertical-align:bottom; width:76px\">\n<p>2001<\/p>\n<\/td>\n<td style=\"height:19px; vertical-align:bottom; width:220px\">\n<p>KB Trepca (KOS)<\/p>\n<\/td>\n<\/tr>\n<tr>\n<td style=\"height:19px; vertical-align:bottom; width:28px\">\n<p>30<\/p>\n<\/td>\n<td style=\"height:19px; vertical-align:bottom; width:184px\">\n<p>Andre GUSTAVSON<\/p>\n<\/td>\n<td style=\"height:19px; vertical-align:bottom; width:59px\">\n<p>196<\/p>\n<\/td>\n<td style=\"height:19px; vertical-align:bottom; width:76px\">\n<p>1999<\/p>\n<\/td>\n<td style=\"height:19px; vertical-align:bottom; width:220px\">\n<p>Karhu Basket, Kauhajoki<\/p>\n<\/td>\n<\/tr>\n<tr>\n<td style=\"height:19px; vertical-align:bottom; width:28px\">\n<p>35<\/p>\n<\/td>\n<td style=\"height:19px; vertical-align:bottom; width:184px\">\n<p>Ilari SEPP\u00c4L\u00c4<\/p>\n<\/td>\n<td style=\"height:19px; vertical-align:bottom; width:59px\">\n<p>188<\/p>\n<\/td>\n<td style=\"height:19px; vertical-align:bottom; width:76px\">\n<p>1993<\/p>\n<\/td>\n<td style=\"height:19px; vertical-align:bottom; width:220px\">\n<p>KTE-Duna (HUN)<\/p>\n<\/td>\n<\/tr>\n<ul>\n<li>P\u00e4\u00e4valmentaja Lassi TUOVI<\/li>\n<li>Valmentaja Joonas IISALO<\/li>\n<li>Valmentaja Teemu RANNIKKO<\/li>\n<li>Valmentaja Samuli NIEMINEN<\/li>\n<\/ul>\n<p><strong>Unkari Susijengi\u00e4 vastaan perjantaina 28.11.<\/strong><\/p>\n<tr>\n<td style=\"height:19px; vertical-align:bottom; width:28px\">\n<p><strong>#<\/strong><\/p>\n<\/td>\n<td style=\"height:19px; vertical-align:bottom; width:184px\">\n<p><strong>Nimi<\/strong><\/p>\n<\/td>\n<td style=\"height:19px; vertical-align:bottom; width:59px\">\n<p><strong>Pituus<\/strong><\/p>\n<\/td>\n<td style=\"height:19px; vertical-align:bottom; width:76px\">\n<p><strong>Syntynyt<\/strong><\/p>\n<\/td>\n<td style=\"height:19px; vertical-align:bottom; width:168px\">\n<p><strong>Seura<\/strong><\/p>\n<\/td>\n<\/tr>\n<tr>\n<td style=\"height:19px; vertical-align:bottom; width:28px\">\n<p>1<\/p>\n<\/td>\n<td style=\"height:19px; vertical-align:bottom; width:184px\">\n<p>Botond CSEH<\/p>\n<\/td>\n<td style=\"height:19px; vertical-align:bottom; width:59px\">\n<p>190<\/p>\n<\/td>\n<td style=\"height:19px; vertical-align:bottom; width:76px\">\n<p>2000<\/p>\n<\/td>\n<td style=\"height:19px; vertical-align:bottom; width:168px\">\n<p>Szedeak (HUN)<\/p>\n<\/td>\n<\/tr>\n<tr>\n<td style=\"height:19px; vertical-align:bottom; width:28px\">\n<p>2<\/p>\n<\/td>\n<td style=\"height:19px; vertical-align:bottom; width:184px\">\n<p>Dez Andras TANOH<\/p>\n<\/td>\n<td style=\"height:19px; vertical-align:bottom; width:59px\">\n<p>190<\/p>\n<\/td>\n<td style=\"height:19px; vertical-align:bottom; width:76px\">\n<p>2002<\/p>\n<\/td>\n<td style=\"height:19px; vertical-align:bottom; width:168px\">\n<p>Falco (HUN)<\/p>\n<\/td>\n<\/tr>\n<tr>\n<td style=\"height:19px; vertical-align:bottom; width:28px\">\n<p>3<\/p>\n<\/td>\n<td style=\"height:19px; vertical-align:bottom; width:184px\">\n<p>Marcell PONGO<\/p>\n<\/td>\n<td style=\"height:19px; vertical-align:bottom; width:59px\">\n<p>193<\/p>\n<\/td>\n<td style=\"height:19px; vertical-align:bottom; width:76px\">\n<p>1997<\/p>\n<\/td>\n<td style=\"height:19px; vertical-align:bottom; width:168px\">\n<p>Alba Fehervar (HUN)<\/p>\n<\/td>\n<\/tr>\n<tr>\n<td style=\"height:19px; vertical-align:bottom; width:28px\">\n<p>5<\/p>\n<\/td>\n<td style=\"height:19px; vertical-align:bottom; width:184px\">\n<p>Tamas PALLAI<\/p>\n<\/td>\n<td style=\"height:19px; vertical-align:bottom; width:59px\">\n<p>193<\/p>\n<\/td>\n<td style=\"height:19px; vertical-align:bottom; width:76px\">\n<p>2001<\/p>\n<\/td>\n<td style=\"height:19px; vertical-align:bottom; width:168px\">\n<p>Szolnoki Olaj (HUN)<\/p>\n<\/td>\n<\/tr>\n<tr>\n<td style=\"height:19px; vertical-align:bottom; width:28px\">\n<p>9<\/p>\n<\/td>\n<td style=\"height:19px; vertical-align:bottom; width:184px\">\n<p>David VOJVODA<\/p>\n<\/td>\n<td style=\"height:19px; vertical-align:bottom; width:59px\">\n<p>196<\/p>\n<\/td>\n<td style=\"height:19px; vertical-align:bottom; width:76px\">\n<p>1990<\/p>\n<\/td>\n<td style=\"height:19px; vertical-align:bottom; width:168px\">\n<p>Alba Fehervar (HUN)<\/p>\n<\/td>\n<\/tr>\n<tr>\n<td style=\"height:19px; vertical-align:bottom; width:28px\">\n<p>11<\/p>\n<\/td>\n<td style=\"height:19px; vertical-align:bottom; width:184px\">\n<p>Szilard BENKE<\/p>\n<\/td>\n<td style=\"height:19px; vertical-align:bottom; width:59px\">\n<p>196<\/p>\n<\/td>\n<td style=\"height:19px; vertical-align:bottom; width:76px\">\n<p>1995<\/p>\n<\/td>\n<td style=\"height:19px; vertical-align:bottom; width:168px\">\n<p>Atomeromu (HUN)<\/p>\n<\/td>\n<\/tr>\n<tr>\n<td style=\"height:19px; vertical-align:bottom; width:28px\">\n<p>12<\/p>\n<\/td>\n<td style=\"height:19px; vertical-align:bottom; width:184px\">\n<p>Vincent VALERIO-BODON<\/p>\n<\/td>\n<td style=\"height:19px; vertical-align:bottom; width:59px\">\n<p>203<\/p>\n<\/td>\n<td style=\"height:19px; vertical-align:bottom; width:76px\">\n<p>2001<\/p>\n<\/td>\n<td style=\"height:19px; vertical-align:bottom; width:168px\">\n<p>Honved (HUN)<\/p>\n<\/td>\n<\/tr>\n<tr>\n<td style=\"height:19px; vertical-align:bottom; width:28px\">\n<p>16<\/p>\n<\/td>\n<td style=\"height:19px; vertical-align:bottom; width:184px\">\n<p>Gerg\u00f6 MELEG<\/p>\n<\/td>\n<td style=\"height:19px; vertical-align:bottom; width:59px\">\n<p>203<\/p>\n<\/td>\n<td style=\"height:19px; vertical-align:bottom; width:76px\">\n<p>2000<\/p>\n<\/td>\n<td style=\"height:19px; vertical-align:bottom; width:168px\">\n<p>Pecs (HUN)<\/p>\n<\/td>\n<\/tr>\n<tr>\n<td style=\"height:19px; vertical-align:bottom; width:28px\">\n<p>18<\/p>\n<\/td>\n<td style=\"height:19px; vertical-align:bottom; width:184px\">\n<p>Norbert LUKACS<\/p>\n<\/td>\n<td style=\"height:19px; vertical-align:bottom; width:59px\">\n<p>195<\/p>\n<\/td>\n<td style=\"height:19px; vertical-align:bottom; width:76px\">\n<p>2001<\/p>\n<\/td>\n<td style=\"height:19px; vertical-align:bottom; width:168px\">\n<p>Nizhni Novgorod (RUS)<\/p>\n<\/td>\n<\/tr>\n<tr>\n<td style=\"height:19px; vertical-align:bottom; width:28px\">\n<p>20<\/p>\n<\/td>\n<td style=\"height:19px; vertical-align:bottom; width:184px\">\n<p>Zoltan PERL<\/p>\n<\/td>\n<td style=\"height:19px; vertical-align:bottom; width:59px\">\n<p>195<\/p>\n<\/td>\n<td style=\"height:19px; vertical-align:bottom; width:76px\">\n<p>1995<\/p>\n<\/td>\n<td style=\"height:19px; vertical-align:bottom; width:168px\">\n<p>Falco (HUN)<\/p>\n<\/td>\n<\/tr>\n<tr>\n<td style=\"height:19px; vertical-align:bottom; width:28px\">\n<p>30<\/p>\n<\/td>\n<td style=\"height:19px; vertical-align:bottom; width:184px\">\n<p>Adam SOMOGYI<\/p>\n<\/td>\n<td style=\"height:19px; vertical-align:bottom; width:59px\">\n<p>190<\/p>\n<\/td>\n<td style=\"height:19px; vertical-align:bottom; width:76px\">\n<p>2000<\/p>\n<\/td>\n<td style=\"height:19px; vertical-align:bottom; width:168px\">\n<p>Szolnoki Olaj (HUN)<\/p>\n<\/td>\n<\/tr>\n<tr>\n<td style=\"height:19px; vertical-align:bottom; width:28px\">\n<p>35<\/p>\n<\/td>\n<td style=\"height:19px; vertical-align:bottom; width:184px\">\n<p>Nate REUVERS<\/p>\n<\/td>\n<td style=\"height:19px; vertical-align:bottom; width:59px\">\n<p>211<\/p>\n<\/td>\n<td style=\"height:19px; vertical-align:bottom; width:76px\">\n<p>1998<\/p>\n<\/td>\n<td style=\"height:19px; vertical-align:bottom; width:168px\">\n<p>Valencia (ESP)<\/p>\n<\/td>\n<\/tr>\n<ul>\n<li>P\u00e4\u00e4valmentaja Gasper OKORN<\/li>\n<li>Valmentaja Milos KONAKOV<\/li>\n<li>Valmentaja Balazs SABALI<\/li>\n<\/ul>\n","protected":false},"excerpt":{"rendered":"27.11.2025 18:45 Karsinnat kohti Qatarin vuoden 2027 MM-kisoja aloittavat Susijengi ja Unkari ovat nimenneet miehist\u00f6ns\u00e4 perjantai-illan karsintaotteluun Unkarin&hellip;\n","protected":false},"author":2,"featured_media":101749,"comment_status":"","ping_status":"","sticky":false,"template":"","format":"standard","meta":{"footnotes":""},"categories":[158],"tags":[33,31,30,159,32,160],"class_list":{"0":"post-101748","1":"post","2":"type-post","3":"status-publish","4":"format-standard","5":"has-post-thumbnail","7":"category-urheilu","8":"tag-fi","9":"tag-finland","10":"tag-finnish","11":"tag-sports","12":"tag-suomi","13":"tag-urheilu"},"share_on_mastodon":{"url":"https:\/\/pubeurope.com\/@fi\/115623458555461035","error":""},"_links":{"self":[{"href":"https:\/\/www.europesays.com\/fi\/wp-json\/wp\/v2\/posts\/101748","targetHints":{"allow":["GET"]}}],"collection":[{"href":"https:\/\/www.europesays.com\/fi\/wp-json\/wp\/v2\/posts"}],"about":[{"href":"https:\/\/www.europesays.com\/fi\/wp-json\/wp\/v2\/types\/post"}],"author":[{"embeddable":true,"href":"https:\/\/www.europesays.com\/fi\/wp-json\/wp\/v2\/users\/2"}],"replies":[{"embeddable":true,"href":"https:\/\/www.europesays.com\/fi\/wp-json\/wp\/v2\/comments?post=101748"}],"version-history":[{"count":0,"href":"https:\/\/www.europesays.com\/fi\/wp-json\/wp\/v2\/posts\/101748\/revisions"}],"wp:featuredmedia":[{"embeddable":true,"href":"https:\/\/www.europesays.com\/fi\/wp-json\/wp\/v2\/media\/101749"}],"wp:attachment":[{"href":"https:\/\/www.europesays.com\/fi\/wp-json\/wp\/v2\/media?parent=101748"}],"wp:term":[{"taxonomy":"category","embeddable":true,"href":"https:\/\/www.europesays.com\/fi\/wp-json\/wp\/v2\/categories?post=101748"},{"taxonomy":"post_tag","embeddable":true,"href":"https:\/\/www.europesays.com\/fi\/wp-json\/wp\/v2\/tags?post=101748"}],"curies":[{"name":"wp","href":"https:\/\/api.w.org\/{rel}","templated":true}]}}