{"id":101750,"date":"2025-11-27T20:05:09","date_gmt":"2025-11-27T20:05:09","guid":{"rendered":"https:\/\/www.europesays.com\/fi\/101750\/"},"modified":"2025-11-27T20:05:09","modified_gmt":"2025-11-27T20:05:09","slug":"tomi-kontio-voitti-lasten-ja-nuortenkirjallisuuden-finlandian","status":"publish","type":"post","link":"https:\/\/www.europesays.com\/fi\/101750\/","title":{"rendered":"Tomi Kontio voitti lasten- ja nuortenkirjallisuuden Finlandian"},"content":{"rendered":"<p>Tomi Kontio p\u00e4\u00e4tti jo kauan sitten, ett\u00e4 Koira nimelt\u00e4\u00e4n Kissa -sarja p\u00e4\u00e4ttyy kirjaan, joka kertoo surusta ja luopumisesta. Nyt kirja voitti lasten- ja nuortenkirjallisuuden Finlandia-palkinnon.<\/p>\n<p class=\"article-body mb-nof-24 px-nof-16\">STT<\/p>\n<p class=\"article-body mb-nof-24 px-nof-16\">\u201dH\u00e4n on syrj\u00e4ytynyt, koditon, mutta hyv\u00e4syd\u00e4minen ihminen. Mink\u00e4 takia sellaista ei hyv\u00e4ksyt\u00e4, vaikka h\u00e4n nyt k\u00e4ytt\u00e4\u00e4 alkoholia?\u201d<\/p>\n<p class=\"article-body mb-nof-24 px-nof-16\">N\u00e4in pohtii kirjailija ja runoilija <a class=\"article-personlink\" href=\"https:\/\/www.aamulehti.fi\/haku\/?query=Tomi%20Kontio\" rel=\"nofollow noopener\" target=\"_blank\">Tomi Kontio<\/a>, jonka Koira nimelt\u00e4\u00e4n Kissa -sarjan ensimm\u00e4inen osa ilmestyi vuonna 2015. Tuolloin osa lukijoista kyseenalaisti yhden p\u00e4\u00e4hahmoista, Kissan yst\u00e4v\u00e4n N\u00e4\u00e4d\u00e4n. N\u00e4\u00e4t\u00e4 kuvailee itse\u00e4\u00e4n \u201dpuliukoksi vaan ei puliveivariksi\u201d, ja v\u00e4lill\u00e4 h\u00e4n ottaa naukun povitaskunsa litte\u00e4st\u00e4 pullosta.<\/p>\n<p class=\"article-body mb-nof-24 px-nof-16\">P\u00e4\u00e4osin kirja sai hyv\u00e4n vastaanoton, mutta Kontion mukaan osa lasten vanhemmista oli sit\u00e4 mielt\u00e4, ettei lastenkirjassa saisi n\u00e4ytt\u00e4\u00e4 puliukkoa eik\u00e4 juomista saisi kuvata kuvituksessa.<\/p>\n<p class=\"article-body mb-nof-24 px-nof-16\">Jo tuolloin Kontio alkoi suunnitella sarjan viimeist\u00e4 kirjaa, joka huipentaa tarinan Kissasta ja N\u00e4\u00e4d\u00e4st\u00e4, syrj\u00e4ytyneest\u00e4 hahmosta t\u00e4ynn\u00e4 rakkautta. Nyt Koira nimelt\u00e4\u00e4n Kissa hyv\u00e4stelee yst\u00e4v\u00e4n on voittanut lasten- ja nuortenkirjallisuuden Finlandia-palkinnon. Kirjan on kustantanut Teos.<\/p>\n<p class=\"article-body mb-nof-24 px-nof-16\">Kirjassa N\u00e4\u00e4t\u00e4 kuolee. Kontio kertoo, ett\u00e4 halusi kirjoittaa surusta ja luopumisesta \u2013 mutta my\u00f6s yst\u00e4vien tuesta surun hetkell\u00e4.<\/p>\n<p class=\"article-body mb-nof-24 px-nof-16\">\u201dNe asiat ovat yhteisi\u00e4 niin lapsille kuin aikuisillekin, jokainen on kokenut jonkinlaisia menetyksi\u00e4 el\u00e4m\u00e4ss\u00e4.\u201d<\/p>\n<p>Syrj\u00e4ytyneill\u00e4 ei \u00e4\u00e4nt\u00e4<\/p>\n<p class=\"article-body mb-nof-24 px-nof-16\">Miksi Kontio halusi kirjansa yhdeksi p\u00e4\u00e4henkil\u00f6ksi puliukon?<\/p>\n<p class=\"article-body mb-nof-24 px-nof-16\">Kontio ajattelee, ett\u00e4 kirjallisuudessa ja erityisesti lastenkirjallisuudessa v\u00e4ltell\u00e4\u00e4n tiettyj\u00e4 aiheita. Ett\u00e4 on olemassa suuri syrj\u00e4ytyneiden ihmisjoukko, jolle ei oikeastaan ole \u00e4\u00e4nt\u00e4 kirjallisuudessa.<\/p>\n<p class=\"article-body mb-nof-24 px-nof-16\">H\u00e4n halusi n\u00e4ytt\u00e4\u00e4, ett\u00e4 my\u00f6s yhteiskunnan marginaalissa, syrj\u00e4ytyneiden ihmisten parissa koetaan samoja tunteita kuin muuallakin: rakkautta, kaipuuta, yst\u00e4v\u00e4nkaipuuta.<\/p>\n<p class=\"article-body mb-nof-24 px-nof-16\">\u201d(Halusin) sit\u00e4 kautta ik\u00e4\u00e4n kuin poistaa lukijalta sellaista luontaista halua sulkea silm\u00e4ns\u00e4 t\u00e4llaisilta asioilta, jotka ovat kuitenkin todellisia t\u00e4ss\u00e4 meid\u00e4nkin yhteiskunnassamme.\u201d<\/p>\n<p class=\"article-body mb-nof-24 px-nof-16\">N\u00e4\u00e4d\u00e4n viesti on: rakasta l\u00e4himm\u00e4ist\u00e4si.<\/p>\n<p class=\"article-body mb-nof-24 px-nof-16\">Koiralle nimelt\u00e4 Kissa N\u00e4\u00e4t\u00e4 on yst\u00e4v\u00e4, tuki ja turva, pyyteett\u00f6m\u00e4n rakkauden antaja.<\/p>\n<p class=\"article-body mb-nof-24 px-nof-16\">\u201dH\u00e4n silitt\u00e4\u00e4 minua niin hell\u00e4sti, ett\u00e4 tuntuu kuin liukenisin h\u00e4nen suureen k\u00e4teens\u00e4, karva karvalta asettuisin h\u00e4nen k\u00e4mmenens\u00e4 poimuihin, sulaisin osaksi h\u00e4nen suurta, suurta syd\u00e4nt\u00e4\u00e4n\u201d, kuvailee teoksen min\u00e4kertoja Kissa.<\/p>\n<p>It\u00e4-Helsinki l\u00e4sn\u00e4<\/p>\n<p class=\"article-body mb-nof-24 px-nof-16\">Koira nimelt\u00e4\u00e4n Kissa hyv\u00e4stelee yst\u00e4v\u00e4n sijoittuu It\u00e4-Helsinkiin, kuten p\u00e4\u00e4osa kirjasarjan kirjoista. It\u00e4helsinkil\u00e4inen Kontio kertoo halunneensa pit\u00e4\u00e4 kirjassa yll\u00e4 tietty\u00e4 kotiseutuhenke\u00e4. P\u00e4\u00e4hahmojen koti on Vuosaaressa hyl\u00e4tyss\u00e4 kontissa, ja p\u00e4\u00e4kaupungin it\u00e4osa on muutenkin l\u00e4sn\u00e4.<\/p>\n<p class=\"article-body mb-nof-24 px-nof-16\">Kirjan on kuvittanut kuvittaja ja graafinen suunnittelija <a class=\"article-personlink\" href=\"https:\/\/www.aamulehti.fi\/haku\/?query=Elina%20Warsta\" rel=\"nofollow noopener\" target=\"_blank\">Elina Warsta<\/a>, joka on kuvittanut my\u00f6s aiemmat sarjan kirjat. T\u00e4m\u00e4n kirjan kohdalla formaatti muuttui kuvakirjasta pienoisromaaniksi, jossa on kuvia.<\/p>\n<p class=\"article-body mb-nof-24 px-nof-16\">Kontio korostaa kuvituksen merkityst\u00e4 kirjasarjassa. H\u00e4nen mukaansa Warstan kuvissa n\u00e4kyy paljon sellaista, joka ei n\u00e4y tekstiss\u00e4.<\/p>\n<p class=\"article-body mb-nof-24 px-nof-16\">Kontio on voittanut lasten- ja nuortenkirjallisuuden Finlandia-palkinnon my\u00f6s vuonna 2000. Tuolloin palkinto kulki nimell\u00e4 Finlandia Junior. Voittajateos Kev\u00e4\u00e4ll\u00e4 is\u00e4 sai siivet oli Kontion ensimm\u00e4inen nuortenromaani.<\/p>\n<p class=\"article-body mb-nof-24 px-nof-16\">\u201dKun en tiennyt, miten ylip\u00e4\u00e4t\u00e4\u00e4n onnistun t\u00e4ss\u00e4 uudessa aluevaltauksessa, niin kyll\u00e4 se Finlandia-palkinto oli onnellinen asia.\u201d<\/p>\n","protected":false},"excerpt":{"rendered":"Tomi Kontio p\u00e4\u00e4tti jo kauan sitten, ett\u00e4 Koira nimelt\u00e4\u00e4n Kissa -sarja p\u00e4\u00e4ttyy kirjaan, joka kertoo surusta ja luopumisesta.&hellip;\n","protected":false},"author":2,"featured_media":101751,"comment_status":"","ping_status":"","sticky":false,"template":"","format":"standard","meta":{"footnotes":""},"categories":[130],"tags":[157,137,33,31,30,32,109],"class_list":{"0":"post-101750","1":"post","2":"type-post","3":"status-publish","4":"format-standard","5":"has-post-thumbnail","7":"category-viihde","8":"tag-aamulehti","9":"tag-entertainment","10":"tag-fi","11":"tag-finland","12":"tag-finnish","13":"tag-suomi","14":"tag-viihde"},"share_on_mastodon":{"url":"https:\/\/pubeurope.com\/@fi\/115623462410416255","error":""},"_links":{"self":[{"href":"https:\/\/www.europesays.com\/fi\/wp-json\/wp\/v2\/posts\/101750","targetHints":{"allow":["GET"]}}],"collection":[{"href":"https:\/\/www.europesays.com\/fi\/wp-json\/wp\/v2\/posts"}],"about":[{"href":"https:\/\/www.europesays.com\/fi\/wp-json\/wp\/v2\/types\/post"}],"author":[{"embeddable":true,"href":"https:\/\/www.europesays.com\/fi\/wp-json\/wp\/v2\/users\/2"}],"replies":[{"embeddable":true,"href":"https:\/\/www.europesays.com\/fi\/wp-json\/wp\/v2\/comments?post=101750"}],"version-history":[{"count":0,"href":"https:\/\/www.europesays.com\/fi\/wp-json\/wp\/v2\/posts\/101750\/revisions"}],"wp:featuredmedia":[{"embeddable":true,"href":"https:\/\/www.europesays.com\/fi\/wp-json\/wp\/v2\/media\/101751"}],"wp:attachment":[{"href":"https:\/\/www.europesays.com\/fi\/wp-json\/wp\/v2\/media?parent=101750"}],"wp:term":[{"taxonomy":"category","embeddable":true,"href":"https:\/\/www.europesays.com\/fi\/wp-json\/wp\/v2\/categories?post=101750"},{"taxonomy":"post_tag","embeddable":true,"href":"https:\/\/www.europesays.com\/fi\/wp-json\/wp\/v2\/tags?post=101750"}],"curies":[{"name":"wp","href":"https:\/\/api.w.org\/{rel}","templated":true}]}}