{"id":101777,"date":"2025-11-27T20:49:09","date_gmt":"2025-11-27T20:49:09","guid":{"rendered":"https:\/\/www.europesays.com\/fi\/101777\/"},"modified":"2025-11-27T20:49:09","modified_gmt":"2025-11-27T20:49:09","slug":"anssi-tikanmaen-pojat-jatkavat-isansa-musiikillista-perintoa","status":"publish","type":"post","link":"https:\/\/www.europesays.com\/fi\/101777\/","title":{"rendered":"Anssi Tikanm\u00e4en pojat jatkavat is\u00e4ns\u00e4 musiikillista perint\u00f6\u00e4"},"content":{"rendered":"<p>\n Pohjanmaan radalla jossain Sein\u00e4joen j\u00e4lkeen sai alkunsa Suomen myydyin teemallinen instrumentaalilevytys er\u00e4\u00e4n\u00e4 kev\u00e4isen\u00e4 aamuy\u00f6n\u00e4 50 vuotta sitten.\n <\/p>\n<p>\n Sibelius-Akatemiassa Helsingiss\u00e4 musiikinopettajan opintonsa aloittanut Anssi Tikanm\u00e4ki nuokkui tuolloin y\u00f6junassa kohti kotipit\u00e4j\u00e4\u00e4ns\u00e4 Haapaj\u00e4rve\u00e4.\n <\/p>\n<p class=\"article__paragraph\">\n Tikanm\u00e4ki vilkaisi junan ikkunasta avautuvaa latomaisemaa, jota nousevan auringon s\u00e4teet alkoivat valaista.<\/p>\n","protected":false},"excerpt":{"rendered":"Pohjanmaan radalla jossain Sein\u00e4joen j\u00e4lkeen sai alkunsa Suomen myydyin teemallinen instrumentaalilevytys er\u00e4\u00e4n\u00e4 kev\u00e4isen\u00e4 aamuy\u00f6n\u00e4 50 vuotta sitten. Sibelius-Akatemiassa&hellip;\n","protected":false},"author":2,"featured_media":101778,"comment_status":"","ping_status":"","sticky":false,"template":"","format":"standard","meta":{"footnotes":""},"categories":[136],"tags":[407,137,33,31,30,408,32,109],"class_list":{"0":"post-101777","1":"post","2":"type-post","3":"status-publish","4":"format-standard","5":"has-post-thumbnail","7":"category-julkkikset","8":"tag-celebrities","9":"tag-entertainment","10":"tag-fi","11":"tag-finland","12":"tag-finnish","13":"tag-julkkikset","14":"tag-suomi","15":"tag-viihde"},"share_on_mastodon":{"url":"https:\/\/pubeurope.com\/@fi\/115623635404457731","error":""},"_links":{"self":[{"href":"https:\/\/www.europesays.com\/fi\/wp-json\/wp\/v2\/posts\/101777","targetHints":{"allow":["GET"]}}],"collection":[{"href":"https:\/\/www.europesays.com\/fi\/wp-json\/wp\/v2\/posts"}],"about":[{"href":"https:\/\/www.europesays.com\/fi\/wp-json\/wp\/v2\/types\/post"}],"author":[{"embeddable":true,"href":"https:\/\/www.europesays.com\/fi\/wp-json\/wp\/v2\/users\/2"}],"replies":[{"embeddable":true,"href":"https:\/\/www.europesays.com\/fi\/wp-json\/wp\/v2\/comments?post=101777"}],"version-history":[{"count":0,"href":"https:\/\/www.europesays.com\/fi\/wp-json\/wp\/v2\/posts\/101777\/revisions"}],"wp:featuredmedia":[{"embeddable":true,"href":"https:\/\/www.europesays.com\/fi\/wp-json\/wp\/v2\/media\/101778"}],"wp:attachment":[{"href":"https:\/\/www.europesays.com\/fi\/wp-json\/wp\/v2\/media?parent=101777"}],"wp:term":[{"taxonomy":"category","embeddable":true,"href":"https:\/\/www.europesays.com\/fi\/wp-json\/wp\/v2\/categories?post=101777"},{"taxonomy":"post_tag","embeddable":true,"href":"https:\/\/www.europesays.com\/fi\/wp-json\/wp\/v2\/tags?post=101777"}],"curies":[{"name":"wp","href":"https:\/\/api.w.org\/{rel}","templated":true}]}}