{"id":101801,"date":"2025-11-27T21:23:11","date_gmt":"2025-11-27T21:23:11","guid":{"rendered":"https:\/\/www.europesays.com\/fi\/101801\/"},"modified":"2025-11-27T21:23:11","modified_gmt":"2025-11-27T21:23:11","slug":"kuningatar-silvia-hovi-ilmoitti-81-vuotiaan-vetaytyvan-kotilinnaansa-hetkeksi-lepaamaan-takana-kuukaudessa-nelja-matkaa-kolmella-mantereella","status":"publish","type":"post","link":"https:\/\/www.europesays.com\/fi\/101801\/","title":{"rendered":"Kuningatar Silvia: hovi ilmoitti 81-vuotiaan vet\u00e4ytyv\u00e4n kotilinnaansa hetkeksi lep\u00e4\u00e4m\u00e4\u00e4n, takana kuukaudessa nelj\u00e4 matkaa kolmella mantereella"},"content":{"rendered":"<p>            HANNE JUUL\n        <\/p>\n<p class=\"subtitle \">Intensiivinen matkajakso on vienyt i\u00e4kk\u00e4\u00e4n kuningattaren nelj\u00e4lle ulkomaanmatkalle alle nelj\u00e4ss\u00e4 viikossa.<\/p>\n<p class=\"article-content article-content-width !bg-background\"> 81-vuotias kuningatar  ty\u00f6skentelee edelleen ahkerasti. Erityisesti nelj\u00e4 viime viikkoa ovat olleet intensiivisi\u00e4 ja rankkoja.<\/p>\n<p class=\"font-weight-bold m-font-weight-bold article-content article-content-width !bg-background\">Arkistovideo: Silvia oli Kaarle Kustaan kanssa Suomessa kes\u00e4kuussa.<\/p>\n<p class=\"article-content article-content-width !bg-background\">Valtion paraatihenkil\u00f6k\u00e4\u00e4n ei selvi\u00e4 ty\u00f6matkoista ihan pelk\u00e4ll\u00e4 hymyll\u00e4 ja k\u00e4ttelyll\u00e4. Kuningattaren teht\u00e4v\u00e4t ovat diplomaattisten edustusvelvollisuuksien suorittamista tarkan minuuttiaikataulun pakottamana.<\/p>\n<p class=\"article-content article-content-width !bg-background\">Matkoja on kevent\u00e4nyt se, ett\u00e4 ne ovat olleet ty\u00f6n lis\u00e4ksi lomaa. Toisaalta ajallisesti matkoista on sen vuoksi tullut pidempi\u00e4.<\/p>\n<p>Mannertenv\u00e4linen ty\u00f6rupeama<\/p>\n<p class=\"article-content article-content-width !bg-background\"><a href=\"https:\/\/www.svenskdam.se\/kungligt\/hovets-besked-silvia-ska-aterhamta-sig-i-hemmet-pa-drottningholm\/11154656\" target=\"_blank\" rel=\"nofollow noopener\">Svensk Dam kertoo, ett\u00e4 26 p\u00e4iv\u00e4ss\u00e4 Silvia on vieraillut kolmella mantereella<\/a>, kun Etel\u00e4- ja Pohjois-Amerikka lasketaan erillisiksi. Aikaj\u00e4rjestyksess\u00e4 kuningatar on k\u00e4ynyt Englannissa, Brasiliassa, Kanadassa ja viimeksi Saksassa.<\/p>\n<p class=\"article-content article-content-width !bg-background\">Englannissa k\u00e4ytiin yksityisreissulla. Silvian sisko prinsessa  asuu siell\u00e4 keskiaikaisessa pikkukyl\u00e4ss\u00e4. Margaretha vietti 91-vuotisjuhliaan lokakuun lopussa.<\/p>\n<p>        <a itemprop=\"url\" href=\"https:\/\/www.seiska.fi\/kuninkaalliset\/laakarit-tekivat-paatoksen-kuningatar-silvian-selan-takana\/1983429\" rel=\"nofollow noopener\" target=\"_blank\"><\/p>\n<p>\nMurheellinen tieto\n<\/p>\n<p class=\"section-date\">\n        <strong class=\"article-section\" data-section=\"kuninkaalliset\"><br \/>\n            kuninkaalliset<br \/>\n        <\/strong><br \/>\n        4.11. 17:38\n    <\/p>\n<p>L\u00e4\u00e4k\u00e4rit tekiv\u00e4t p\u00e4\u00e4t\u00f6ksen kuningatar Silvian sel\u00e4n takana\n    <\/p>\n<p itemprop=\"description\" class=\"subtitle \">\n    G\u00f6teborgilainen klovniyhteis\u00f6 on raivoissaan p\u00e4\u00e4t\u00f6ksest\u00e4.\n<\/p>\n<p>        <\/a><\/p>\n<p class=\"article-content article-content-width !bg-background\">Vain kolme p\u00e4iv\u00e4\u00e4 my\u00f6hemmin oli edess\u00e4 matka Brasiliaan. Siell\u00e4 he viettiv\u00e4t vajaat kaksi viikkoa, kolme p\u00e4iv\u00e4\u00e4 Brasilian ilmastokokouksessa ja kymmenen p\u00e4iv\u00e4\u00e4 yksityisasioissa.<\/p>\n<p class=\"article-content article-content-width !bg-background\">Silvian \u00e4iti on brasilialainen, ja h\u00e4n on pit\u00e4nyt sukuunsa Atlantin tuolla puolen yhteytt\u00e4 mink\u00e4 teht\u00e4vilt\u00e4\u00e4n on voinut.<\/p>\n<p class=\"article-content article-content-width !bg-background\">Suoraan Brasiliasta matkattiin pohjoiseen, Kanadaan. Siell\u00e4 he olivat kolmip\u00e4iv\u00e4isell\u00e4, intensiivisell\u00e4 valtiovierailulla.<\/p>\n<p>        <a itemprop=\"url\" href=\"https:\/\/www.seiska.fi\/kuninkaalliset\/taman-vuoksi-kuningatar-silvia-lahti-yksityiselle-matkalle-toiselle-mantereelle\/1499259\" rel=\"nofollow noopener\" target=\"_blank\"><\/p>\n<p class=\"section-date\">\n        <strong class=\"article-section\" data-section=\"kuninkaalliset\"><br \/>\n            kuninkaalliset<br \/>\n        <\/strong><br \/>\n        25.10.2024 12:47\n    <\/p>\n<p>T\u00e4m\u00e4n vuoksi kuningatar Silvia l\u00e4hti yksityiselle matkalle toiselle mantereelle\n    <\/p>\n<p itemprop=\"description\" class=\"subtitle \">\n    My\u00f6s l\u00e4hes kaikki lapsenlapset ovat mukana Silvian pitk\u00e4ll\u00e4 privaattireissulla.\n<\/p>\n<p>        <\/a><\/p>\n<p class=\"article-content article-content-width !bg-background\">Kanada kuuluu Kansainyhteis\u00f6\u00f6n ja pit\u00e4\u00e4 siksi v\u00e4hint\u00e4\u00e4n muodollisista syist\u00e4 yhteytt\u00e4 Euroopan kuningashuoneisiin. Lis\u00e4ksi maan suhteet Eurooppaan ovat tiivistyneet Yhdysvaltojen presidentti Trumpin tullien ja maiden yhdist\u00e4mispuheiden vuoksi.<\/p>\n<p>Vain viikonloppu kotona<\/p>\n<p class=\"article-content article-content-width !bg-background\">Kotiin palattuaan kuningattarella oli j\u00e4lleen t\u00f6it\u00e4 Ruotsissa. Yksin t\u00e4n\u00e4 maanantaina oli useita virkateht\u00e4vi\u00e4 \u2013 kunnes j\u00e4lleen tiistaina oli aika matkustaa.<\/p>\n<p class=\"article-content article-content-width !bg-background\">Silvia otti tiistaina Saksassa vastaan arvostetun palkinnon ty\u00f6st\u00e4\u00e4n lasten oikeuksien eteen.<\/p>\n<p>        <a itemprop=\"url\" href=\"https:\/\/www.seiska.fi\/kuninkaalliset\/no-nyt-ruotsissa-nousee-oma-photoshop-kohu-kuka-kasitteli-kuninkaan-ja-kuningattaren-meksikon-kuvaa\/1298141\" rel=\"nofollow noopener\" target=\"_blank\"><\/p>\n<p class=\"section-date\">\n        <strong class=\"article-section\" data-section=\"kuninkaalliset\"><br \/>\n            kuninkaalliset<br \/>\n        <\/strong><br \/>\n        18.3.2024 07:36\n    <\/p>\n<p>No nyt! Ruotsissa nousee oma Photoshop-kohu &#8211; kuka k\u00e4sitteli kuninkaan ja kuningattaren Meksikon-kuvaa?\n    <\/p>\n<p itemprop=\"description\" class=\"subtitle \">\n    Vitsiniekat ep\u00e4ilev\u00e4t, ett\u00e4 Kaarle Kustaan takatukkaa photoshoppasi brittihovi.\n<\/p>\n<p>        <\/a><\/p>\n<p class=\"article-content article-content-width !bg-background\">H\u00e4n ei palannut suoraan Ruotsiin, vaan tapasi lyhyesti saksalaisis\u00e4n kautta olevia sukulaisiaan ja lapsuudessaan maassa saamiaan tuttaviaan.<\/p>\n<p class=\"article-content article-content-width !bg-background\">Hovi onkin ilmoittanut, ett\u00e4 Silvian loppuviikon kalenteri on nyt tyhjennetty.\u00a0Silvian sanotaan jo vet\u00e4ytyneen lep\u00e4\u00e4m\u00e4\u00e4n Drottningholmin linnaan yksityisasuntonsa suojiin.<\/p>\n<p>                <img decoding=\"async\" src=\"https:\/\/www.europesays.com\/fi\/wp-content\/uploads\/2025\/11\/2005498.webp\" width=\"576\" height=\"600\" alt=\"Kuningaspariskuntana paiskitaan hommia vailla el\u00e4ke-etuja. Silvian kalenteri on kuitenkin poikkeuksellisesti tyhjennetty loppuviikoksi toipumista varten intensiivisen reissujakson j\u00e4lkeen.\" loading=\"lazy\" \/>            <\/p>\n<p>\n            Kuningaspariskuntana paiskitaan hommia vailla el\u00e4ke-etuja. Silvian kalenteri on kuitenkin poikkeuksellisesti tyhjennetty loppuviikoksi toipumista varten intensiivisen reissujakson j\u00e4lkeen.<br \/>\n            Kungahuset\n        <\/p>\n<p class=\"article-content article-content-width !bg-background\">Drottningholm ei kuitenkaan ole kaukana Kuninkaanlinnasta Tukholman keskustasta. Ajomatka on vain varttitunnin mittainen.<\/p>\n<p class=\"article-content article-content-width !bg-background\">Se onkin n\u00e4pp\u00e4r\u00e4\u00e4, sill\u00e4 seuraavat edustusteht\u00e4v\u00e4t loppuviikon levon j\u00e4lkeen odottavat jo maanantaina. Edess\u00e4 on my\u00f6s joulusesongin edustuskiireet.<\/p>\n<p>        <a itemprop=\"url\" href=\"https:\/\/www.seiska.fi\/kuninkaalliset\/ruotsin-kuninkaan-ruokalistaan-saa-ainekset-tavallisesta-prismasta-paaruoka-aine-ei-yllata\/1258074\" rel=\"nofollow noopener\" target=\"_blank\"><\/p>\n<p class=\"section-date\">\n        <strong class=\"article-section\" data-section=\"kuninkaalliset\"><br \/>\n            kuninkaalliset<br \/>\n        <\/strong><br \/>\n        31.1.2024 20:00\n    <\/p>\n<p>Ruotsin kuninkaan ruokalistaan saa ainekset tavallisesta Prismasta &#8211; p\u00e4\u00e4ruoka-aine ei yll\u00e4t\u00e4\n    <\/p>\n<p itemprop=\"description\" class=\"subtitle \">\n    Kaarle Kustaan vieraana pist\u00e4ytyi tasavaltalaisvieras, Ranskan presidentti Emmanuel Macron.\n<\/p>\n<p>        <\/a><\/p>\n","protected":false},"excerpt":{"rendered":"HANNE JUUL Intensiivinen matkajakso on vienyt i\u00e4kk\u00e4\u00e4n kuningattaren nelj\u00e4lle ulkomaanmatkalle alle nelj\u00e4ss\u00e4 viikossa. 81-vuotias kuningatar ty\u00f6skentelee edelleen ahkerasti.&hellip;\n","protected":false},"author":2,"featured_media":101802,"comment_status":"","ping_status":"","sticky":false,"template":"","format":"standard","meta":{"footnotes":""},"categories":[130],"tags":[17620,137,33,31,30,10490,4399,4550,19473,212,4544,19472,2274,1723,7396,32,939,16018,109],"class_list":{"0":"post-101801","1":"post","2":"type-post","3":"status-publish","4":"format-standard","5":"has-post-thumbnail","7":"category-viihde","8":"tag-edustustehtavat","9":"tag-entertainment","10":"tag-fi","11":"tag-finland","12":"tag-finnish","13":"tag-ika","14":"tag-ikaantyminen","15":"tag-kuningatar-silvia","16":"tag-lepo","17":"tag-lifestyle","18":"tag-matka","19":"tag-matkalla","20":"tag-ruotsin-kuninkaalliset","21":"tag-suku","22":"tag-sukulaiset","23":"tag-suomi","24":"tag-tyo","25":"tag-tyomatka","26":"tag-viihde"},"share_on_mastodon":{"url":"https:\/\/pubeurope.com\/@fi\/115623769332045792","error":""},"_links":{"self":[{"href":"https:\/\/www.europesays.com\/fi\/wp-json\/wp\/v2\/posts\/101801","targetHints":{"allow":["GET"]}}],"collection":[{"href":"https:\/\/www.europesays.com\/fi\/wp-json\/wp\/v2\/posts"}],"about":[{"href":"https:\/\/www.europesays.com\/fi\/wp-json\/wp\/v2\/types\/post"}],"author":[{"embeddable":true,"href":"https:\/\/www.europesays.com\/fi\/wp-json\/wp\/v2\/users\/2"}],"replies":[{"embeddable":true,"href":"https:\/\/www.europesays.com\/fi\/wp-json\/wp\/v2\/comments?post=101801"}],"version-history":[{"count":0,"href":"https:\/\/www.europesays.com\/fi\/wp-json\/wp\/v2\/posts\/101801\/revisions"}],"wp:featuredmedia":[{"embeddable":true,"href":"https:\/\/www.europesays.com\/fi\/wp-json\/wp\/v2\/media\/101802"}],"wp:attachment":[{"href":"https:\/\/www.europesays.com\/fi\/wp-json\/wp\/v2\/media?parent=101801"}],"wp:term":[{"taxonomy":"category","embeddable":true,"href":"https:\/\/www.europesays.com\/fi\/wp-json\/wp\/v2\/categories?post=101801"},{"taxonomy":"post_tag","embeddable":true,"href":"https:\/\/www.europesays.com\/fi\/wp-json\/wp\/v2\/tags?post=101801"}],"curies":[{"name":"wp","href":"https:\/\/api.w.org\/{rel}","templated":true}]}}