{"id":101803,"date":"2025-11-27T21:26:23","date_gmt":"2025-11-27T21:26:23","guid":{"rendered":"https:\/\/www.europesays.com\/fi\/101803\/"},"modified":"2025-11-27T21:26:23","modified_gmt":"2025-11-27T21:26:23","slug":"kulttuurijohtaja-valittiin-yksimielisesti-ylivieskaan-virkaan-44-hakijaa","status":"publish","type":"post","link":"https:\/\/www.europesays.com\/fi\/101803\/","title":{"rendered":"Kulttuurijohtaja valittiin yksimielisesti Ylivieskaan, virkaan 44 hakijaa"},"content":{"rendered":"<p>                                  Paikallisuutiset<\/p>\n<p>      MAINOS &#8211; juttu jatkuu mainoksen j\u00e4lkeen<\/p>\n<p>      MAINOS &#8211; mainos p\u00e4\u00e4ttyy<\/p>\n<p class=\"ew-body\">Ylivieskan hyvinvointilautakunta valitsi keskiviikkona yksimielisesti uuden kulttuurijohtajan Ylivieskaan. Virkaan oli per\u00e4ti 44 hakijaa. Kelpoisuusvaatimukset t\u00e4ytt\u00e4neist\u00e4 hakijoista kutsuttiin loppusuoran haastatteluihin kuusi hakijaa.<\/p>\n<p>                <img loading=\"lazy\" decoding=\"async\" itemprop=\"contentUrl\" class=\"figure-img img-fluid\"  src=\"https:\/\/www.europesays.com\/fi\/wp-content\/uploads\/2025\/11\/1764278783_892_imengine.public.prod.hil.infomaker.io\" width=\"3525\" height=\"1983\"  alt=\"\"\/><\/p>\n<p>                                    Ylivieskan kaupungin hyvinvointilautakunta valitsi yksimielisesti kulttuurijohtajaksi viransijaisuutta hoitaneen tradenomi (YAMK) Terhi Saarimaan Ylivieskasta.<br \/>\n                                                    Kuva:<br \/>\n                    Viivi Mustiala<\/p>\n<p class=\"ew-body\">Virkaan valittiin tradenomi (YAMK) Terhi Saarimaa Ylivieskasta.<\/p>\n<p>  <a class=\"btn btn-secondary btn-icon-left\" href=\"#coral_thread\"><br \/>\n    <img decoding=\"async\" src=\"https:\/\/www.keskipohjanmaa.fi\/wp-content\/themes\/hilla-theme\/assets\/img\/icon_comments.svg\" alt=\"\"\/><br \/>\n    Kommentoi<br \/>\n    \u00a0(0)<br \/>\n  <\/a><\/p>\n<p>  <a class=\"btn btn-secondary btn-icon-left mailto_web\" href=\"mailto:toimitus@keskipohjanmaa.fi?subject=Ilmoita%20asiavirheest%C3%A4&amp;body=Otsikko%3A%20Kulttuurijohtaja%20valittiin%20yksimielisesti%20Ylivieskaan%2C%20virkaan%2044%20hakijaa%0AUuid%3A%20253cf3f1-2dd2-4ba8-9e2b-f97d0657b4fa%0AUrl%3A%20https%3A%2F%2Fwww.keskipohjanmaa.fi%2Fartikkeli%2Fkulttuurijohtaja-valittiin-yksimielisesti-ylivieskaan-virkaan-44-hakijaa\"><br \/>\n    <img decoding=\"async\" src=\"https:\/\/www.keskipohjanmaa.fi\/wp-content\/themes\/hilla-theme\/assets\/img\/icon_feedback.svg\" alt=\"\"\/><br \/>\n    Ilmoita asiavirheest\u00e4<br \/>\n  <\/a><\/p>\n","protected":false},"excerpt":{"rendered":"Paikallisuutiset MAINOS &#8211; juttu jatkuu mainoksen j\u00e4lkeen MAINOS &#8211; mainos p\u00e4\u00e4ttyy Ylivieskan hyvinvointilautakunta valitsi keskiviikkona yksimielisesti uuden kulttuurijohtajan&hellip;\n","protected":false},"author":2,"featured_media":101804,"comment_status":"","ping_status":"","sticky":false,"template":"","format":"standard","meta":{"footnotes":""},"categories":[76],"tags":[79,77,33,31,30,32,78],"class_list":{"0":"post-101803","1":"post","2":"type-post","3":"status-publish","4":"format-standard","5":"has-post-thumbnail","7":"category-talous","8":"tag-business","9":"tag-economy","10":"tag-fi","11":"tag-finland","12":"tag-finnish","13":"tag-suomi","14":"tag-talous"},"share_on_mastodon":{"url":"https:\/\/pubeurope.com\/@fi\/115623781130238052","error":""},"_links":{"self":[{"href":"https:\/\/www.europesays.com\/fi\/wp-json\/wp\/v2\/posts\/101803","targetHints":{"allow":["GET"]}}],"collection":[{"href":"https:\/\/www.europesays.com\/fi\/wp-json\/wp\/v2\/posts"}],"about":[{"href":"https:\/\/www.europesays.com\/fi\/wp-json\/wp\/v2\/types\/post"}],"author":[{"embeddable":true,"href":"https:\/\/www.europesays.com\/fi\/wp-json\/wp\/v2\/users\/2"}],"replies":[{"embeddable":true,"href":"https:\/\/www.europesays.com\/fi\/wp-json\/wp\/v2\/comments?post=101803"}],"version-history":[{"count":0,"href":"https:\/\/www.europesays.com\/fi\/wp-json\/wp\/v2\/posts\/101803\/revisions"}],"wp:featuredmedia":[{"embeddable":true,"href":"https:\/\/www.europesays.com\/fi\/wp-json\/wp\/v2\/media\/101804"}],"wp:attachment":[{"href":"https:\/\/www.europesays.com\/fi\/wp-json\/wp\/v2\/media?parent=101803"}],"wp:term":[{"taxonomy":"category","embeddable":true,"href":"https:\/\/www.europesays.com\/fi\/wp-json\/wp\/v2\/categories?post=101803"},{"taxonomy":"post_tag","embeddable":true,"href":"https:\/\/www.europesays.com\/fi\/wp-json\/wp\/v2\/tags?post=101803"}],"curies":[{"name":"wp","href":"https:\/\/api.w.org\/{rel}","templated":true}]}}