{"id":101811,"date":"2025-11-27T21:39:12","date_gmt":"2025-11-27T21:39:12","guid":{"rendered":"https:\/\/www.europesays.com\/fi\/101811\/"},"modified":"2025-11-27T21:39:12","modified_gmt":"2025-11-27T21:39:12","slug":"hajonnut-ilmanvaihtokone-korjattu-imatran-uimahalli-on-taas-auki-laitteet-alkavat-tulla-kayttoikansa-paahan-paikalliset","status":"publish","type":"post","link":"https:\/\/www.europesays.com\/fi\/101811\/","title":{"rendered":"Hajonnut ilmanvaihtokone korjattu, Imatran uimahalli on taas auki\u2009\u2013\u2009&#8221;Laitteet alkavat tulla k\u00e4ytt\u00f6ik\u00e4ns\u00e4 p\u00e4\u00e4h\u00e4n&#8221; | Paikalliset"},"content":{"rendered":"<p>Imatran uimahallin rikkoutunut ilmanvaihtokone on saatu korjattua.<\/p>\n<p>Uimahalli avattiin k\u00e4ytt\u00e4jille t\u00e4n\u00e4\u00e4n kello yhdeks\u00e4lt\u00e4. Halli suljettiin keskiviikkona alkuillasta ilmanvaihtokoneen hajoamisen takia.<\/p>\n<p>\u2013\u2009Konetta k\u00e4ytiin korjaamaan aamuseitsem\u00e4lt\u00e4. Varaosat sopivat, ja kone saatiin kuntoon. Kaikki on kunnossa, kertoo liikuntap\u00e4\u00e4llikk\u00f6 <strong>Henna Kaijanen<\/strong>.<\/p>\n<p>Kaijasen mukaan on hyvin harvinaista, ett\u00e4 uimahalli joudutaan sulkemaan laiterikon vuoksi.<\/p>\n<p>\u2013\u2009S\u00e4hk\u00f6katkon vuoksi uimahalli on jouduttu joskus sulkemaan hetkelliseksi. Laiterikkojen takia hallia ei ole suljettu todella pitk\u00e4\u00e4n aikaan, h\u00e4n sanoo.<\/p>\n<p>Uimahallin korjausvelka koskee Kaijasen mukaan my\u00f6s laitteita.<\/p>\n<p>\u2013\u2009T\u00e4t\u00e4 ei voitu ennustaa, mutta koneet ja laitteet alkavat tietysti tulla k\u00e4ytt\u00f6ik\u00e4ns\u00e4 p\u00e4\u00e4h\u00e4n. Kun laitteet ovat ik\u00e4\u00e4ntyneit\u00e4, n\u00e4in voi k\u00e4yd\u00e4, h\u00e4n toteaa.<\/p>\n<p>Urheilutalon k\u00e4ytt\u00f6\u00f6n uimahallin ilmanvaihtokoneen rikkoutumisella ei ollut vaikutusta.<\/p>\n<p>Juttua muokattu klo 9.30: P\u00e4ivitetty uutista kauttaaltaan.<\/p>\n<p><strong>Lue my\u00f6s<\/strong>: <a href=\"https:\/\/www.uutisvuoksi.fi\/paakirjoitus-mielipide\/9031513\" rel=\"nofollow noopener\" target=\"_blank\">Katukanava | Uimahalli on peruskorjattava nyt\u2009\u2013\u2009Talous ja toiminnallisuus turvaten<\/a><\/p>\n<p><strong>Lue my\u00f6s<\/strong>: <a href=\"https:\/\/www.uutisvuoksi.fi\/paikalliset\/9016543\" rel=\"nofollow noopener\" target=\"_blank\">Imatran uimahallia ja urheilutaloa ei suojella rakennusperint\u00f6lailla\u2009\u2013\u2009Rakennukset tulee suojella ensisijaisesti kaavoituksella<\/a><\/p>\n","protected":false},"excerpt":{"rendered":"Imatran uimahallin rikkoutunut ilmanvaihtokone on saatu korjattua. Uimahalli avattiin k\u00e4ytt\u00e4jille t\u00e4n\u00e4\u00e4n kello yhdeks\u00e4lt\u00e4. Halli suljettiin keskiviikkona alkuillasta ilmanvaihtokoneen&hellip;\n","protected":false},"author":2,"featured_media":101812,"comment_status":"","ping_status":"","sticky":false,"template":"","format":"standard","meta":{"footnotes":""},"categories":[86],"tags":[420,33,31,30,736,19474,421,32,91,92],"class_list":{"0":"post-101811","1":"post","2":"type-post","3":"status-publish","4":"format-standard","5":"has-post-thumbnail","7":"category-laitteet","8":"tag-equipment","9":"tag-fi","10":"tag-finland","11":"tag-finnish","12":"tag-imatra","13":"tag-imatran-uimahalli","14":"tag-laitteet","15":"tag-suomi","16":"tag-technology","17":"tag-teknologia"},"share_on_mastodon":{"url":"https:\/\/pubeurope.com\/@fi\/115623832061583301","error":""},"_links":{"self":[{"href":"https:\/\/www.europesays.com\/fi\/wp-json\/wp\/v2\/posts\/101811","targetHints":{"allow":["GET"]}}],"collection":[{"href":"https:\/\/www.europesays.com\/fi\/wp-json\/wp\/v2\/posts"}],"about":[{"href":"https:\/\/www.europesays.com\/fi\/wp-json\/wp\/v2\/types\/post"}],"author":[{"embeddable":true,"href":"https:\/\/www.europesays.com\/fi\/wp-json\/wp\/v2\/users\/2"}],"replies":[{"embeddable":true,"href":"https:\/\/www.europesays.com\/fi\/wp-json\/wp\/v2\/comments?post=101811"}],"version-history":[{"count":0,"href":"https:\/\/www.europesays.com\/fi\/wp-json\/wp\/v2\/posts\/101811\/revisions"}],"wp:featuredmedia":[{"embeddable":true,"href":"https:\/\/www.europesays.com\/fi\/wp-json\/wp\/v2\/media\/101812"}],"wp:attachment":[{"href":"https:\/\/www.europesays.com\/fi\/wp-json\/wp\/v2\/media?parent=101811"}],"wp:term":[{"taxonomy":"category","embeddable":true,"href":"https:\/\/www.europesays.com\/fi\/wp-json\/wp\/v2\/categories?post=101811"},{"taxonomy":"post_tag","embeddable":true,"href":"https:\/\/www.europesays.com\/fi\/wp-json\/wp\/v2\/tags?post=101811"}],"curies":[{"name":"wp","href":"https:\/\/api.w.org\/{rel}","templated":true}]}}