{"id":101821,"date":"2025-11-27T21:49:09","date_gmt":"2025-11-27T21:49:09","guid":{"rendered":"https:\/\/www.europesays.com\/fi\/101821\/"},"modified":"2025-11-27T21:49:09","modified_gmt":"2025-11-27T21:49:09","slug":"podcast-sointu-borgin-aamu-alkaa-aina-samalla-teolla-oikeasti","status":"publish","type":"post","link":"https:\/\/www.europesays.com\/fi\/101821\/","title":{"rendered":"Podcast: Sointu Borgin aamu alkaa aina samalla teolla \u2013 \u201dOikeasti?\u201d"},"content":{"rendered":"<p>Yritt\u00e4j\u00e4 <strong>Sointu Borg<\/strong> kertoo Sana on vapaa -podcastissa rallikartturi <strong>Janni Hussille<\/strong> k\u00e4rsiv\u00e4ns\u00e4 ahdistuksesta. Se n\u00e4kyy muun muassa aamuisessa teossa. <\/p>\n<p>Lue my\u00f6s: <a href=\"https:\/\/www.como.fi\/uutiset\/topi-ja-sointu-borg-saavat-yhteisen-realitysarjan\/\" title=\"Topi ja Sointu Borg saavat yhteisen realitysarjan\" class=\"underline-custom !font-montserrat !font-bold !underline-offset-4 !decoration-4 !decoration-red-600 !text-md\" rel=\"nofollow noopener\" target=\"_blank\">Topi ja Sointu Borg saavat yhteisen realitysarjan<\/a><\/p>\n<p>\u2013 Joka aamu, kun her\u00e4\u00e4n Tomin vierest\u00e4, m\u00e4 katson aina ekana, ett\u00e4 Tomi hengitt\u00e4\u00e4.<\/p>\n<p>Sointu tarkoittaa t\u00e4ll\u00e4 kihlattuaan <strong>Tomi Solosta<\/strong>. Pari on jo alkanut suunnitella h\u00e4it\u00e4\u00e4n. Janni kummastelee t\u00e4t\u00e4 Sointun aamuista tapaa.<\/p>\n<p>\u2013 Oikeasti? Voi, kommentoi Janni, jonka \u00e4\u00e4nens\u00e4vyst\u00e4 voi huomata samalla my\u00f6t\u00e4tuntoisen s\u00e4vyn.<\/p>\n<p>Sointu selitt\u00e4\u00e4 tekoaan viel\u00e4 lis\u00e4\u00e4.<\/p>\n<p>Lue my\u00f6s: <a href=\"https:\/\/www.como.fi\/uutiset\/sointu-borg-esittaa-kysymyksia-oon-nynny\/\" title=\"Sointu Borg esitt\u00e4\u00e4 kysymyksi\u00e4 \u2013 \u201dOon nynny\u201d\" class=\"underline-custom !font-montserrat !font-bold !underline-offset-4 !decoration-4 !decoration-red-600 !text-md\" rel=\"nofollow noopener\" target=\"_blank\">Sointu Borg esitt\u00e4\u00e4 kysymyksi\u00e4 \u2013 \u201dOon nynny\u201d<\/a><\/p>\n<p>\u2013 N\u00e4m\u00e4 ovat ahdistuksen oireita. Jos Tomi pelaa pelej\u00e4 ja h\u00e4nest\u00e4 ei kuulu mit\u00e4\u00e4n, niin mulle saattaa tulla t\u00e4llaisia ajatuksia, ett\u00e4 h\u00e4n on vaikka tukehtunut tai sill\u00e4 on sairauskohtaus. N\u00e4m\u00e4 liittyy ahdistukseen. Olen tottunut t\u00e4h\u00e4n, paljastaa Sointu.<\/p>\n<p>Sointu ei haluaisi siirt\u00e4\u00e4 ahdistustaan lapseensa<\/p>\n<p>Sointulla on ollut mieless\u00e4 ahdistukseensa liittyen my\u00f6s \u00e4itiys. H\u00e4n ei halua siirt\u00e4\u00e4 ahdistustaan lapseensa. H\u00e4n ei ole viel\u00e4 \u00e4iti, mutta on selke\u00e4sti miettinyt voisiko tulevaisuudessa olla. <\/p>\n<p>\u2013 Mun tulee olla tosi varovainen, ett\u00e4 en n\u00e4yt\u00e4 sit\u00e4 ahdistusta lapselle, koska sitten m\u00e4 signaloin h\u00e4nelle, ett\u00e4 maailma on vaarallinen paikka, kertoo Sointu.<\/p>\n<p>Sointu ja Janni lukivat podcastin jaksossa my\u00f6s kuulijoiden l\u00e4hett\u00e4mi\u00e4 syit\u00e4 sille, miksi he katkaisivat v\u00e4lit vanhempiinsa tai harkitsevat asiaa.<\/p>\n<p>Sana on vapaa -podcastia voi kuunnella <a href=\"https:\/\/podimo.com\/fi\/shows\/sana-on-vapaa\" target=\"_blank\" rel=\"noreferrer noopener nofollow\">Podimossa<\/a>.<\/p>\n<p>Lue my\u00f6s: <a href=\"https:\/\/www.como.fi\/tilaa-comon-uutiskirje\/\" title=\"Tilaa Comon uutiskirje ja tied\u00e4t mist\u00e4 kahvitauolla puhutaan! Nappaa kotimaan tv-vinkit ja puheenaiheet suoraan s\u00e4hk\u00f6postiin t\u00e4st\u00e4.\" class=\"underline-custom !font-montserrat !font-bold !underline-offset-4 !decoration-4 !decoration-red-600 !text-md\" rel=\"nofollow noopener\" target=\"_blank\">Tilaa Comon uutiskirje ja tied\u00e4t mist\u00e4 kahvitauolla puhutaan! Nappaa kotimaan tv-vinkit ja puheenaiheet suoraan s\u00e4hk\u00f6postiin t\u00e4st\u00e4.<\/a><\/p>\n","protected":false},"excerpt":{"rendered":"Yritt\u00e4j\u00e4 Sointu Borg kertoo Sana on vapaa -podcastissa rallikartturi Janni Hussille k\u00e4rsiv\u00e4ns\u00e4 ahdistuksesta. Se n\u00e4kyy muun muassa aamuisessa&hellip;\n","protected":false},"author":2,"featured_media":101822,"comment_status":"","ping_status":"","sticky":false,"template":"","format":"standard","meta":{"footnotes":""},"categories":[130],"tags":[137,33,31,30,2680,32,109],"class_list":{"0":"post-101821","1":"post","2":"type-post","3":"status-publish","4":"format-standard","5":"has-post-thumbnail","7":"category-viihde","8":"tag-entertainment","9":"tag-fi","10":"tag-finland","11":"tag-finnish","12":"tag-sointu-borg","13":"tag-suomi","14":"tag-viihde"},"share_on_mastodon":{"url":"https:\/\/pubeurope.com\/@fi\/115623871347031661","error":""},"_links":{"self":[{"href":"https:\/\/www.europesays.com\/fi\/wp-json\/wp\/v2\/posts\/101821","targetHints":{"allow":["GET"]}}],"collection":[{"href":"https:\/\/www.europesays.com\/fi\/wp-json\/wp\/v2\/posts"}],"about":[{"href":"https:\/\/www.europesays.com\/fi\/wp-json\/wp\/v2\/types\/post"}],"author":[{"embeddable":true,"href":"https:\/\/www.europesays.com\/fi\/wp-json\/wp\/v2\/users\/2"}],"replies":[{"embeddable":true,"href":"https:\/\/www.europesays.com\/fi\/wp-json\/wp\/v2\/comments?post=101821"}],"version-history":[{"count":0,"href":"https:\/\/www.europesays.com\/fi\/wp-json\/wp\/v2\/posts\/101821\/revisions"}],"wp:featuredmedia":[{"embeddable":true,"href":"https:\/\/www.europesays.com\/fi\/wp-json\/wp\/v2\/media\/101822"}],"wp:attachment":[{"href":"https:\/\/www.europesays.com\/fi\/wp-json\/wp\/v2\/media?parent=101821"}],"wp:term":[{"taxonomy":"category","embeddable":true,"href":"https:\/\/www.europesays.com\/fi\/wp-json\/wp\/v2\/categories?post=101821"},{"taxonomy":"post_tag","embeddable":true,"href":"https:\/\/www.europesays.com\/fi\/wp-json\/wp\/v2\/tags?post=101821"}],"curies":[{"name":"wp","href":"https:\/\/api.w.org\/{rel}","templated":true}]}}