{"id":101827,"date":"2025-11-27T21:54:09","date_gmt":"2025-11-27T21:54:09","guid":{"rendered":"https:\/\/www.europesays.com\/fi\/101827\/"},"modified":"2025-11-27T21:54:09","modified_gmt":"2025-11-27T21:54:09","slug":"lapin-ely-keskuksen-korvaavan-elinvoimakeskuksen-johtoon-jaakko-ylinampa","status":"publish","type":"post","link":"https:\/\/www.europesays.com\/fi\/101827\/","title":{"rendered":"Lapin ely-keskuksen korvaavan elinvoimakeskuksen johtoon Jaakko Ylinampa"},"content":{"rendered":"<p>    <img decoding=\"async\" class=\"responsive-image article__image-image lozad\"   src=\"https:\/\/www.europesays.com\/fi\/wp-content\/uploads\/2025\/11\/NW9s7qldZ7FZgC70k9V3e7mWWG3HvHAhPWZHhPwcnsCVhTIwJjYnwBkdHqVh89-hU4g7SNdv5MiCN_-aDsYGVdVKsQdDPvIOlaBc.jpeg\" alt=\"Lapin elinvoimakeskuksen ylijohtajaksi valittu Jaakko Ylinampa aloittaa joulukuussa 2025 elinvoimakeskuksen valmisteluteht\u00e4viss\u00e4 ty\u00f6- ja elinkeinoministeri\u00f6ss\u00e4.\"\/><\/p>\n<p>\n                Lapin elinvoimakeskuksen ylijohtajaksi valittu Jaakko Ylinampa aloittaa joulukuussa 2025 elinvoimakeskuksen valmisteluteht\u00e4viss\u00e4 ty\u00f6- ja elinkeinoministeri\u00f6ss\u00e4.\n              <\/p>\n<p class=\"article__paragraph\">\n      Valtioneuvosto nimitti torstaina kymmenelle elinvoimakeskukselle ylijohtajat vuosille 2026\u20132030. Lapin elinvoimakeskuksen ylijohtajaksi nimitettiin diplomi-insin\u00f6\u00f6ri Jaakko Ylinampa.\n    <\/p>\n<p class=\"article__paragraph\">\n      Ylinampa on toiminut Lapin ely-keskuksen ylijohtajana vuodesta 2017 l\u00e4htien. Lis\u00e4ksi h\u00e4n on ty\u00f6skennellyt Lapin ely-keskuksen liikenne ja infrastruktuuri -vastuualueen johtajana vuodesta 2012.\n    <\/p>\n<p class=\"article__paragraph\">\n      Vuoden 2026 alusta Suomeen perustetaan kymmenen alueellista elinvoimakeskusta nykyisten 15 ely-keskuksen pohjalta. Samalla perustetaan valtakunnallinen lupa- ja valvontavirasto. Uudistus perustuu p\u00e4\u00e4ministeri Petteri Orpon hallitusohjelmaan.\n    <\/p>\n<p class=\"article__paragraph\">\n      Elinvoimakeskus hoitaa elinkeinoihin, osaamiseen ja maahanmuuttoon, liikenteeseen, vesitalouteen, maaseutuun, kalatalouteen, ymp\u00e4rist\u00f6\u00f6n sek\u00e4 rahoitukseen, kehitt\u00e4miseen ja seurantaan liittyvi\u00e4 valtion aluehallinnon teht\u00e4vi\u00e4.\n    <\/p>\n","protected":false},"excerpt":{"rendered":"Lapin elinvoimakeskuksen ylijohtajaksi valittu Jaakko Ylinampa aloittaa joulukuussa 2025 elinvoimakeskuksen valmisteluteht\u00e4viss\u00e4 ty\u00f6- ja elinkeinoministeri\u00f6ss\u00e4. Valtioneuvosto nimitti torstaina kymmenelle&hellip;\n","protected":false},"author":2,"featured_media":101828,"comment_status":"","ping_status":"","sticky":false,"template":"","format":"standard","meta":{"footnotes":""},"categories":[12],"tags":[22,23,26,27,33,31,30,17,24,25,28,29,15,18,21,32,19,20,16],"class_list":{"0":"post-101827","1":"post","2":"type-post","3":"status-publish","4":"format-standard","5":"has-post-thumbnail","7":"category-suomi","8":"tag-breaking-news","9":"tag-breakingnews","10":"tag-featured-news","11":"tag-featurednews","12":"tag-fi","13":"tag-finland","14":"tag-finnish","15":"tag-headlines","16":"tag-latest-news","17":"tag-latestnews","18":"tag-main-news","19":"tag-mainnews","20":"tag-news","21":"tag-otsikot","22":"tag-paauutiset","23":"tag-suomi","24":"tag-top-stories","25":"tag-topstories","26":"tag-uutiset"},"share_on_mastodon":{"url":"https:\/\/pubeurope.com\/@fi\/115623891122763412","error":""},"_links":{"self":[{"href":"https:\/\/www.europesays.com\/fi\/wp-json\/wp\/v2\/posts\/101827","targetHints":{"allow":["GET"]}}],"collection":[{"href":"https:\/\/www.europesays.com\/fi\/wp-json\/wp\/v2\/posts"}],"about":[{"href":"https:\/\/www.europesays.com\/fi\/wp-json\/wp\/v2\/types\/post"}],"author":[{"embeddable":true,"href":"https:\/\/www.europesays.com\/fi\/wp-json\/wp\/v2\/users\/2"}],"replies":[{"embeddable":true,"href":"https:\/\/www.europesays.com\/fi\/wp-json\/wp\/v2\/comments?post=101827"}],"version-history":[{"count":0,"href":"https:\/\/www.europesays.com\/fi\/wp-json\/wp\/v2\/posts\/101827\/revisions"}],"wp:featuredmedia":[{"embeddable":true,"href":"https:\/\/www.europesays.com\/fi\/wp-json\/wp\/v2\/media\/101828"}],"wp:attachment":[{"href":"https:\/\/www.europesays.com\/fi\/wp-json\/wp\/v2\/media?parent=101827"}],"wp:term":[{"taxonomy":"category","embeddable":true,"href":"https:\/\/www.europesays.com\/fi\/wp-json\/wp\/v2\/categories?post=101827"},{"taxonomy":"post_tag","embeddable":true,"href":"https:\/\/www.europesays.com\/fi\/wp-json\/wp\/v2\/tags?post=101827"}],"curies":[{"name":"wp","href":"https:\/\/api.w.org\/{rel}","templated":true}]}}