{"id":101832,"date":"2025-11-27T22:07:13","date_gmt":"2025-11-27T22:07:13","guid":{"rendered":"https:\/\/www.europesays.com\/fi\/101832\/"},"modified":"2025-11-27T22:07:13","modified_gmt":"2025-11-27T22:07:13","slug":"fargo-tahti-kertoi-elamansa-muuttaneesta-vuosikymmenesta-jouduin-luopumaan-paljosta","status":"publish","type":"post","link":"https:\/\/www.europesays.com\/fi\/101832\/","title":{"rendered":"Fargo-t\u00e4hti kertoi el\u00e4m\u00e4ns\u00e4 muuttaneesta vuosikymmenest\u00e4 \u2013 \u201dJouduin luopumaan paljosta\u201d"},"content":{"rendered":"<p><strong>William H. Macy<\/strong> (Fargo, Magnolia, Boogie Nights) kertoi tuoreessa haastattelussa, ett\u00e4 joutui uhraamaan paljon H\u00e4vytt\u00f6m\u00e4t -sarjan eteen.<\/p>\n<p>Toisaalta sarja my\u00f6s opetti paljon.<\/p>\n<p>\u201dMinulla ei ole juuri el\u00e4m\u00e4\u00e4, joten el\u00e4m\u00e4ni muuttaneet asiat liittyv\u00e4t uraani. Sellainen oli tietysti Fargo\u201d.<\/p>\n<p>\u201dEr\u00e4st\u00e4 sarjaa tein 11 vuoden ja 10\u00a0000 tunnin ajan. Luovuin sen vuoksi monista jutuista. Se riisui minut. Opin olemaan mukavampi ja hallitsemaan aikaani\u201d, Macy kertoi.<\/p>\n<p>Lue my\u00f6s: <a href=\"https:\/\/www.episodi.fi\/uutiset\/uusi-juokse-tai-kuole-sai-todella-kovan-nayttelijalisayksen-tuttu-fargosta-ja-boogie-nightsista\/\" title=\"Uusi Juokse tai kuole sai todella kovan n\u00e4yttelij\u00e4lis\u00e4yksen \u2013 tuttu Fargosta ja Boogie Nightsista\" class=\"underline-custom !font-montserrat !font-bold !underline-offset-4 !decoration-4 !decoration-episodi-blue !text-md\" rel=\"nofollow noopener\" target=\"_blank\">Uusi Juokse tai kuole sai todella kovan n\u00e4yttelij\u00e4lis\u00e4yksen \u2013 tuttu Fargosta ja Boogie Nightsista<\/a><\/p>\n<p>Lue my\u00f6s: <a href=\"https:\/\/www.episodi.fi\/uutiset\/fargo-miehen-odotettu-alien-earth-sarja-sai-uuden-trailerin\/\" title=\"Fargo-miehen odotettu Alien: Earth -sarja sai uuden trailerin\" class=\"underline-custom !font-montserrat !font-bold !underline-offset-4 !decoration-4 !decoration-episodi-blue !text-md\" rel=\"nofollow noopener\" target=\"_blank\">Fargo-miehen odotettu Alien: Earth -sarja sai uuden trailerin<\/a><\/p>\n<p>Lue my\u00f6s: <a href=\"https:\/\/www.episodi.fi\/uutiset\/hurja-kertomus-vuoden-1996-klassikkoelokuvan-kulisseista-jos-en-saa-roolia-ammun-koirasi\/\" title=\"Hurja kertomus vuoden 1996 klassikkoelokuvan kulisseista \u2013 \u201dJos en saa roolia, ammun koirasi\u201d\" class=\"underline-custom !font-montserrat !font-bold !underline-offset-4 !decoration-4 !decoration-episodi-blue !text-md\" rel=\"nofollow noopener\" target=\"_blank\">Hurja kertomus vuoden 1996 klassikkoelokuvan kulisseista \u2013 \u201dJos en saa roolia, ammun koirasi\u201d<\/a><\/p>\n<p>Kyseess\u00e4 oli draamakomedia H\u00e4vytt\u00f6m\u00e4t 2011\u20132021. Sarja kertoo k\u00f6yh\u00e4st\u00e4 ja haasteellisesta perheest\u00e4 Chicagossa.<\/p>\n<p>Macy esitt\u00e4\u00e4 alkoholisoitunutta ja ty\u00f6t\u00f6nt\u00e4 is\u00e4\u00e4, joka laiminl\u00f6i lapsiaan. \u00c4iti sairastaa kaksisuuntaista mielialah\u00e4iri\u00f6t\u00e4 ja on hyl\u00e4nnyt perheen. Vanhin lapsi yritt\u00e4\u00e4 pit\u00e4\u00e4 pakettia kasassa tehtailemalla huijauksia ja pikkurikoksia.<\/p>\n<p>Suomessa H\u00e4vytt\u00f6m\u00e4t-sarja n\u00e4kyy HBO Maxilla, Prime Videossa ja Netflixill\u00e4.<\/p>\n<p><img loading=\"lazy\" decoding=\"async\" alt=\"YouTube video\" width=\"480\" height=\"360\" data-pin-nopin=\"true\" nopin=\"nopin\" class=\"perfmatters-lazy\" src=\"https:\/\/www.europesays.com\/fi\/wp-content\/uploads\/2025\/11\/1764281233_578_hqdefault.jpg\"\/><\/p>\n<p>L\u00e4hde: <a href=\"https:\/\/collider.com\/shameless-william-h-macy-comments-train-dreams-kerry-condon-interview\/\" rel=\"nofollow noopener\" target=\"_blank\">Collider<\/a><\/p>\n<p>Lue my\u00f6s: <a href=\"https:\/\/www.episodi.fi\/uutiskirje\/?uutiskirjemainos=tekstilinkkimainos\" title=\"Tilaa Episodin uutiskirje ja voit voittaa leffalippuja! Nappaa tv-vinkit suoraan s\u00e4hk\u00f6postiin t\u00e4st\u00e4.\" class=\"underline-custom !font-montserrat !font-bold !underline-offset-4 !decoration-4 !decoration-episodi-blue !text-md\" rel=\"nofollow noopener\" target=\"_blank\">Tilaa Episodin uutiskirje ja voit voittaa leffalippuja! Nappaa katseluvinkit suoraan s\u00e4hk\u00f6postiin t\u00e4st\u00e4.<\/a><\/p>\n<p>\t\t\t<a href=\"https:\/\/www.facebook.com\/sharer\/sharer.php?u=https:\/\/www.episodi.fi\/uutiset\/fargo-tahti-kertoi-elamansa-muuttaneesta-vuosikymmenesta-jouduin-luopumaan-paljosta\/\" target=\"_blank\" class=\"block px-4 py-2 text-sm text-gray-800 border-b hover:bg-gray-200\" rel=\"nofollow noopener\"><\/p>\n<p>\t\t\t\tFacebook<br \/>\n\t\t\t<\/a><br \/>\n\t\t\t<a href=\"https:\/\/twitter.com\/intent\/tweet?text=https:\/\/www.episodi.fi\/uutiset\/fargo-tahti-kertoi-elamansa-muuttaneesta-vuosikymmenesta-jouduin-luopumaan-paljosta\/\" target=\"_blank\" class=\"block px-4 py-2 text-sm text-gray-800 border-b hover:bg-gray-200\" rel=\"nofollow noopener\"><\/p>\n<p>\t\t\t\tTwitter<br \/>\n\t\t\t<\/a><br \/>\n\t\t\t<a href=\"mailto:?subject=Fargo-t\u00e4hti kertoi el\u00e4m\u00e4ns\u00e4 muuttaneesta vuosikymmenest\u00e4 \u2013 \u201dJouduin luopumaan paljosta\u201d&amp;body=https:\/\/www.episodi.fi\/uutiset\/fargo-tahti-kertoi-elamansa-muuttaneesta-vuosikymmenesta-jouduin-luopumaan-paljosta\/\" target=\"_blank\" class=\"block px-4 py-2 text-sm text-gray-800 border-b hover:bg-gray-200\"><\/p>\n<p>\t\t\t\tS\u00e4hk\u00f6posti<\/a><\/p>\n<p>\t\t\t\t<script async src=\"https:\/\/platform.twitter.com\/widgets.js\" charset=\"utf-8\"><\/script><\/p>\n","protected":false},"excerpt":{"rendered":"William H. Macy (Fargo, Magnolia, Boogie Nights) kertoi tuoreessa haastattelussa, ett\u00e4 joutui uhraamaan paljon H\u00e4vytt\u00f6m\u00e4t -sarjan eteen. Toisaalta&hellip;\n","protected":false},"author":2,"featured_media":101833,"comment_status":"","ping_status":"","sticky":false,"template":"","format":"standard","meta":{"footnotes":""},"categories":[136],"tags":[407,137,33,31,30,19475,408,32,109,17936],"class_list":{"0":"post-101832","1":"post","2":"type-post","3":"status-publish","4":"format-standard","5":"has-post-thumbnail","7":"category-julkkikset","8":"tag-celebrities","9":"tag-entertainment","10":"tag-fi","11":"tag-finland","12":"tag-finnish","13":"tag-havyttomat","14":"tag-julkkikset","15":"tag-suomi","16":"tag-viihde","17":"tag-william-h-macy"},"share_on_mastodon":{"url":"https:\/\/pubeurope.com\/@fi\/115623942289101128","error":""},"_links":{"self":[{"href":"https:\/\/www.europesays.com\/fi\/wp-json\/wp\/v2\/posts\/101832","targetHints":{"allow":["GET"]}}],"collection":[{"href":"https:\/\/www.europesays.com\/fi\/wp-json\/wp\/v2\/posts"}],"about":[{"href":"https:\/\/www.europesays.com\/fi\/wp-json\/wp\/v2\/types\/post"}],"author":[{"embeddable":true,"href":"https:\/\/www.europesays.com\/fi\/wp-json\/wp\/v2\/users\/2"}],"replies":[{"embeddable":true,"href":"https:\/\/www.europesays.com\/fi\/wp-json\/wp\/v2\/comments?post=101832"}],"version-history":[{"count":0,"href":"https:\/\/www.europesays.com\/fi\/wp-json\/wp\/v2\/posts\/101832\/revisions"}],"wp:featuredmedia":[{"embeddable":true,"href":"https:\/\/www.europesays.com\/fi\/wp-json\/wp\/v2\/media\/101833"}],"wp:attachment":[{"href":"https:\/\/www.europesays.com\/fi\/wp-json\/wp\/v2\/media?parent=101832"}],"wp:term":[{"taxonomy":"category","embeddable":true,"href":"https:\/\/www.europesays.com\/fi\/wp-json\/wp\/v2\/categories?post=101832"},{"taxonomy":"post_tag","embeddable":true,"href":"https:\/\/www.europesays.com\/fi\/wp-json\/wp\/v2\/tags?post=101832"}],"curies":[{"name":"wp","href":"https:\/\/api.w.org\/{rel}","templated":true}]}}