{"id":101847,"date":"2025-11-27T22:33:08","date_gmt":"2025-11-27T22:33:08","guid":{"rendered":"https:\/\/www.europesays.com\/fi\/101847\/"},"modified":"2025-11-27T22:33:08","modified_gmt":"2025-11-27T22:33:08","slug":"rocktahti-kiinnitettiin-radio-rockin-juontajaksi-stara-fi","status":"publish","type":"post","link":"https:\/\/www.europesays.com\/fi\/101847\/","title":{"rendered":"Rockt\u00e4hti kiinnitettiin Radio Rockin juontajaksi \u2013 Stara.fi"},"content":{"rendered":"<p>Laulaja Joel Hokka tunnetaan suomalaisen rock- ja metallimusiikin n\u00e4ytt\u00e4v\u00e4n\u00e4 ja vahva\u00e4\u00e4nisen\u00e4 esiintyj\u00e4n\u00e4. H\u00e4n nousi suuren yleis\u00f6n tietoisuuteen Blind Channel -yhtyeen keulahahmona. Sittemmin Hokka on jatkanut musiikkia my\u00f6s soolona ja luotsaa nykyisin omaa b\u00e4ndi\u00e4\u00e4n.<\/p>\n<p>Nyt Hokka yll\u00e4tt\u00e4\u00e4 urallaan uudella aluevaltauksella ja hypp\u00e4\u00e4 radiojuontajaksi Radio Rockin taajuuksille. P\u00e4\u00e4t\u00f6s ei ole t\u00e4ysin tuulesta temmattu, sill\u00e4 karismaattinen esiintyj\u00e4 ja sujuvasanainen mies osaa keskustella rennosti yleis\u00f6n kanssa.<\/p>\n<p>Hokka kertoi Radio Rockin somep\u00e4ivityksess\u00e4 innostuksestaan p\u00e4\u00e4st\u00e4 aalloille iltaisin. H\u00e4nen mukaansa radiojuontaminen on tuntunut yll\u00e4tt\u00e4v\u00e4n luontevalta. H\u00e4n my\u00f6s kiitti kollega-Kuroselta saamiaan oppeja.<\/p>\n<p>\u2013 Moi jengi. Meitsi kertomassa iltasatuja teille valikoituina iltoina Radio Rockin taajuuksilla muun muassa t\u00e4n\u00e4\u00e4n ja huomenna. Oon saanut Kuroselta niin hyv\u00e4t opit ett\u00e4 nyt uskaltaa vet\u00e4\u00e4 jo yksinkin, Hokka veistelee.<\/p>\n<p>\u2013 \u00c4iti sanoi ett\u00e4 opin puhumaan jo alle 2-vuotiaana kolmesanaisia lauseita eli ehk\u00e4 t\u00e4\u00e4 radiojuontajan larppaaminenkin on itsens\u00e4 toteuttava profetia. Heitt\u00e4k\u00e4\u00e4 toivebiisei ja tsemppej\u00e4. Kuulolle 18 reik\u00e4 reik\u00e4.<\/p>\n<blockquote class=\"instagram-media\" data-instgrm-captioned=\"\" data-instgrm-permalink=\"https:\/\/www.instagram.com\/p\/DRhI6RADW3L\/?utm_source=ig_embed&amp;utm_campaign=loading\" data-instgrm-version=\"14\" style=\" background:#FFF; border:0; border-radius:3px; box-shadow:0 0 1px 0 rgba(0,0,0,0.5),0 1px 10px 0 rgba(0,0,0,0.15); margin: 1px; max-width:540px; min-width:326px; padding:0; width:99.375%; width:-webkit-calc(100% - 2px); width:calc(100% - 2px);\">\n<\/blockquote>\n<p>\n\t\t\t\tVoit lukea Starassa my\u00f6s lis\u00e4\u00e4 t\u00e4h\u00e4n kyseiseen artikkeliin liittyvist\u00e4 aiheista, kuten <a href=\"https:\/\/www.stara.fi\/asiasanat\/blind-channel\/\" rel=\"tag nofollow noopener\" target=\"_blank\">Blind Channel<\/a>, <a href=\"https:\/\/www.stara.fi\/asiasanat\/radio-rock\/\" rel=\"tag nofollow noopener\" target=\"_blank\">Radio Rock<\/a> tai laajemmin aihealueesta <a href=\"https:\/\/www.stara.fi\/category\/viihdeuutiset\/\" rel=\"category tag nofollow noopener\" target=\"_blank\">Viihdeuutiset<\/a>.\n\t\t\t<\/p>\n<p>\t\t\t\t\t<script async src=\"\/\/www.instagram.com\/embed.js\"><\/script><\/p>\n","protected":false},"excerpt":{"rendered":"Laulaja Joel Hokka tunnetaan suomalaisen rock- ja metallimusiikin n\u00e4ytt\u00e4v\u00e4n\u00e4 ja vahva\u00e4\u00e4nisen\u00e4 esiintyj\u00e4n\u00e4. H\u00e4n nousi suuren yleis\u00f6n tietoisuuteen Blind&hellip;\n","protected":false},"author":2,"featured_media":101848,"comment_status":"","ping_status":"","sticky":false,"template":"","format":"standard","meta":{"footnotes":""},"categories":[136],"tags":[407,137,33,31,30,408,32,109],"class_list":{"0":"post-101847","1":"post","2":"type-post","3":"status-publish","4":"format-standard","5":"has-post-thumbnail","7":"category-julkkikset","8":"tag-celebrities","9":"tag-entertainment","10":"tag-fi","11":"tag-finland","12":"tag-finnish","13":"tag-julkkikset","14":"tag-suomi","15":"tag-viihde"},"share_on_mastodon":{"url":"https:\/\/pubeurope.com\/@fi\/115624044334370624","error":""},"_links":{"self":[{"href":"https:\/\/www.europesays.com\/fi\/wp-json\/wp\/v2\/posts\/101847","targetHints":{"allow":["GET"]}}],"collection":[{"href":"https:\/\/www.europesays.com\/fi\/wp-json\/wp\/v2\/posts"}],"about":[{"href":"https:\/\/www.europesays.com\/fi\/wp-json\/wp\/v2\/types\/post"}],"author":[{"embeddable":true,"href":"https:\/\/www.europesays.com\/fi\/wp-json\/wp\/v2\/users\/2"}],"replies":[{"embeddable":true,"href":"https:\/\/www.europesays.com\/fi\/wp-json\/wp\/v2\/comments?post=101847"}],"version-history":[{"count":0,"href":"https:\/\/www.europesays.com\/fi\/wp-json\/wp\/v2\/posts\/101847\/revisions"}],"wp:featuredmedia":[{"embeddable":true,"href":"https:\/\/www.europesays.com\/fi\/wp-json\/wp\/v2\/media\/101848"}],"wp:attachment":[{"href":"https:\/\/www.europesays.com\/fi\/wp-json\/wp\/v2\/media?parent=101847"}],"wp:term":[{"taxonomy":"category","embeddable":true,"href":"https:\/\/www.europesays.com\/fi\/wp-json\/wp\/v2\/categories?post=101847"},{"taxonomy":"post_tag","embeddable":true,"href":"https:\/\/www.europesays.com\/fi\/wp-json\/wp\/v2\/tags?post=101847"}],"curies":[{"name":"wp","href":"https:\/\/api.w.org\/{rel}","templated":true}]}}