{"id":101853,"date":"2025-11-27T22:41:12","date_gmt":"2025-11-27T22:41:12","guid":{"rendered":"https:\/\/www.europesays.com\/fi\/101853\/"},"modified":"2025-11-27T22:41:12","modified_gmt":"2025-11-27T22:41:12","slug":"il-lasse-norreksen-hautajaiset-ovat-tanaan","status":"publish","type":"post","link":"https:\/\/www.europesays.com\/fi\/101853\/","title":{"rendered":"IL: Lasse Norreksen hautajaiset ovat t\u00e4n\u00e4\u00e4n"},"content":{"rendered":"<p><strong class=\"typography-bold\">Iltalehden mukaan Lasse Norreksen siunaustilaisuus j\u00e4rjestet\u00e4\u00e4n t\u00e4n\u00e4\u00e4n Helsingin Hietaniemess\u00e4.<\/strong><\/p>\n<p>Viihdealan yritt\u00e4j\u00e4 ja musiikkivaikuttaja <a class=\"underline\" data-testid=\"internal-link\" role=\"link\" data-sentry-element=\"Link\" data-sentry-component=\"InternalLink\" data-sentry-source-file=\"InternalLink.tsx\" href=\"https:\/\/www.mtvuutiset.fi\/aihe\/lasse-norres\/5097466\" rel=\"nofollow noopener\" target=\"_blank\"><strong class=\"typography-bold\">Lasse Norres<\/strong><\/a><strong class=\"typography-bold\"> <\/strong>menehtyi perjantaina 14. marraskuuta. Sy\u00f6p\u00e4\u00e4 sairastanut Norres oli <a class=\"underline\" data-testid=\"internal-link\" role=\"link\" data-sentry-element=\"Link\" data-sentry-component=\"InternalLink\" data-sentry-source-file=\"InternalLink.tsx\" href=\"https:\/\/www.mtvuutiset.fi\/artikkeli\/lasse-norres-on-kuollut\/9255926\" rel=\"nofollow noopener\" target=\"_blank\">kuollessaan 73-vuotias<\/a>.\u00a0<\/p>\n<p><a class=\"underline\" data-testid=\"external-link\" href=\"https:\/\/www.iltalehti.fi\/viihdeuutiset\/a\/a533f73f-fc8e-4078-bef4-40f4f6142d08?_gl=1*zt3k7g*_ga*MTg4MjU2ODc1Ni4xNjk4MDM2MTkw*_ga_3L539PMN3X*czE3NjQyMjI5MzYkbzU3NiRnMCR0MTc2NDIyMjkzNiRqNjAkbDAkaDA\" rel=\"noopener noreferrer nofollow\" target=\"_blank\" data-sentry-component=\"ExternalLink\" data-sentry-source-file=\"ExternalLink.tsx\">Iltalehti<\/a> uutisoi torstaina 27. marraskuuta, ett\u00e4 Norres saatetaan viimeiselle matkalleen t\u00e4n\u00e4\u00e4n Helsingiss\u00e4. Lehden haastattelussa Norreksen pitk\u00e4aikainen yst\u00e4v\u00e4, muusikko <a class=\"underline\" data-testid=\"internal-link\" role=\"link\" data-sentry-element=\"Link\" data-sentry-component=\"InternalLink\" data-sentry-source-file=\"InternalLink.tsx\" href=\"https:\/\/www.mtvuutiset.fi\/aihe\/remu-aaltonen\/2839332\" rel=\"nofollow noopener\" target=\"_blank\"><strong class=\"typography-bold\">Remu Aaltonen<\/strong><\/a><strong class=\"typography-bold\"> <\/strong>kertoo, ett\u00e4 Norres tullaan tuhkaamaan Hietaniemen krematoriossa.\u00a0<\/p>\n<p>Aaltonen kertoo my\u00f6s aikovansa menn\u00e4 siunaustilaisuuteen, mutta j\u00e4tt\u00e4v\u00e4ns\u00e4 muistotilaisuuden v\u00e4liin. Norres ja Aaltonen olivat l\u00e4heisi\u00e4 yst\u00e4vi\u00e4 nuoresta i\u00e4st\u00e4 l\u00e4htien.\u00a0<\/p>\n<p>\u2013 H\u00e4n oli kuin veli. H\u00e4n hoiti asioitani niin kauan kuin tunsimme. Tuollaista j\u00e4tk\u00e4\u00e4 en l\u00f6yd\u00e4 mist\u00e4\u00e4n, ei sellaisia ole. H\u00e4n oli luotettava, hoiti kaikki asiat asiallisesti ja kaikki tykk\u00e4siv\u00e4t h\u00e4nest\u00e4. Kukan ei ikin\u00e4 puhunut paskaa tai huonoa sanaa siit\u00e4 kaverista, Aaltonen kuvailee Norresta Iltalehdelle.<\/p>\n<p>Lehden mukaan Norreksen leski <strong class=\"typography-bold\">Sari Norres <\/strong>kertoo puolisonsa suunnitelleen itse hautajaisensa.\u00a0<\/p>\n<p>\u2013 Lasse oli tapansa mukaan ne jo itse suunnitellut. H\u00e4n ehti mietti\u00e4 kaiken valmiiksi ja kertoa toiveensa. Ihan musiikista l\u00e4htien h\u00e4n on valinnut kaiken, Sari Norres kertoo.\u00a0<\/p>\n","protected":false},"excerpt":{"rendered":"Iltalehden mukaan Lasse Norreksen siunaustilaisuus j\u00e4rjestet\u00e4\u00e4n t\u00e4n\u00e4\u00e4n Helsingin Hietaniemess\u00e4. Viihdealan yritt\u00e4j\u00e4 ja musiikkivaikuttaja Lasse Norres menehtyi perjantaina 14.&hellip;\n","protected":false},"author":2,"featured_media":101854,"comment_status":"","ping_status":"","sticky":false,"template":"","format":"standard","meta":{"footnotes":""},"categories":[130],"tags":[137,33,31,30,32,109],"class_list":{"0":"post-101853","1":"post","2":"type-post","3":"status-publish","4":"format-standard","5":"has-post-thumbnail","7":"category-viihde","8":"tag-entertainment","9":"tag-fi","10":"tag-finland","11":"tag-finnish","12":"tag-suomi","13":"tag-viihde"},"share_on_mastodon":{"url":"https:\/\/pubeurope.com\/@fi\/115624075858794397","error":""},"_links":{"self":[{"href":"https:\/\/www.europesays.com\/fi\/wp-json\/wp\/v2\/posts\/101853","targetHints":{"allow":["GET"]}}],"collection":[{"href":"https:\/\/www.europesays.com\/fi\/wp-json\/wp\/v2\/posts"}],"about":[{"href":"https:\/\/www.europesays.com\/fi\/wp-json\/wp\/v2\/types\/post"}],"author":[{"embeddable":true,"href":"https:\/\/www.europesays.com\/fi\/wp-json\/wp\/v2\/users\/2"}],"replies":[{"embeddable":true,"href":"https:\/\/www.europesays.com\/fi\/wp-json\/wp\/v2\/comments?post=101853"}],"version-history":[{"count":0,"href":"https:\/\/www.europesays.com\/fi\/wp-json\/wp\/v2\/posts\/101853\/revisions"}],"wp:featuredmedia":[{"embeddable":true,"href":"https:\/\/www.europesays.com\/fi\/wp-json\/wp\/v2\/media\/101854"}],"wp:attachment":[{"href":"https:\/\/www.europesays.com\/fi\/wp-json\/wp\/v2\/media?parent=101853"}],"wp:term":[{"taxonomy":"category","embeddable":true,"href":"https:\/\/www.europesays.com\/fi\/wp-json\/wp\/v2\/categories?post=101853"},{"taxonomy":"post_tag","embeddable":true,"href":"https:\/\/www.europesays.com\/fi\/wp-json\/wp\/v2\/tags?post=101853"}],"curies":[{"name":"wp","href":"https:\/\/api.w.org\/{rel}","templated":true}]}}