{"id":101858,"date":"2025-11-27T22:46:08","date_gmt":"2025-11-27T22:46:08","guid":{"rendered":"https:\/\/www.europesays.com\/fi\/101858\/"},"modified":"2025-11-27T22:46:08","modified_gmt":"2025-11-27T22:46:08","slug":"auto-tormasi-puuhun-kannonkoskella-keski-suomi","status":"publish","type":"post","link":"https:\/\/www.europesays.com\/fi\/101858\/","title":{"rendered":"Auto t\u00f6rm\u00e4si puuhun Kannonkoskella | Keski-Suomi"},"content":{"rendered":"<p>Henkil\u00f6auto t\u00f6rm\u00e4si puuhun ulosajossa Kannonkoskella torstai-iltana. Kahdesta autossa olleesta henkil\u00f6st\u00e4 kumpikaan ei loukkaantunut onnettomuudessa vakavasti.<\/p>\n<p>Pelastuslaitos sai h\u00e4lytyksen Vuorilahdentielle Kannonkosken ja Viitasaaren rajan tuntumaan ennen kello kymment\u00e4.<\/p>\n","protected":false},"excerpt":{"rendered":"Henkil\u00f6auto t\u00f6rm\u00e4si puuhun ulosajossa Kannonkoskella torstai-iltana. Kahdesta autossa olleesta henkil\u00f6st\u00e4 kumpikaan ei loukkaantunut onnettomuudessa vakavasti. Pelastuslaitos sai h\u00e4lytyksen&hellip;\n","protected":false},"author":2,"featured_media":25034,"comment_status":"","ping_status":"","sticky":false,"template":"","format":"standard","meta":{"footnotes":""},"categories":[12],"tags":[22,23,26,27,33,31,30,17,588,24,25,121,28,29,15,120,18,21,122,54,590,32,19,20,16,589],"class_list":{"0":"post-101858","1":"post","2":"type-post","3":"status-publish","4":"format-standard","5":"has-post-thumbnail","7":"category-suomi","8":"tag-breaking-news","9":"tag-breakingnews","10":"tag-featured-news","11":"tag-featurednews","12":"tag-fi","13":"tag-finland","14":"tag-finnish","15":"tag-headlines","16":"tag-kannonkoski","17":"tag-latest-news","18":"tag-latestnews","19":"tag-liikenne-ja-kuljetus","20":"tag-main-news","21":"tag-mainnews","22":"tag-news","23":"tag-onnettomuustapaus","24":"tag-otsikot","25":"tag-paauutiset","26":"tag-pelastaminen","27":"tag-pelastuspalvelut","28":"tag-saarijarven-viitasaaren-seutukunta","29":"tag-suomi","30":"tag-top-stories","31":"tag-topstories","32":"tag-uutiset","33":"tag-viitasaari"},"share_on_mastodon":{"url":"https:\/\/pubeurope.com\/@fi\/115624095487061736","error":""},"_links":{"self":[{"href":"https:\/\/www.europesays.com\/fi\/wp-json\/wp\/v2\/posts\/101858","targetHints":{"allow":["GET"]}}],"collection":[{"href":"https:\/\/www.europesays.com\/fi\/wp-json\/wp\/v2\/posts"}],"about":[{"href":"https:\/\/www.europesays.com\/fi\/wp-json\/wp\/v2\/types\/post"}],"author":[{"embeddable":true,"href":"https:\/\/www.europesays.com\/fi\/wp-json\/wp\/v2\/users\/2"}],"replies":[{"embeddable":true,"href":"https:\/\/www.europesays.com\/fi\/wp-json\/wp\/v2\/comments?post=101858"}],"version-history":[{"count":0,"href":"https:\/\/www.europesays.com\/fi\/wp-json\/wp\/v2\/posts\/101858\/revisions"}],"wp:featuredmedia":[{"embeddable":true,"href":"https:\/\/www.europesays.com\/fi\/wp-json\/wp\/v2\/media\/25034"}],"wp:attachment":[{"href":"https:\/\/www.europesays.com\/fi\/wp-json\/wp\/v2\/media?parent=101858"}],"wp:term":[{"taxonomy":"category","embeddable":true,"href":"https:\/\/www.europesays.com\/fi\/wp-json\/wp\/v2\/categories?post=101858"},{"taxonomy":"post_tag","embeddable":true,"href":"https:\/\/www.europesays.com\/fi\/wp-json\/wp\/v2\/tags?post=101858"}],"curies":[{"name":"wp","href":"https:\/\/api.w.org\/{rel}","templated":true}]}}